{"id":56291,"date":"2024-03-12T13:10:07","date_gmt":"2024-03-12T12:10:07","guid":{"rendered":"https:\/\/www.conselharan.org\/aguesta-dimenjada-se-celebre-era-corsa-aran-pes-hemnes-damb-un-nau-format-de-relheus-collaboratius\/"},"modified":"2024-03-12T13:13:26","modified_gmt":"2024-03-12T12:13:26","slug":"aguesta-dimenjada-se-celebre-era-corsa-aran-pes-hemnes-damb-un-nau-format-de-relheus-collaboratius","status":"publish","type":"post","link":"https:\/\/www.conselharan.org\/es\/aguesta-dimenjada-se-celebre-era-corsa-aran-pes-hemnes-damb-un-nau-format-de-relheus-collaboratius\/","title":{"rendered":"Este fin de semana se celebra la Cursa Aran por las Mujeres con un nuevo formato de relevos colaborativos"},"content":{"rendered":"<p><a href=\"https:\/\/www.conselharan.org\/wp-content\/uploads\/2024\/03\/A4-ta-hilats.png\"><img loading=\"lazy\" decoding=\"async\" class=\"aligncenter wp-image-56285 size-large\" src=\"https:\/\/www.conselharan.org\/wp-content\/uploads\/2024\/03\/A4-ta-hilats-819x1024.png\" alt=\"\" width=\"819\" height=\"1024\" srcset=\"https:\/\/www.conselharan.org\/wp-content\/uploads\/2024\/03\/A4-ta-hilats-819x1024.png 819w, https:\/\/www.conselharan.org\/wp-content\/uploads\/2024\/03\/A4-ta-hilats-240x300.png 240w, https:\/\/www.conselharan.org\/wp-content\/uploads\/2024\/03\/A4-ta-hilats-768x960.png 768w, https:\/\/www.conselharan.org\/wp-content\/uploads\/2024\/03\/A4-ta-hilats.png 1080w\" sizes=\"(max-width: 819px) 100vw, 819px\" \/><\/a><\/p>\n<ul>\n<li>\n<h3><strong>El domingo 17 a las 11 horas tendr\u00e1 lugar la X Cursa Aran por las Mujeres, que este a\u00f1o el Conselh Generau d\u2019Aran ha planteado con un nuevo modelo que defiende una perspectiva no competitiva, fomenta la sororidad entre mujeres y quiere eludir la competici\u00f3n entre ellas<\/strong><\/h3>\n<\/li>\n<\/ul>\n<p>El Conselh Generau d\u2019Aran, a trav\u00e9s de sus Servicios Asistenciales Integrados y Oficina de Juventud, en colaboraci\u00f3n con el Instituto de Aran, los Voluntarios Val d\u2019Aran y Adda, ha organizado la X Cursa Aran por las Mujeres, que este a\u00f1o presenta un nuevo modelo de cursa colaborativa por relevos.<\/p>\n<p>Esta cursa, que tendr\u00e1 lugar el 17 de marzo, se presenta como un evento cultural, social y simb\u00f3lico que da apoyo a la visibilidad y resistencia de las mujeres en nuestro territorio.<\/p>\n<p>Este modelo nuevo defiende una perspectiva no competitiva, fomenta la sororidad entre mujeres y quiere eludir la competici\u00f3n entre ellas. Es una cursa donde se participa en grupo y el objetivo de los relevos es pasar un testigo de mano en mano para leerlo al acabar.<\/p>\n<p>El recorrido cuenta con cuatro puntos clave, el primero y el \u00faltimo de los cuales es la Plaza de Aran, frente al Conselh Generau d\u2019Aran. En cada punto clave habr\u00e1 un grupo de gente, con las personas que se ocupan de llevar el relevo con banderas que animan a las personas que participan en la cursa y que esperan a que llegue el grupo anterior. Cuando el grupo llegue, se har\u00e1 el cambio de relevo para que otras mujeres abran la cursa y lleven el testigo, y los dos grupos juntos seguir\u00e1n corriendo detr\u00e1s suyo.<\/p>\n<p>Los grupos ser\u00e1n acumulativos y esta din\u00e1mica ser\u00e1 sucesiva hasta el tercer punto, donde se har\u00e1 el \u00faltimo cambio de relevo y ah\u00ed, todo el mundo a la vez, podr\u00e1 entrar en la \u201cllegada en grupo\u201d detr\u00e1s de las personas que lleven el relevo.<\/p>\n<p>El 17 de marzo a las 11:00 empezar\u00e1 la cursa, pero a partir de las 10:00 habr\u00e1 miembros de la organizaci\u00f3n en todos los puntos clave para librar a todos los participantes el dorsal y un regalo por su participaci\u00f3n.<\/p>\n<p>En la inscripci\u00f3n se pedir\u00e1 a las personas que se inscriben en qu\u00e9 punto quieren a\u00f1adirse, y se har\u00e1n grupos en cada lugar. Es importante que las personas inscritas vayan al punto exacto en el que se han apuntado para organizar el material y estar preparados para cuando empiece la cursa. Las inscripciones se pueden realizar en el siguiente enlace: <a href=\"https:\/\/www.inscripcions.cat\/corsaaranpeshemnes2024\/\">https:\/\/www.inscripcions.cat\/corsaaranpeshemnes2024\/<\/a><\/p>\n ","protected":false},"excerpt":{"rendered":"<p>El domingo 17 a las 11 horas tendr\u00e1 lugar la X Cursa Aran por las Mujeres, que este a\u00f1o el Conselh Generau d\u2019Aran ha planteado con un nuevo modelo que defiende una perspectiva no competitiva, fomenta la sororidad entre mujeres y quiere eludir la competici\u00f3n entre ellas El Conselh Generau d\u2019Aran, a trav\u00e9s de sus&#8230;<\/p>\n","protected":false},"author":10,"featured_media":56288,"comment_status":"closed","ping_status":"closed","sticky":false,"template":"","format":"standard","meta":{"footnotes":""},"categories":[135],"tags":[],"_links":{"self":[{"href":"https:\/\/www.conselharan.org\/es\/wp-json\/wp\/v2\/posts\/56291"}],"collection":[{"href":"https:\/\/www.conselharan.org\/es\/wp-json\/wp\/v2\/posts"}],"about":[{"href":"https:\/\/www.conselharan.org\/es\/wp-json\/wp\/v2\/types\/post"}],"author":[{"embeddable":true,"href":"https:\/\/www.conselharan.org\/es\/wp-json\/wp\/v2\/users\/10"}],"replies":[{"embeddable":true,"href":"https:\/\/www.conselharan.org\/es\/wp-json\/wp\/v2\/comments?post=56291"}],"version-history":[{"count":1,"href":"https:\/\/www.conselharan.org\/es\/wp-json\/wp\/v2\/posts\/56291\/revisions"}],"predecessor-version":[{"id":56292,"href":"https:\/\/www.conselharan.org\/es\/wp-json\/wp\/v2\/posts\/56291\/revisions\/56292"}],"wp:featuredmedia":[{"embeddable":true,"href":"https:\/\/www.conselharan.org\/es\/wp-json\/wp\/v2\/media\/56288"}],"wp:attachment":[{"href":"https:\/\/www.conselharan.org\/es\/wp-json\/wp\/v2\/media?parent=56291"}],"wp:term":[{"taxonomy":"category","embeddable":true,"href":"https:\/\/www.conselharan.org\/es\/wp-json\/wp\/v2\/categories?post=56291"},{"taxonomy":"post_tag","embeddable":true,"href":"https:\/\/www.conselharan.org\/es\/wp-json\/wp\/v2\/tags?post=56291"}],"curies":[{"name":"wp","href":"https:\/\/api.w.org\/{rel}","templated":true}]}}