{"id":56315,"date":"2024-03-14T14:11:16","date_gmt":"2024-03-14T13:11:16","guid":{"rendered":"https:\/\/www.conselharan.org\/eth-govern-daran-cerque-solucions-ara-manca-de-viuenda-assequibla-e-inste-as-administracions-competentes-a-actuar\/"},"modified":"2024-03-14T14:13:20","modified_gmt":"2024-03-14T13:13:20","slug":"eth-govern-daran-cerque-solucions-ara-manca-de-viuenda-assequibla-e-inste-as-administracions-competentes-a-actuar","status":"publish","type":"post","link":"https:\/\/www.conselharan.org\/es\/eth-govern-daran-cerque-solucions-ara-manca-de-viuenda-assequibla-e-inste-as-administracions-competentes-a-actuar\/","title":{"rendered":"El gobierno de Aran busca soluciones a la falta de vivienda asequible e insta a las administraciones competentes a actuar"},"content":{"rendered":"<p><a href=\"https:\/\/www.conselharan.org\/wp-content\/uploads\/2024\/03\/QPI3g1cD.jpeg\"><img loading=\"lazy\" decoding=\"async\" class=\"aligncenter wp-image-56309 size-large\" src=\"https:\/\/www.conselharan.org\/wp-content\/uploads\/2024\/03\/QPI3g1cD-1024x619.jpeg\" alt=\"\" width=\"1024\" height=\"619\" srcset=\"https:\/\/www.conselharan.org\/wp-content\/uploads\/2024\/03\/QPI3g1cD-1024x619.jpeg 1024w, https:\/\/www.conselharan.org\/wp-content\/uploads\/2024\/03\/QPI3g1cD-300x181.jpeg 300w, https:\/\/www.conselharan.org\/wp-content\/uploads\/2024\/03\/QPI3g1cD-768x464.jpeg 768w, https:\/\/www.conselharan.org\/wp-content\/uploads\/2024\/03\/QPI3g1cD.jpeg 1460w\" sizes=\"(max-width: 1024px) 100vw, 1024px\" \/><\/a><\/p>\n<ul>\n<li>\n<h3><strong>La s\u00edndica de Aran ha hecho llegar una carta a la Ministra de Vivienda para explicarle la situaci\u00f3n actual y solicitar que la normativa estatal pueda contemplar las zonas tur\u00edsticas dentro de los criterios para declarar un territorio como tensionado en materia de vivienda<\/strong><\/h3>\n<\/li>\n<li>\n<h3><strong>El gobierno de Aran pidi\u00f3 el a\u00f1o pasado a la Generalitat de Catalunya la creaci\u00f3n de una Comisi\u00f3n Mixta para abordar la problem\u00e1tica y solicit\u00f3, asimismo, el traspaso competencial que en este \u00e1mbito prev\u00e9 la Ley de Aran para contar con los instrumentos y recursos necesarios<\/strong><\/h3>\n<\/li>\n<li>\n<h3><strong>La m\u00e1xima instituci\u00f3n aranesa continua trabajando en el Plan de Vivienda de la Val d\u2019Aran, a la espera de recibir respuesta de las dem\u00e1s administraciones para poder aplicar medidas urgentes que permitan destensar la situaci\u00f3n actual y garantizar el derecho a una vivienda digna de los araneses y aranesas<\/strong><\/h3>\n<\/li>\n<\/ul>\n<p>El gobierno de Aran continua trabajando para buscar soluciones a la grave situaci\u00f3n de falta de vivienda asequible que sufre el pa\u00eds y que necesita la actuaci\u00f3n conjunta de todas las administraciones competentes.<\/p>\n<p>\u201cPara el gobierno de Aran esta es una cuesti\u00f3n primordial, porque afecta de manera directa en la vida de los araneses y aranesas y en el desarrollo de nuestro territorio\u201d, afirmaba la s\u00edndica de Aran, Maria Verg\u00e9s, a\u00f1adiendo que: \u201cadem\u00e1s del Plan de Vivienda de la Val d\u2019Aran, en el que llevamos un a\u00f1o trabajando y con el que esperamos poder impulsar acciones en este \u00e1mbito para facilitar el acceso a la vivienda, tambi\u00e9n hemos solicitado tanto a la Generalitat como al gobierno del Estado que tomen medidas para revertir la situaci\u00f3n actual\u201d.<\/p>\n<p>Uno de los primeros datos obtenidos del estudio realizado para desarrollar el Plan de Vivienda de la Val d\u2019Aran, es que solo un 38% de la vivienda existente en nuestro territorio se destina a vivienda oficial. As\u00ed mismo, seg\u00fan los datos de Incas\u00f2l del pasado mes de diciembre, el precio del alquiler en aran se ha doblado en solo un a\u00f1o, situ\u00e1ndose en los 788,64\u20ac de media.<\/p>\n<p>La s\u00edndica de Aran, en una misiva dirigida a la ministra de Vivienda y Agenda Urbana, ha solicitado al Estado que revise el marco de reconocimiento de la tipolog\u00eda de \u201cmunicipios tensionados\u201d para que queden incluidos aquellos que, por su car\u00e1cter tur\u00edstico, tienen limitado el acceso a la vivienda para los colectivos vulnerables, como es el caso de la Val d\u2019Aran; y ha solicitado un encuentro con ella para poder tratar este asunto.<\/p>\n<p>El gobierno de Aran ya aprob\u00f3 en su Pleno del pasado 19 de enero, una Declaraci\u00f3n Institucional para que el Estado modifique los criterios para catalogar las \u00e1reas tensionadas en materia de vivienda, que se hizo llegar tambi\u00e9n a la Generalitat de Catalunya y los Ayuntamientos araneses.<\/p>\n<p>As\u00ed mismo, la m\u00e1xima instituci\u00f3n aranesa ha solicitado tambi\u00e9n en diversas ocasiones a la Generalitat de Catalunya el traspaso del \u00e1mbito competencial en materia de vivienda que le reconoce la Ley de R\u00e9gimen Especial.<\/p>\n<p>\u201cDesde el gobierno de Aran queremos, por un lado, ampliar el \u00e1mbito competencial que la Ley nos permite para ser proactivos y encontrar soluciones a corto plazo que nos permitan ir destensando la situaci\u00f3n actual y, por el otro lado, tambi\u00e9n queremos conseguir el compromiso de la Generalitat, que es quien tiene la competencia exclusiva en materia de vivienda, para, entre otras cuestiones, trabajar conjuntamente en la regulaci\u00f3n de las viviendas de uso tur\u00edstico, que es uno de los elementos que nos satura el parque de vivienda disponible\u201d, manifestaba tambi\u00e9n la s\u00edndica de Aran.<\/p>\n ","protected":false},"excerpt":{"rendered":"<p>La s\u00edndica de Aran ha hecho llegar una carta a la Ministra de Vivienda para explicarle la situaci\u00f3n actual y solicitar que la normativa estatal pueda contemplar las zonas tur\u00edsticas dentro de los criterios para declarar un territorio como tensionado en materia de vivienda El gobierno de Aran pidi\u00f3 el a\u00f1o pasado a la Generalitat&#8230;<\/p>\n","protected":false},"author":10,"featured_media":56312,"comment_status":"closed","ping_status":"closed","sticky":false,"template":"","format":"standard","meta":{"footnotes":""},"categories":[52],"tags":[],"_links":{"self":[{"href":"https:\/\/www.conselharan.org\/es\/wp-json\/wp\/v2\/posts\/56315"}],"collection":[{"href":"https:\/\/www.conselharan.org\/es\/wp-json\/wp\/v2\/posts"}],"about":[{"href":"https:\/\/www.conselharan.org\/es\/wp-json\/wp\/v2\/types\/post"}],"author":[{"embeddable":true,"href":"https:\/\/www.conselharan.org\/es\/wp-json\/wp\/v2\/users\/10"}],"replies":[{"embeddable":true,"href":"https:\/\/www.conselharan.org\/es\/wp-json\/wp\/v2\/comments?post=56315"}],"version-history":[{"count":2,"href":"https:\/\/www.conselharan.org\/es\/wp-json\/wp\/v2\/posts\/56315\/revisions"}],"predecessor-version":[{"id":56317,"href":"https:\/\/www.conselharan.org\/es\/wp-json\/wp\/v2\/posts\/56315\/revisions\/56317"}],"wp:featuredmedia":[{"embeddable":true,"href":"https:\/\/www.conselharan.org\/es\/wp-json\/wp\/v2\/media\/56312"}],"wp:attachment":[{"href":"https:\/\/www.conselharan.org\/es\/wp-json\/wp\/v2\/media?parent=56315"}],"wp:term":[{"taxonomy":"category","embeddable":true,"href":"https:\/\/www.conselharan.org\/es\/wp-json\/wp\/v2\/categories?post=56315"},{"taxonomy":"post_tag","embeddable":true,"href":"https:\/\/www.conselharan.org\/es\/wp-json\/wp\/v2\/tags?post=56315"}],"curies":[{"name":"wp","href":"https:\/\/api.w.org\/{rel}","templated":true}]}}