{"id":56634,"date":"2024-03-26T12:32:50","date_gmt":"2024-03-26T11:32:50","guid":{"rendered":"https:\/\/www.conselharan.org\/era-val-daran-acuelhera-era-presentacion-e-estrea-deth-film-canigo\/"},"modified":"2024-03-26T12:34:08","modified_gmt":"2024-03-26T11:34:08","slug":"era-val-daran-acuelhera-era-presentacion-e-estrea-deth-film-canigo","status":"publish","type":"post","link":"https:\/\/www.conselharan.org\/es\/era-val-daran-acuelhera-era-presentacion-e-estrea-deth-film-canigo\/","title":{"rendered":"La Val d\u2019Aran acoger\u00e1 la presentaci\u00f3n y estreno del film Canig\u00f3"},"content":{"rendered":"<p><a href=\"https:\/\/www.conselharan.org\/wp-content\/uploads\/2024\/03\/3A60EFDE-27DC-4936-9CBC-BECF203A440C.jpeg\"><img loading=\"lazy\" decoding=\"async\" class=\"aligncenter wp-image-56628 size-large\" src=\"https:\/\/www.conselharan.org\/wp-content\/uploads\/2024\/03\/3A60EFDE-27DC-4936-9CBC-BECF203A440C-811x1024.jpeg\" alt=\"\" width=\"811\" height=\"1024\" srcset=\"https:\/\/www.conselharan.org\/wp-content\/uploads\/2024\/03\/3A60EFDE-27DC-4936-9CBC-BECF203A440C-811x1024.jpeg 811w, https:\/\/www.conselharan.org\/wp-content\/uploads\/2024\/03\/3A60EFDE-27DC-4936-9CBC-BECF203A440C-238x300.jpeg 238w, https:\/\/www.conselharan.org\/wp-content\/uploads\/2024\/03\/3A60EFDE-27DC-4936-9CBC-BECF203A440C-768x970.jpeg 768w, https:\/\/www.conselharan.org\/wp-content\/uploads\/2024\/03\/3A60EFDE-27DC-4936-9CBC-BECF203A440C-1216x1536.jpeg 1216w, https:\/\/www.conselharan.org\/wp-content\/uploads\/2024\/03\/3A60EFDE-27DC-4936-9CBC-BECF203A440C.jpeg 1414w\" sizes=\"(max-width: 811px) 100vw, 811px\" \/><\/a><\/p>\n<ul>\n<li>\n<h3><strong>El Conselh Generau d\u2019Aran, a trav\u00e9s del Museo de la Val d\u2019Aran, ha organizado dos actividades alrededor del estreno del metraje <em>Canig\u00f3<\/em>: una charla en el Museo el d\u00eda 4 de abril y el estreno y coloquio sobre el film el d\u00eda 5.<\/strong><\/h3>\n<\/li>\n<li>\n<h3><strong>El filme, producido por Film Explora y dirigido por Albert Naud\u00edn, narra la aventura de Jacint Verdaguer en el Pirineo en 1883 y ha contado con el patrocinio del gobierno de Aran y la colaboraci\u00f3n de los grupos de danzas de Aran, coordinadas a trav\u00e9s del Museo de la Val d\u2019Aran<\/strong><\/h3>\n<\/li>\n<\/ul>\n<p>La Val d\u2019Aran acoger\u00e1 la pr\u00f3xima semana, los d\u00edas 4 y 5 de abril, el estreno y presentaci\u00f3n del filem <em>Canig\u00f3<\/em>, con diversas actividades culturales y divulgativas sobre Jacint Verdaguer.<\/p>\n<p>El jueves d\u00eda 4 de abril, a las 19 horas, el Museo de la Val d\u2019Aran acoger\u00e1 la charla de Bernat Gasull, guionista del filme, bi\u00f3logo y estudioso de Jacint Verdaguer. La charla lleva como t\u00edtulo \u201cLa visita de Jacint Verdaguer a la Val d\u2019Aran en el verano de 1883\u201d y pondr\u00e1 en valor la vertiente m\u00e1s excursionista del poeta, as\u00ed como los lugares que le inspiraron para escribir su gran obra, el poema \u00e9pico Canig\u00f3 (Restanca, Lac de Mar, Valarties, Arties, Gessa, Montgarri, Maub\u00e8rme, la Gireta, MontVali\u00e8r y Coserans).<\/p>\n<p>El viernes d\u00eda 5 de abril, a las 19 horas, tendr\u00e1 lugar el estreno de la pel\u00edcula <em>Canig\u00f3<\/em> en la Sala Era Audiovisuau de Vielha. Este evento representa el primer estreno en el Pirineo y acabar\u00e1 con el coloquio por parte del guionista, Bernat Gasull, y el director, Albert Naud\u00edn. Durante todo el fin de semana, la pel\u00edcula podr\u00e1 verse en la Sala Era Audiovisuau como parte de su programaci\u00f3n.<\/p>\n<p>La charla del jueves d\u00eda 4 es gratuita, pero la capacidad del museo es limitada. Por otro lado, para asistir al estreno del film hay que contactar con el Museo de la Val d\u2019Aran para poder reservar y recoger las invitaciones. Durante los d\u00edas 6 y 7 la pel\u00edcula podr\u00e1 verse en cartelera, por ello el precio se regir\u00e1 siguiendo las tarifas habituales del cine.<\/p>\n<p>En 1883, Mos\u00e9n Cinto Verdaguer decide buscar la inspiraci\u00f3n en el Pirineo, para crear el Canto Cuarto del poema Canig\u00f3, un viaje imaginario por las monta\u00f1as en una calesa voladora. El viaje se organiz\u00f3 para poder llegar el d\u00eda 15 de agosto a Montgarri, coincidiendo con la romer\u00eda.<\/p>\n<p>La escena que recrea la romer\u00eda y la caridad cont\u00f3 con la participaci\u00f3n de los cuatro grupos de danza de Aran, coordinados a trav\u00e9s del Museo. El reparto del film est\u00e1 formado por actores como Llu\u00eds Soler, Santi Pocino, S\u00edlvia Bel y Xavier Boada. El guion, por parte de Bernat Gasull, se elabor\u00f3 a partir de un gran trabajo de documentaci\u00f3n y b\u00fasqueda in\u00e9dita hasta el momento, reconstruyendo y recuperando los pasos del poeta por todo el Pirineo.<\/p>\n ","protected":false},"excerpt":{"rendered":"<p>El Conselh Generau d\u2019Aran, a trav\u00e9s del Museo de la Val d\u2019Aran, ha organizado dos actividades alrededor del estreno del metraje Canig\u00f3: una charla en el Museo el d\u00eda 4 de abril y el estreno y coloquio sobre el film el d\u00eda 5. El filme, producido por Film Explora y dirigido por Albert Naud\u00edn, narra&#8230;<\/p>\n","protected":false},"author":10,"featured_media":56631,"comment_status":"closed","ping_status":"closed","sticky":false,"template":"","format":"standard","meta":{"footnotes":""},"categories":[34],"tags":[],"_links":{"self":[{"href":"https:\/\/www.conselharan.org\/es\/wp-json\/wp\/v2\/posts\/56634"}],"collection":[{"href":"https:\/\/www.conselharan.org\/es\/wp-json\/wp\/v2\/posts"}],"about":[{"href":"https:\/\/www.conselharan.org\/es\/wp-json\/wp\/v2\/types\/post"}],"author":[{"embeddable":true,"href":"https:\/\/www.conselharan.org\/es\/wp-json\/wp\/v2\/users\/10"}],"replies":[{"embeddable":true,"href":"https:\/\/www.conselharan.org\/es\/wp-json\/wp\/v2\/comments?post=56634"}],"version-history":[{"count":1,"href":"https:\/\/www.conselharan.org\/es\/wp-json\/wp\/v2\/posts\/56634\/revisions"}],"predecessor-version":[{"id":56635,"href":"https:\/\/www.conselharan.org\/es\/wp-json\/wp\/v2\/posts\/56634\/revisions\/56635"}],"wp:featuredmedia":[{"embeddable":true,"href":"https:\/\/www.conselharan.org\/es\/wp-json\/wp\/v2\/media\/56631"}],"wp:attachment":[{"href":"https:\/\/www.conselharan.org\/es\/wp-json\/wp\/v2\/media?parent=56634"}],"wp:term":[{"taxonomy":"category","embeddable":true,"href":"https:\/\/www.conselharan.org\/es\/wp-json\/wp\/v2\/categories?post=56634"},{"taxonomy":"post_tag","embeddable":true,"href":"https:\/\/www.conselharan.org\/es\/wp-json\/wp\/v2\/tags?post=56634"}],"curies":[{"name":"wp","href":"https:\/\/api.w.org\/{rel}","templated":true}]}}