{"id":56698,"date":"2024-04-02T14:56:26","date_gmt":"2024-04-02T12:56:26","guid":{"rendered":"https:\/\/www.conselharan.org\/era-poblacion-dos-en-pireneu-arribe-a-83-exemplars-en-2023\/"},"modified":"2024-04-02T14:58:37","modified_gmt":"2024-04-02T12:58:37","slug":"era-poblacion-dos-en-pireneu-arribe-a-83-exemplars-en-2023","status":"publish","type":"post","link":"https:\/\/www.conselharan.org\/es\/era-poblacion-dos-en-pireneu-arribe-a-83-exemplars-en-2023\/","title":{"rendered":"La poblaci\u00f3n de osos en el Pirineo llega a los 83 ejemplares en 2023"},"content":{"rendered":"<p><a href=\"https:\/\/www.conselharan.org\/wp-content\/uploads\/2024\/04\/3aa471bc-cdd5-40fc-ab54-ffbdc45cb32e.jpg\"><img loading=\"lazy\" decoding=\"async\" class=\"size-full wp-image-56692 aligncenter\" src=\"https:\/\/www.conselharan.org\/wp-content\/uploads\/2024\/04\/3aa471bc-cdd5-40fc-ab54-ffbdc45cb32e.jpg\" alt=\"\" width=\"1107\" height=\"862\" srcset=\"https:\/\/www.conselharan.org\/wp-content\/uploads\/2024\/04\/3aa471bc-cdd5-40fc-ab54-ffbdc45cb32e.jpg 1107w, https:\/\/www.conselharan.org\/wp-content\/uploads\/2024\/04\/3aa471bc-cdd5-40fc-ab54-ffbdc45cb32e-300x234.jpg 300w, https:\/\/www.conselharan.org\/wp-content\/uploads\/2024\/04\/3aa471bc-cdd5-40fc-ab54-ffbdc45cb32e-1024x797.jpg 1024w, https:\/\/www.conselharan.org\/wp-content\/uploads\/2024\/04\/3aa471bc-cdd5-40fc-ab54-ffbdc45cb32e-768x598.jpg 768w, https:\/\/www.conselharan.org\/wp-content\/uploads\/2024\/04\/3aa471bc-cdd5-40fc-ab54-ffbdc45cb32e-423x330.jpg 423w\" sizes=\"(max-width: 1107px) 100vw, 1107px\" \/><\/a><\/p>\n<ul>\n<li>\n<h3><strong>El Grupo de Seguimiento Transfronterizo del Oso pardo en el Pirineo, del cual forma parte el Conselh Generau d\u2019Aran, ha hecho balance de las actuaciones de conservaci\u00f3n y seguimiento de esta especie en 2023 en Aran, Catalunya, Francia, Andorra, Arag\u00f3n y Navarra<\/strong><\/h3>\n<\/li>\n<li>\n<h3><strong>En Aran y Catalunya, el n\u00famero de osos detectados el a\u00f1o pasado fue de 41, 23 ejemplares adultos, 10 subadultos y 8 cachorros<\/strong><\/h3>\n<\/li>\n<\/ul>\n<p>El Grupo de Seguimiento Transfronterizo del Oso pardo en el Pirineo (GSTOP) ha hecho el balance anual de la poblaci\u00f3n de oso pardo de 2023 y de las actuaciones de seguimiento y conservaci\u00f3n llevadas a cabo durante el ejercicio pasado. El GSTOP est\u00e1 formado por representantes del Conselh Generau d\u2019Aran, el Departamento de Acci\u00f3n Clim\u00e1tica, Alimentaci\u00f3n y Agenda Rural, el Cuerpo de Agentes Rurales, y los gobiernos de Andorra y Francia, Arag\u00f3n y Navarra.<\/p>\n<p>En 2023, en conjunto de los Pirineos, se han detectado 83 ejemplares de oso. Esta cifra corresponde al n\u00famero m\u00ednimo de osos detectados en un a\u00f1o y se revisa anualmente. Se trata de 37 hembras, 40 machos y 6 individuos de sexo no identificado. De estos, 43 son adultos potencialmente reproductores (26 hembras y 17 machos), 24 subadultos y 16 cr\u00edas. Seg\u00fan los c\u00e1lculos elaborados por el Grupo de Seguimiento Transfronterizo del Oso pardo en el Pirineo, se estima que la tasa media de crecimiento anual de la poblaci\u00f3n de oso en los \u00faltimos cuatro a\u00f1os ha sido del 10,94%.<\/p>\n<p>Por lo que hace a ejemplares que se dan por muertos o desaparecidos durante 2023, la cifra es de 7 (3 adultos y 4 subadultos). En este recuento de bajas, se contabilizan los ejemplares de los cuales se tiene evidencia de la muerte o bien no se ha tenido ning\u00fan indicio desde hace dos a\u00f1os.<\/p>\n<p>As\u00ed mismo, el \u00e1rea de distribuci\u00f3n total se estima en unos 7.100 km2, hecho que supone un aumento de 1.700 km2 respecto al 2022 y de 600 km2 respecto a 2021. Se extiende a lo largo de 230 km de este a oeste, desde el sureste del departamento franc\u00e9s de los Pirineos Orientales hasta el noreste de Navarra.<\/p>\n<p>Este aumento de la superficie es debido, principalmente, a diversos movimientos de dispersi\u00f3n de osos machos subadultos, en particular en los extremos oeste, este y sur del \u00e1mbito de distribuci\u00f3n. Desde 1996, la tendencia general de la medida del \u00e1rea de distribuci\u00f3n ha sido de aumento continuado, cosa que se refleja ampliamente en la tendencia demogr\u00e1fica de la poblaci\u00f3n.<\/p>\n<p>El seguimiento poblacional del oso se fundamenta en dos metodolog\u00edas de b\u00fasqueda de indicios de presencia de ejemplares: la primera, oportunista (da\u00f1os, observaciones, huellas, rastros, excrementos) y la segunda, sistem\u00e1tica (operaciones programadas). En 2023 se han confirmado 1.731 indicios de presencia en Francia\u00a0 (muestras de pelo: 33%, fotos y v\u00eddeos autom\u00e1ticos: 24%, depredaciones sobre animales dom\u00e9sticos o colmenas: 21%, excrementos: 12%, huellas y rastros: 5%, observaciones visuales: 4%), 1.175 en Espa\u00f1a (muestras de pelos: 45%, fotos y v\u00eddeos autom\u00e1ticos: 37%, observaciones visuales: 6%, excrementos: 4%, depredaciones 4%, otros tipos: 4%) y 11 indicios en Andorra.<\/p>\n<p><strong>41 ejemplares en el Pirineo catal\u00e1n<\/strong><\/p>\n<p>En Catalunya y Aran se dispone de 281 trampas sistem\u00e1ticas (c\u00e1maras fotogr\u00e1ficas y trampas de pelo) para detectar la presencia de osos, repartidas en 103 cuadr\u00edculas 4&#215;4 km y 12 cuadr\u00edculas 8&#215;8 km. Durante 2023 se han realizado 1.999 revisiones de las trampas sistem\u00e1ticas, de las cuales 1.562 fueron negativas (78,14%) y 437 positivas (21,86%).<\/p>\n<p>En el Pirineo catal\u00e1n, con todos los m\u00e9todos combinados, se han recogido 674 contactos de oso pardo (437 sistem\u00e1ticos y 237 oportunistas). Cada contacte puede generar uno o m\u00e1s indicios de oso (1.107 en total en 2023). En total se han recogido 502 muestras de pelo y se han realizado 384 fotograf\u00edas o v\u00eddeos con c\u00e1maras autom\u00e1ticas. Tambi\u00e9n se han recogido datos de consumici\u00f3n de alimentos (7), depredaciones (43), excrementos (46), observaciones (66), rastros y huellas (34) y otros (7).<\/p>\n<p>Todos estos m\u00e9todos han servido para identificar una poblaci\u00f3n de 41 ejemplares este 2023 en Aran y las comarcas del Pallars Sobir\u00e0, Pallars Juss\u00e0 y la Alta Ribagor\u00e7a. Se trata de 23 ejemplares adultos, 10 subadultos e 8 cachorros, de los cuales 21 son Machos e 15 hembras.<\/p>\n ","protected":false},"excerpt":{"rendered":"<p>El Grupo de Seguimiento Transfronterizo del Oso pardo en el Pirineo, del cual forma parte el Conselh Generau d\u2019Aran, ha hecho balance de las actuaciones de conservaci\u00f3n y seguimiento de esta especie en 2023 en Aran, Catalunya, Francia, Andorra, Arag\u00f3n y Navarra En Aran y Catalunya, el n\u00famero de osos detectados el a\u00f1o pasado fue&#8230;<\/p>\n","protected":false},"author":10,"featured_media":56695,"comment_status":"closed","ping_status":"closed","sticky":false,"template":"","format":"standard","meta":{"footnotes":""},"categories":[126,34],"tags":[],"_links":{"self":[{"href":"https:\/\/www.conselharan.org\/es\/wp-json\/wp\/v2\/posts\/56698"}],"collection":[{"href":"https:\/\/www.conselharan.org\/es\/wp-json\/wp\/v2\/posts"}],"about":[{"href":"https:\/\/www.conselharan.org\/es\/wp-json\/wp\/v2\/types\/post"}],"author":[{"embeddable":true,"href":"https:\/\/www.conselharan.org\/es\/wp-json\/wp\/v2\/users\/10"}],"replies":[{"embeddable":true,"href":"https:\/\/www.conselharan.org\/es\/wp-json\/wp\/v2\/comments?post=56698"}],"version-history":[{"count":2,"href":"https:\/\/www.conselharan.org\/es\/wp-json\/wp\/v2\/posts\/56698\/revisions"}],"predecessor-version":[{"id":56700,"href":"https:\/\/www.conselharan.org\/es\/wp-json\/wp\/v2\/posts\/56698\/revisions\/56700"}],"wp:featuredmedia":[{"embeddable":true,"href":"https:\/\/www.conselharan.org\/es\/wp-json\/wp\/v2\/media\/56695"}],"wp:attachment":[{"href":"https:\/\/www.conselharan.org\/es\/wp-json\/wp\/v2\/media?parent=56698"}],"wp:term":[{"taxonomy":"category","embeddable":true,"href":"https:\/\/www.conselharan.org\/es\/wp-json\/wp\/v2\/categories?post=56698"},{"taxonomy":"post_tag","embeddable":true,"href":"https:\/\/www.conselharan.org\/es\/wp-json\/wp\/v2\/tags?post=56698"}],"curies":[{"name":"wp","href":"https:\/\/api.w.org\/{rel}","templated":true}]}}