{"id":56870,"date":"2024-04-12T14:30:53","date_gmt":"2024-04-12T12:30:53","guid":{"rendered":"https:\/\/www.conselharan.org\/presentam-eth-projecte-ovihuec-dat-de-recuperacion-deth-paisatge-tradicionau-de-montanha\/"},"modified":"2025-07-15T10:35:27","modified_gmt":"2025-07-15T08:35:27","slug":"presentam-eth-projecte-ovihuec-dat-de-recuperacion-deth-paisatge-tradicionau-de-montanha","status":"publish","type":"post","link":"https:\/\/www.conselharan.org\/es\/presentam-eth-projecte-ovihuec-dat-de-recuperacion-deth-paisatge-tradicionau-de-montanha\/","title":{"rendered":"Presentamos el proyecto Ovihuec.dat de recuperaci\u00f3n del paisaje tradicional de monta\u00f1a"},"content":{"rendered":"<p><a href=\"https:\/\/www.conselharan.org\/wp-content\/uploads\/2024\/04\/P1046162-scaled.jpg\"><img loading=\"lazy\" decoding=\"async\" class=\"aligncenter wp-image-56864 size-large\" src=\"https:\/\/www.conselharan.org\/wp-content\/uploads\/2024\/04\/P1046162-1024x768.jpg\" alt=\"\" width=\"1024\" height=\"768\" srcset=\"https:\/\/www.conselharan.org\/wp-content\/uploads\/2024\/04\/P1046162-1024x768.jpg 1024w, https:\/\/www.conselharan.org\/wp-content\/uploads\/2024\/04\/P1046162-300x225.jpg 300w, https:\/\/www.conselharan.org\/wp-content\/uploads\/2024\/04\/P1046162-768x576.jpg 768w, https:\/\/www.conselharan.org\/wp-content\/uploads\/2024\/04\/P1046162-1536x1152.jpg 1536w, https:\/\/www.conselharan.org\/wp-content\/uploads\/2024\/04\/P1046162-2048x1536.jpg 2048w\" sizes=\"(max-width: 1024px) 100vw, 1024px\" \/><\/a><\/p>\n<ul>\n<li>\n<h3><strong>Esta ma\u00f1ana, la s\u00edndica de Aran, el secretario general para el Reto Demogr\u00e1fico, la directora de la Fundaci\u00f3n Biodiversidad, el director del IRTA y el alcalde de Vilam\u00f2s, junto con el equipo t\u00e9cnico del proyecto, han presentado Ovihuec.dat en la sede del Conselh Generau d\u2019Aran<\/strong><\/h3>\n<\/li>\n<li>\n<h3><strong>A trav\u00e9s de este proyecto piloto, que est\u00e1 dotado de un presupuesto de casi 2M\u20ac por parte del Estado, se crear\u00e1 un reba\u00f1o ovino y caprino de titularidad p\u00fablica en Vilam\u00f2s para recuperar antiguos pastos perdidos, recuperar la gesti\u00f3n de la masa forestal y disminuir el riesgo de propagaci\u00f3n de incendios, al mismo tiempo que se apuesta por la diversificaci\u00f3n econ\u00f3mica, explorando v\u00edas de comercializaci\u00f3n y valoraci\u00f3n del producto c\u00e1rnico y l\u00e1ctico de este reba\u00f1o, y apuesta por el uso de las nuevas tecnolog\u00edas y la innovaci\u00f3n en el sector ganadero<\/strong><\/h3>\n<\/li>\n<\/ul>\n<p>La sede del Conselh Generau d\u2019Aran ha acogido esta ma\u00f1ana la presentaci\u00f3n del proyecto Ovihuec.dat, en la que han tomado parte la s\u00edndica de Aran, Maria Verg\u00e9s, el secretario general para el Reto Demogr\u00e1fico, Paco Boya, la directora de la Fundaci\u00f3n Biodiversidad, Elena Pita, el director general del Institut de Recerca i Tecnologia Agroalimentaris (IRTA), Josep Usall, el alcalde de Vilam\u00f2s, Oriol Sala, as\u00ed como el coordinador del proyecto, Toni Dalmau, y el resto del equipo t\u00e9cnico, y donde ha estado presente tambi\u00e9n subdelegado del gobierno en Lleida, Jos\u00e9 Cresp\u00edn.<\/p>\n<p>El objetivo de este proyecto piloto y transformador, dotado de un presupuesto de casi dos millones de euros y que se extender\u00e1 durante un periodo de ejecuci\u00f3n de 22 meses, es crear un reba\u00f1o ovino y caprino de titularidad p\u00fablica en Vilam\u00f2s como dinamizador econ\u00f3mico y de mantenimiento del territorio, que pueda convertirse en un modelo de referencia y pueda replicarse en otros pueblos de la Val d\u2019Aran, pero tambi\u00e9n en el resto del Estado.<\/p>\n<p>A trav\u00e9s de Ovihuec.dat se podr\u00e1n recuperar antiguos pastos perdidos por la disminuci\u00f3n de la actividad ganadera, rescatando as\u00ed la gesti\u00f3n de la masa forestal y asegurando el cuidado de nuestras monta\u00f1as, al mismo tiempo que se apuesta por la diversificaci\u00f3n econ\u00f3mica, explorando v\u00edas de comercializaci\u00f3n y valoraci\u00f3n del producto c\u00e1rnico y l\u00e1ctico de este reba\u00f1o y creando puestos de trabajo relacionados con la ganader\u00eda en el territorio.<\/p>\n<p>As\u00ed mismo, la implementaci\u00f3n de las nuevas tecnolog\u00edas tendr\u00e1 un papel importante, us\u00e1ndolas para poder controlar la localizaci\u00f3n y bienestar de los animales, modernizando el sector y facilitando el trabajo de los ganaderos y ganaderas; pero tambi\u00e9n se apuesta por la recuperaci\u00f3n de conocimientos ancestrales y se promover\u00e1 el intercambio de experiencias entre ganaderos, creando un \u00e1rea de formaci\u00f3n pr\u00e1ctica para pastores en la Val d\u2019Aran.<\/p>\n<p>En este sentido, el alcalde de Vilam\u00f2s, Oriol Sala, manifestaba que: \u201ceste proyecto es una gran oportunidad para nuestro municipio, porque a trav\u00e9s de este reba\u00f1o comunal p\u00fablico podremos recuperar el paisaje tradicional, limpiar fincas que han sido ocupadas por la vegetaci\u00f3n y as\u00ed crear un cortafuegos que ayude a evitar la propagaci\u00f3n de incendios\u201d<\/p>\n<p>La s\u00edndica de Aran, Maria Verg\u00e9s, expresaba tambi\u00e9n que: \u201cel proyecto Ovihuec.dat es una gran oportunidad para el conjunto del territorio porque, por un lado, nos ayuda a diversificar nuestra econom\u00eda, avanzando hacia un modelo territorial sostenible e innovador y, por el otro, se suma al proyecto BoscAran, que tambi\u00e9n desarrollamos con la Fundaci\u00f3n Biodiversidad, como muestra de la apuesta del gobierno de Aran para recuperar la gesti\u00f3n forestal de nuestras monta\u00f1as y poder conseguir unos bosques m\u00e1s resilientes al cambio clim\u00e1tico y los incendios forestales\u201d.<\/p>\n<p>\u201cDurante estos a\u00f1os, el Ministerio para la Transici\u00f3n Ecol\u00f3gica y el Reto Demogr\u00e1fico (MITECO) ha gestionado los Planes de Recuperaci\u00f3n y Transformaci\u00f3n (PRTR) dispuestos por la Uni\u00f3n Europea. Una parte de estos recursos han ido destinados al medio rural y, en este caso, se trata de una l\u00ednea muy concreta vinculada a la bioeconom\u00eda donde hab\u00eda 120 millones de euros y donde ha habido un proceso de concurrencia competitiva, a trav\u00e9s del cual se han escogido alrededor de 50 proyectos que permiten ligar el conocimiento cient\u00edfico con todos aquellos procesos que tienen un impacto en el medio natural, recuperando, en este caso, una actividad como es la ganadera y buscando un impacto positivo en el territorio. Con este proyecto en concreto hay un proceso de resiliencia ante los incendios forestales y de recuperaci\u00f3n de los entornos naturales, a la vez que se apuesta por impulsar la actividad ganadera que se ha ido perdiendo con el paso de los a\u00f1os en el territorio\u201d, afirmaba el secretario general para el Reto Demogr\u00e1fico, Paco Boya.<\/p>\n<p>\u201cEste proyecto de bioeconom\u00eda forestal busca reequilibrar un espacio donde conviven diferentes realidades: la agr\u00edcola, ganadera, econ\u00f3mica, social y tur\u00edstica, con el doble objetivo de trabajar en la prevenci\u00f3n de incendios y fomentar la mejora de la biodiversidad\u201d, ha explicado el director general del IRTA, Josep Usall.<\/p>\n<p>\u201cQueremos recuperar el paisaje de la Val d\u2019Aran para activar e impulsar el desarrollo social y econ\u00f3mico de la ganader\u00eda y valorizar esta actividad\u201d ha explicado el investigador del IRTA y coordinador del proyecto, Toni Dalmau.<\/p>\n<p>Ovihuec.dat cuenta con el apoyo de la Fundaci\u00f3n Biodiversidad del <strong>Ministerio para la Transici\u00f3n Ecol\u00f3gica y el Reto Demogr\u00e1fico (MITECO)<\/strong> en el marco del Plan de Recuperaci\u00f3n, Transformaci\u00f3n y Resiliencia (PRTR), financiado por la <strong>Uni\u00f3n Europea \u2013 NextGenerationEU.<\/strong><\/p>\n<p><a href=\"https:\/\/www.conselharan.org\/es\/el-proyecto-ovihuec-dat-avanza\/logos-2\/\" rel=\"attachment wp-att-63322\"><img loading=\"lazy\" decoding=\"async\" class=\"aligncenter size-full wp-image-63322\" src=\"https:\/\/www.conselharan.org\/wp-content\/uploads\/2025\/05\/logos.jpg\" alt=\"\" width=\"632\" height=\"43\" srcset=\"https:\/\/www.conselharan.org\/wp-content\/uploads\/2025\/05\/logos.jpg 632w, https:\/\/www.conselharan.org\/wp-content\/uploads\/2025\/05\/logos-300x20.jpg 300w\" sizes=\"(max-width: 632px) 100vw, 632px\" \/><\/a><\/p>\n ","protected":false},"excerpt":{"rendered":"<p>Esta ma\u00f1ana, la s\u00edndica de Aran, el secretario general para el Reto Demogr\u00e1fico, la directora de la Fundaci\u00f3n Biodiversidad, el director del IRTA y el alcalde de Vilam\u00f2s, junto con el equipo t\u00e9cnico del proyecto, han presentado Ovihuec.dat en la sede del Conselh Generau d\u2019Aran A trav\u00e9s de este proyecto piloto, que est\u00e1 dotado de&#8230;<\/p>\n","protected":false},"author":10,"featured_media":56867,"comment_status":"closed","ping_status":"closed","sticky":false,"template":"","format":"standard","meta":{"footnotes":""},"categories":[52],"tags":[],"_links":{"self":[{"href":"https:\/\/www.conselharan.org\/es\/wp-json\/wp\/v2\/posts\/56870"}],"collection":[{"href":"https:\/\/www.conselharan.org\/es\/wp-json\/wp\/v2\/posts"}],"about":[{"href":"https:\/\/www.conselharan.org\/es\/wp-json\/wp\/v2\/types\/post"}],"author":[{"embeddable":true,"href":"https:\/\/www.conselharan.org\/es\/wp-json\/wp\/v2\/users\/10"}],"replies":[{"embeddable":true,"href":"https:\/\/www.conselharan.org\/es\/wp-json\/wp\/v2\/comments?post=56870"}],"version-history":[{"count":3,"href":"https:\/\/www.conselharan.org\/es\/wp-json\/wp\/v2\/posts\/56870\/revisions"}],"predecessor-version":[{"id":63383,"href":"https:\/\/www.conselharan.org\/es\/wp-json\/wp\/v2\/posts\/56870\/revisions\/63383"}],"wp:featuredmedia":[{"embeddable":true,"href":"https:\/\/www.conselharan.org\/es\/wp-json\/wp\/v2\/media\/56867"}],"wp:attachment":[{"href":"https:\/\/www.conselharan.org\/es\/wp-json\/wp\/v2\/media?parent=56870"}],"wp:term":[{"taxonomy":"category","embeddable":true,"href":"https:\/\/www.conselharan.org\/es\/wp-json\/wp\/v2\/categories?post=56870"},{"taxonomy":"post_tag","embeddable":true,"href":"https:\/\/www.conselharan.org\/es\/wp-json\/wp\/v2\/tags?post=56870"}],"curies":[{"name":"wp","href":"https:\/\/api.w.org\/{rel}","templated":true}]}}