{"id":56938,"date":"2024-04-17T14:17:27","date_gmt":"2024-04-17T12:17:27","guid":{"rendered":"https:\/\/www.conselharan.org\/?p=56938"},"modified":"2024-04-17T14:17:27","modified_gmt":"2024-04-17T12:17:27","slug":"charla-a-las-familias-sobre-las-pau-en-la-val-daran","status":"publish","type":"post","link":"https:\/\/www.conselharan.org\/es\/charla-a-las-familias-sobre-las-pau-en-la-val-daran\/","title":{"rendered":"Charla a las familias sobre las PAU en la Val d\u2019Aran"},"content":{"rendered":"<p><a href=\"https:\/\/www.conselharan.org\/wp-content\/uploads\/2024\/04\/WhatsApp-Image-2024-04-16-at-19.06.02.jpeg\"><img loading=\"lazy\" decoding=\"async\" class=\"alignnone size-full wp-image-56936\" src=\"https:\/\/www.conselharan.org\/wp-content\/uploads\/2024\/04\/WhatsApp-Image-2024-04-16-at-19.06.02.jpeg\" alt=\"\" width=\"2000\" height=\"1500\" srcset=\"https:\/\/www.conselharan.org\/wp-content\/uploads\/2024\/04\/WhatsApp-Image-2024-04-16-at-19.06.02.jpeg 2000w, https:\/\/www.conselharan.org\/wp-content\/uploads\/2024\/04\/WhatsApp-Image-2024-04-16-at-19.06.02-300x225.jpeg 300w, https:\/\/www.conselharan.org\/wp-content\/uploads\/2024\/04\/WhatsApp-Image-2024-04-16-at-19.06.02-1024x768.jpeg 1024w, https:\/\/www.conselharan.org\/wp-content\/uploads\/2024\/04\/WhatsApp-Image-2024-04-16-at-19.06.02-768x576.jpeg 768w, https:\/\/www.conselharan.org\/wp-content\/uploads\/2024\/04\/WhatsApp-Image-2024-04-16-at-19.06.02-1536x1152.jpeg 1536w\" sizes=\"(max-width: 2000px) 100vw, 2000px\" \/><\/a><\/p>\n<p>\u2022<strong> El Vices\u00edndico 3.\u00ba y Conselh\u00e8r d\u2019Esp\u00f2rts, Javier Cavero, recibi\u00f3 ayer en la sede del Conselh Generau a Jes\u00fas Pruj\u00e0, jefe de la Oficina de Acceso a la Universidad<\/strong><\/p>\n<p><strong>\u2022 En su visita a la Val d\u2019Aran, Pruj\u00e0, dio por la ma\u00f1ana una charla informativa, en el IES de Aran para los padres y madres de los alumnos sobre las pruebas PAU de acceso a la universidad<\/strong><\/p>\n<p>El Vices\u00edndico 3.\u00ba y Conselh\u00e8r d\u2019Esp\u00f2rts Javier Cavero, recib\u00eda en la sede del Conselh Generau a Jes\u00fas Pruj\u00e0, Doctor en Publicidad y Relaciones P\u00fablicas por la Universitat Aut\u00f2noma de Barcelona, jefe de la Oficina de Acceso a la Universidad, que tiene la funci\u00f3n de coordinar y organizar las pruebas de acceso en la Universidad a los estudiantes de bachillerato, de los ciclos formativos de grado superior, y de m\u00e1s grandes de 25 y 45 a\u00f1os.<\/p>\n<p>El acto fue precedido por una charla formativa, donde Pruj\u00e0, inform\u00f3 a los padres y madres de los alumnos del Instituto IES de Aran sobre el proceso de la PAU. Hay que remarcar que la Val d\u2019Aran es, desde el 2020, y gracias al trabajo llevado a cabo por el Gov\u00e8rn d\u2019Aran, una de las sedes de estas pruebas de acceso.<\/p>\n<p>La Conselh\u00e8ra de Coneishement, Angelina Cases, subrayaba al respeto: \u201cla realizaci\u00f3n de las PAU en la Val d\u2019Aran es un adelanto necesario que favorece que los estudiantes no tengan que desplazarse casi 200 kil\u00f3metros para examinarse y permanecer alojados en hoteles o residencias durante el proceso \u00bb.<\/p>\n<p>Angelina Cases a\u00f1ad\u00eda: \u201cPara las familias supone tambi\u00e9n un ahorro importante al no tener de hacer frente a los gastos generadas por los desplazamientos\u201d.<\/p>\n<p>&nbsp;<\/p>\n<p>&nbsp;<\/p>\n<p>Vielha, 17 de abril de 2024<\/p>\n ","protected":false},"excerpt":{"rendered":"<p>\u2022 El Vices\u00edndico 3.\u00ba y Conselh\u00e8r d\u2019Esp\u00f2rts, Javier Cavero, recibi\u00f3 ayer en la sede del Conselh Generau a Jes\u00fas Pruj\u00e0, jefe de la Oficina de Acceso a la Universidad \u2022 En su visita a la Val d\u2019Aran, Pruj\u00e0, dio por la ma\u00f1ana una charla informativa, en el IES de Aran para los padres y madres&#8230;<\/p>\n","protected":false},"author":10,"featured_media":56936,"comment_status":"closed","ping_status":"closed","sticky":false,"template":"","format":"standard","meta":{"footnotes":""},"categories":[30,52,37],"tags":[],"_links":{"self":[{"href":"https:\/\/www.conselharan.org\/es\/wp-json\/wp\/v2\/posts\/56938"}],"collection":[{"href":"https:\/\/www.conselharan.org\/es\/wp-json\/wp\/v2\/posts"}],"about":[{"href":"https:\/\/www.conselharan.org\/es\/wp-json\/wp\/v2\/types\/post"}],"author":[{"embeddable":true,"href":"https:\/\/www.conselharan.org\/es\/wp-json\/wp\/v2\/users\/10"}],"replies":[{"embeddable":true,"href":"https:\/\/www.conselharan.org\/es\/wp-json\/wp\/v2\/comments?post=56938"}],"version-history":[{"count":1,"href":"https:\/\/www.conselharan.org\/es\/wp-json\/wp\/v2\/posts\/56938\/revisions"}],"predecessor-version":[{"id":56939,"href":"https:\/\/www.conselharan.org\/es\/wp-json\/wp\/v2\/posts\/56938\/revisions\/56939"}],"wp:featuredmedia":[{"embeddable":true,"href":"https:\/\/www.conselharan.org\/es\/wp-json\/wp\/v2\/media\/56936"}],"wp:attachment":[{"href":"https:\/\/www.conselharan.org\/es\/wp-json\/wp\/v2\/media?parent=56938"}],"wp:term":[{"taxonomy":"category","embeddable":true,"href":"https:\/\/www.conselharan.org\/es\/wp-json\/wp\/v2\/categories?post=56938"},{"taxonomy":"post_tag","embeddable":true,"href":"https:\/\/www.conselharan.org\/es\/wp-json\/wp\/v2\/tags?post=56938"}],"curies":[{"name":"wp","href":"https:\/\/api.w.org\/{rel}","templated":true}]}}