{"id":57886,"date":"2024-06-18T17:12:33","date_gmt":"2024-06-18T15:12:33","guid":{"rendered":"https:\/\/www.conselharan.org\/?p=57886"},"modified":"2024-06-18T17:12:34","modified_gmt":"2024-06-18T15:12:34","slug":"exito-de-participacion-en-el-primer-hestau-culturau-terson-eth-son-dera-terra","status":"publish","type":"post","link":"https:\/\/www.conselharan.org\/es\/exito-de-participacion-en-el-primer-hestau-culturau-terson-eth-son-dera-terra\/","title":{"rendered":"\u00c9xito de participaci\u00f3n en el primer Hestau Culturau \u201cTerSon. Eth son dera t\u00e8rra\u201d"},"content":{"rendered":"<p><a href=\"https:\/\/www.conselharan.org\/es\/exito-de-participacion-en-el-primer-hestau-culturau-terson-eth-son-dera-terra\/aran-hesta-1-2\/\" rel=\"attachment wp-att-57874\"><img loading=\"lazy\" decoding=\"async\" class=\"aligncenter size-large wp-image-57874\" src=\"https:\/\/www.conselharan.org\/wp-content\/uploads\/2024\/06\/aran-hesta-1-1024x682.jpeg\" alt=\"\" width=\"1024\" height=\"682\" srcset=\"https:\/\/www.conselharan.org\/wp-content\/uploads\/2024\/06\/aran-hesta-1-1024x682.jpeg 1024w, https:\/\/www.conselharan.org\/wp-content\/uploads\/2024\/06\/aran-hesta-1-300x200.jpeg 300w, https:\/\/www.conselharan.org\/wp-content\/uploads\/2024\/06\/aran-hesta-1-768x512.jpeg 768w, https:\/\/www.conselharan.org\/wp-content\/uploads\/2024\/06\/aran-hesta-1-1536x1024.jpeg 1536w, https:\/\/www.conselharan.org\/wp-content\/uploads\/2024\/06\/aran-hesta-1.jpeg 2000w\" sizes=\"(max-width: 1024px) 100vw, 1024px\" \/><\/a><\/p>\n<ul>\n<li>\n<h3><strong>TerSon, que ha sido enmarcado en la celebraci\u00f3n de la Fiesta d\u2019Aran, ha contado a lo largo de esta semana con diferentes actividades alrededor de la cultura, la naturaleza y la m\u00fasica tanto para las ni\u00f1as y ni\u00f1os como para hacer en familia.<\/strong><\/h3>\n<\/li>\n<li>\n<h3>En los d\u00edas que ha durado el festival, han sido numerosas las personas que se han acercado hasta los actos l\u00fadicos programados.<\/h3>\n<\/li>\n<\/ul>\n<p>&nbsp;<\/p>\n<p>La primera edici\u00f3n de TerSon ha finalizado y su valoraci\u00f3n es muy positiva contando con un gran n\u00famero de participantes en cada una de las actividades, mpezando por las dos salidas guiadas en los pueblos de Puj\u00f2lo y al \u00abdescubrimiento de nuestros p\u00e1jaros\u00bb. El teatro musical Gran Hotel Arania, as\u00ed como la obra teatral \u201c\u00c8m de p\u00f2ble! E qu\u00e9?\u201d del grupo Era Cabana, la presentaci\u00f3n en la casa del Se\u00f1or d\u2019Arr\u00f2s del libro \u201cEth Q\u00fcad\u00e8rn de la Querim\u00f2nia\u201dy de la exposici\u00f3n de la colecci\u00f3n de fotograf\u00edas estereoscopiques en 3D, que podr\u00e1 visitarse hasta el 31 de mayo del 2025.<\/p>\n<p><a href=\"https:\/\/www.conselharan.org\/es\/exito-de-participacion-en-el-primer-hestau-culturau-terson-eth-son-dera-terra\/aran-hesta-3-2\/\" rel=\"attachment wp-att-57880\"><img loading=\"lazy\" decoding=\"async\" class=\"aligncenter size-large wp-image-57880\" src=\"https:\/\/www.conselharan.org\/wp-content\/uploads\/2024\/06\/Aran-hesta-3-768x1024.jpeg\" alt=\"\" width=\"768\" height=\"1024\" srcset=\"https:\/\/www.conselharan.org\/wp-content\/uploads\/2024\/06\/Aran-hesta-3-768x1024.jpeg 768w, https:\/\/www.conselharan.org\/wp-content\/uploads\/2024\/06\/Aran-hesta-3-225x300.jpeg 225w, https:\/\/www.conselharan.org\/wp-content\/uploads\/2024\/06\/Aran-hesta-3-1152x1536.jpeg 1152w, https:\/\/www.conselharan.org\/wp-content\/uploads\/2024\/06\/Aran-hesta-3.jpeg 1500w\" sizes=\"(max-width: 768px) 100vw, 768px\" \/><\/a><\/p>\n<p>Las actividades programadas para los m\u00e1s peque\u00f1os han tenido una importante participaci\u00f3n. Unas actividades que se cerraban el lunes en el paseo de la Libertad con el espect\u00e1culo familiar \u201csalta, canta i balla\u201d, seguido de una chocolatada. Las tardes musicales del fin de semana han acogido tambi\u00e9n un gran n\u00famero de p\u00fablico, donde la plaza d\u2019Aran ha sido el escenario principal.<\/p>\n<p><a href=\"https:\/\/www.conselharan.org\/es\/exito-de-participacion-en-el-primer-hestau-culturau-terson-eth-son-dera-terra\/aran-hesta-2-2\/\" rel=\"attachment wp-att-57877\"><img loading=\"lazy\" decoding=\"async\" class=\"aligncenter size-large wp-image-57877\" src=\"https:\/\/www.conselharan.org\/wp-content\/uploads\/2024\/06\/Aran-hesta-2-1024x974.jpeg\" alt=\"\" width=\"1024\" height=\"974\" srcset=\"https:\/\/www.conselharan.org\/wp-content\/uploads\/2024\/06\/Aran-hesta-2-1024x974.jpeg 1024w, https:\/\/www.conselharan.org\/wp-content\/uploads\/2024\/06\/Aran-hesta-2-300x285.jpeg 300w, https:\/\/www.conselharan.org\/wp-content\/uploads\/2024\/06\/Aran-hesta-2-768x731.jpeg 768w, https:\/\/www.conselharan.org\/wp-content\/uploads\/2024\/06\/Aran-hesta-2-1536x1461.jpeg 1536w, https:\/\/www.conselharan.org\/wp-content\/uploads\/2024\/06\/Aran-hesta-2-2048x1948.jpeg 2048w\" sizes=\"(max-width: 1024px) 100vw, 1024px\" \/><\/a><\/p>\n<p>La m\u00fasica, destacada en este programa cultural, cerraba, con gran afluencia de p\u00fablico, las tardes de s\u00e1bado, domingo y lunes con los conciertos, de la Ronda de Bolta\u00f1a, s\u00e1bado, los grupos araneses Sarabat y Rampalh, domingo y lunes con los occitanos, Parpalhon, que pon\u00edan final a la jornada institucional de la H\u00e8sta d\u2019Aran.<\/p>\n<p>La s\u00edndica d\u2019Aran, Maria Verg\u00e9s, ha manifestado que: \u201cDesde el gobierno d\u2019Aran estoy muy satisfecha por la acogida de esta primera edici\u00f3n de TerSon, un festival pensado para acercar la cultura y los artes a la ciudadan\u00eda y porque La Fiesta d\u2019Aran acontezca verdaderamente la fiesta grande\u201d.<\/p>\n<p>Vielha, 18 de junio 2024<\/p>\n ","protected":false},"excerpt":{"rendered":"<p>TerSon, que ha sido enmarcado en la celebraci\u00f3n de la Fiesta d\u2019Aran, ha contado a lo largo de esta semana con diferentes actividades alrededor de la cultura, la naturaleza y la m\u00fasica tanto para las ni\u00f1as y ni\u00f1os como para hacer en familia. En los d\u00edas que ha durado el festival, han sido numerosas las&#8230;<\/p>\n","protected":false},"author":2,"featured_media":57874,"comment_status":"closed","ping_status":"closed","sticky":false,"template":"","format":"standard","meta":{"footnotes":""},"categories":[795,52,34,37],"tags":[],"_links":{"self":[{"href":"https:\/\/www.conselharan.org\/es\/wp-json\/wp\/v2\/posts\/57886"}],"collection":[{"href":"https:\/\/www.conselharan.org\/es\/wp-json\/wp\/v2\/posts"}],"about":[{"href":"https:\/\/www.conselharan.org\/es\/wp-json\/wp\/v2\/types\/post"}],"author":[{"embeddable":true,"href":"https:\/\/www.conselharan.org\/es\/wp-json\/wp\/v2\/users\/2"}],"replies":[{"embeddable":true,"href":"https:\/\/www.conselharan.org\/es\/wp-json\/wp\/v2\/comments?post=57886"}],"version-history":[{"count":4,"href":"https:\/\/www.conselharan.org\/es\/wp-json\/wp\/v2\/posts\/57886\/revisions"}],"predecessor-version":[{"id":57890,"href":"https:\/\/www.conselharan.org\/es\/wp-json\/wp\/v2\/posts\/57886\/revisions\/57890"}],"wp:featuredmedia":[{"embeddable":true,"href":"https:\/\/www.conselharan.org\/es\/wp-json\/wp\/v2\/media\/57874"}],"wp:attachment":[{"href":"https:\/\/www.conselharan.org\/es\/wp-json\/wp\/v2\/media?parent=57886"}],"wp:term":[{"taxonomy":"category","embeddable":true,"href":"https:\/\/www.conselharan.org\/es\/wp-json\/wp\/v2\/categories?post=57886"},{"taxonomy":"post_tag","embeddable":true,"href":"https:\/\/www.conselharan.org\/es\/wp-json\/wp\/v2\/tags?post=57886"}],"curies":[{"name":"wp","href":"https:\/\/api.w.org\/{rel}","templated":true}]}}