{"id":58059,"date":"2024-06-28T15:34:55","date_gmt":"2024-06-28T13:34:55","guid":{"rendered":"https:\/\/www.conselharan.org\/?p=58059"},"modified":"2024-06-28T15:44:21","modified_gmt":"2024-06-28T13:44:21","slug":"el-conselh-generau-acoge-el-primer-livinglab-sobre-el-cambio-climatico","status":"publish","type":"post","link":"https:\/\/www.conselharan.org\/es\/el-conselh-generau-acoge-el-primer-livinglab-sobre-el-cambio-climatico\/","title":{"rendered":"El Conselh Generau acoge el primer LivingLab sobre el cambio clim\u00e1tico"},"content":{"rendered":"<p><a href=\"https:\/\/www.conselharan.org\/es\/el-conselh-generau-acoge-el-primer-livinglab-sobre-el-cambio-climatico\/livinglab-imatge-2\/\" rel=\"attachment wp-att-58052\"><img loading=\"lazy\" decoding=\"async\" class=\"aligncenter size-large wp-image-58052\" src=\"https:\/\/www.conselharan.org\/wp-content\/uploads\/2024\/06\/LivingLab-Imatge-1024x768.jpg\" alt=\"\" width=\"1024\" height=\"768\" srcset=\"https:\/\/www.conselharan.org\/wp-content\/uploads\/2024\/06\/LivingLab-Imatge-1024x768.jpg 1024w, https:\/\/www.conselharan.org\/wp-content\/uploads\/2024\/06\/LivingLab-Imatge-300x225.jpg 300w, https:\/\/www.conselharan.org\/wp-content\/uploads\/2024\/06\/LivingLab-Imatge-768x576.jpg 768w, https:\/\/www.conselharan.org\/wp-content\/uploads\/2024\/06\/LivingLab-Imatge-1536x1152.jpg 1536w, https:\/\/www.conselharan.org\/wp-content\/uploads\/2024\/06\/LivingLab-Imatge-2048x1536.jpg 2048w\" sizes=\"(max-width: 1024px) 100vw, 1024px\" \/><\/a><\/p>\n<p>&nbsp;<\/p>\n<p><strong>\u2022 El Grupo de acci\u00f3n local del Consorcio Leader Pirineu Occidental, del cual la s\u00edndica de Aran Maria Verg\u00e9s es la presidenta, es el nuevo socio del proyecto Life eCO adapt50.<\/strong><\/p>\n<p><strong>\u2022 El proyecto se centra en cocrear acciones de estrategia conjunta para adaptar los territorios y la econom\u00eda local al cambio clim\u00e1tico.<\/strong><\/p>\n<p>&nbsp;<\/p>\n<p>Dentro del proyecto Life Ecoadapt50, donde est\u00e1 incluido LivingLab, en espacios territoriales, es el primero que se hace en Aran y que ha servido para reunir propuestas de acciones que despu\u00e9s se han de estudiar y priorizar donde los implicados participan en debates, reflexiones y tomas de decisiones conjuntas.<\/p>\n<p>Este proyecto basado en los sectores agroganadero, forestal, tur\u00edstico y de la pesca es, a nivel de todos los socios de Catalunya, de adaptaci\u00f3n y promoci\u00f3n de una transformaci\u00f3n profunda para ser m\u00e1s resilientes y poder reducir as\u00ed la vulnerabilidad de los sectores econ\u00f3micos que son el apoyo del territorio, una adaptaci\u00f3n de un punto de vista m\u00e1s socioecon\u00f3mico.<\/p>\n<p>Para la s\u00edndica de Aran, Maria Verg\u00e9s: \u201ctomar parte de estos proyectos nos permite, por un lado conocer acciones e intercambiar experiencias con los territorios vecinos y, por otro, trabajar, as\u00ed y como hacemos con otros proyectos importantes que llevamos a cabo, para qu\u00e9 la Val d\u2019Aran sea un territorio resiliente al cambio clim\u00e1tico\u201d.<\/p>\n<p>El proyecto LIFE_eCOadapt50, con fondo de la Uni\u00f3n Europea, tiene una duraci\u00f3n de 8 a\u00f1os y cuenta con 25 socios y 1800 personas implicadas, con m\u00e1s de 76 acciones previstas y una inversi\u00f3n total de dieciocho millones seiscientos mil euros.<\/p>\n<p>&nbsp;<\/p>\n<p>Vielha, 28 de junio de 2024<\/p>\n ","protected":false},"excerpt":{"rendered":"<p>&nbsp; \u2022 El Grupo de acci\u00f3n local del Consorcio Leader Pirineu Occidental, del cual la s\u00edndica de Aran Maria Verg\u00e9s es la presidenta, es el nuevo socio del proyecto Life eCO adapt50. \u2022 El proyecto se centra en cocrear acciones de estrategia conjunta para adaptar los territorios y la econom\u00eda local al cambio clim\u00e1tico. &nbsp;&#8230;<\/p>\n","protected":false},"author":2,"featured_media":58052,"comment_status":"closed","ping_status":"closed","sticky":false,"template":"","format":"standard","meta":{"footnotes":""},"categories":[30,52,37],"tags":[],"_links":{"self":[{"href":"https:\/\/www.conselharan.org\/es\/wp-json\/wp\/v2\/posts\/58059"}],"collection":[{"href":"https:\/\/www.conselharan.org\/es\/wp-json\/wp\/v2\/posts"}],"about":[{"href":"https:\/\/www.conselharan.org\/es\/wp-json\/wp\/v2\/types\/post"}],"author":[{"embeddable":true,"href":"https:\/\/www.conselharan.org\/es\/wp-json\/wp\/v2\/users\/2"}],"replies":[{"embeddable":true,"href":"https:\/\/www.conselharan.org\/es\/wp-json\/wp\/v2\/comments?post=58059"}],"version-history":[{"count":3,"href":"https:\/\/www.conselharan.org\/es\/wp-json\/wp\/v2\/posts\/58059\/revisions"}],"predecessor-version":[{"id":58062,"href":"https:\/\/www.conselharan.org\/es\/wp-json\/wp\/v2\/posts\/58059\/revisions\/58062"}],"wp:featuredmedia":[{"embeddable":true,"href":"https:\/\/www.conselharan.org\/es\/wp-json\/wp\/v2\/media\/58052"}],"wp:attachment":[{"href":"https:\/\/www.conselharan.org\/es\/wp-json\/wp\/v2\/media?parent=58059"}],"wp:term":[{"taxonomy":"category","embeddable":true,"href":"https:\/\/www.conselharan.org\/es\/wp-json\/wp\/v2\/categories?post=58059"},{"taxonomy":"post_tag","embeddable":true,"href":"https:\/\/www.conselharan.org\/es\/wp-json\/wp\/v2\/tags?post=58059"}],"curies":[{"name":"wp","href":"https:\/\/api.w.org\/{rel}","templated":true}]}}