{"id":58424,"date":"2024-07-25T12:49:37","date_gmt":"2024-07-25T10:49:37","guid":{"rendered":"https:\/\/www.conselharan.org\/?p=58424"},"modified":"2024-07-25T12:49:37","modified_gmt":"2024-07-25T10:49:37","slug":"nuevo-ciclo-de-conciertos-de-verano-en-las-iglesias-romanicas-de-la-val-daran","status":"publish","type":"post","link":"https:\/\/www.conselharan.org\/es\/nuevo-ciclo-de-conciertos-de-verano-en-las-iglesias-romanicas-de-la-val-daran\/","title":{"rendered":"Nuevo Ciclo de conciertos de verano en las iglesias rom\u00e1nicas de la Val d\u2019Aran"},"content":{"rendered":"<p><a href=\"https:\/\/www.conselharan.org\/es\/nuevo-ciclo-de-conciertos-de-verano-en-las-iglesias-romanicas-de-la-val-daran\/cicle-concerts-estiu-2024-2\/\" rel=\"attachment wp-att-58420\"><img loading=\"lazy\" decoding=\"async\" class=\"aligncenter size-large wp-image-58420\" src=\"https:\/\/www.conselharan.org\/wp-content\/uploads\/2024\/07\/cicle-concerts-estiu-2024-724x1024.png\" alt=\"\" width=\"724\" height=\"1024\" srcset=\"https:\/\/www.conselharan.org\/wp-content\/uploads\/2024\/07\/cicle-concerts-estiu-2024-724x1024.png 724w, https:\/\/www.conselharan.org\/wp-content\/uploads\/2024\/07\/cicle-concerts-estiu-2024-212x300.png 212w, https:\/\/www.conselharan.org\/wp-content\/uploads\/2024\/07\/cicle-concerts-estiu-2024-768x1086.png 768w, https:\/\/www.conselharan.org\/wp-content\/uploads\/2024\/07\/cicle-concerts-estiu-2024-1086x1536.png 1086w, https:\/\/www.conselharan.org\/wp-content\/uploads\/2024\/07\/cicle-concerts-estiu-2024-1448x2048.png 1448w\" sizes=\"(max-width: 724px) 100vw, 724px\" \/><\/a><\/p>\n<ul>\n<li>\n<h3><strong>El encuentro musical incluye cuatro conciertos en las iglesias de San Est\u00e8ue de Betren, Santa Maria de Vilam\u00f2s, Santa Maria de Cap d\u2019Aran de Tred\u00f2s y la iglesia de la Purificaci\u00f3n de Boss\u00f2st.<\/strong><\/h3>\n<\/li>\n<\/ul>\n<p>En la agenda cultural para este verano no pueden faltar las actividades musicales que acoge nuestro patrimonio y que este a\u00f1o contar\u00e1 con un nuevo ciclo de conciertos. El Departamento de Promoci\u00f3n Econ\u00f3mica y Comercio del Conselh Generau d\u2019Aran ha creado un programa de cuatro conciertos para los viernes de este mes de agosto con composiciones con diferentes estilos musicales.<\/p>\n<p>La primera actuaci\u00f3n tendr\u00e1 lugar el viernes 2 de agosto, en la iglesia de San Est\u00e8ue de Betren, con el tr\u00edo de voz y cuerda Pensamientos y Sonoridades, una mezcla de sonatas de Johann Sebastian Bach y poes\u00eda.<\/p>\n<p>El d\u00fao de guitarra Dos Guitar D\u00fao ofrecer\u00e1 un extenso repertorio en la iglesia de Santa Maria de Vilam\u00f2s el 9 de agosto con m\u00fasica relacionada a las tradiciones.<\/p>\n<p>Una tercera interpretaci\u00f3n musical reunir\u00e1 en la iglesia de Santa Maria de Cap d\u2019Aran de Tred\u00f2s el cuarteto de cuerda y flauta Cuarteto Prysma y la voz de la soprano Iolanda Dolcet.<\/p>\n<p>Este ciclo de conciertos de verano se cerrar\u00e1 el viernes 23 de agosto con el tr\u00edo de voz y piano Swing de Comarcas Eduard Gener, en la iglesia de la Purificaci\u00f3n de Boss\u00f2st.<\/p>\n<p><strong>Todos los conciertos de este Ciclo de verano empezar\u00e1n a las 19.30 horas, son gratuitos y para todos los p\u00fablicos.<\/strong><\/p>\n<p>Vielha, 25 de julio de 2024<\/p>\n ","protected":false},"excerpt":{"rendered":"<p>El encuentro musical incluye cuatro conciertos en las iglesias de San Est\u00e8ue de Betren, Santa Maria de Vilam\u00f2s, Santa Maria de Cap d\u2019Aran de Tred\u00f2s y la iglesia de la Purificaci\u00f3n de Boss\u00f2st. En la agenda cultural para este verano no pueden faltar las actividades musicales que acoge nuestro patrimonio y que este a\u00f1o contar\u00e1&#8230;<\/p>\n","protected":false},"author":2,"featured_media":58420,"comment_status":"closed","ping_status":"closed","sticky":false,"template":"","format":"standard","meta":{"footnotes":""},"categories":[30,795,52,34,37,137],"tags":[],"_links":{"self":[{"href":"https:\/\/www.conselharan.org\/es\/wp-json\/wp\/v2\/posts\/58424"}],"collection":[{"href":"https:\/\/www.conselharan.org\/es\/wp-json\/wp\/v2\/posts"}],"about":[{"href":"https:\/\/www.conselharan.org\/es\/wp-json\/wp\/v2\/types\/post"}],"author":[{"embeddable":true,"href":"https:\/\/www.conselharan.org\/es\/wp-json\/wp\/v2\/users\/2"}],"replies":[{"embeddable":true,"href":"https:\/\/www.conselharan.org\/es\/wp-json\/wp\/v2\/comments?post=58424"}],"version-history":[{"count":2,"href":"https:\/\/www.conselharan.org\/es\/wp-json\/wp\/v2\/posts\/58424\/revisions"}],"predecessor-version":[{"id":58426,"href":"https:\/\/www.conselharan.org\/es\/wp-json\/wp\/v2\/posts\/58424\/revisions\/58426"}],"wp:featuredmedia":[{"embeddable":true,"href":"https:\/\/www.conselharan.org\/es\/wp-json\/wp\/v2\/media\/58420"}],"wp:attachment":[{"href":"https:\/\/www.conselharan.org\/es\/wp-json\/wp\/v2\/media?parent=58424"}],"wp:term":[{"taxonomy":"category","embeddable":true,"href":"https:\/\/www.conselharan.org\/es\/wp-json\/wp\/v2\/categories?post=58424"},{"taxonomy":"post_tag","embeddable":true,"href":"https:\/\/www.conselharan.org\/es\/wp-json\/wp\/v2\/tags?post=58424"}],"curies":[{"name":"wp","href":"https:\/\/api.w.org\/{rel}","templated":true}]}}