{"id":59008,"date":"2024-09-13T18:47:33","date_gmt":"2024-09-13T16:47:33","guid":{"rendered":"https:\/\/www.conselharan.org\/?p=59008"},"modified":"2024-09-13T19:15:36","modified_gmt":"2024-09-13T17:15:36","slug":"el-pleno-del-conselh-generau-daran-aprueba-la-modificacion-de-la-tasa-de-recogida-de-basuras-que-regira-el-nuevo-modelo-de-gestion-de-residuos","status":"publish","type":"post","link":"https:\/\/www.conselharan.org\/es\/el-pleno-del-conselh-generau-daran-aprueba-la-modificacion-de-la-tasa-de-recogida-de-basuras-que-regira-el-nuevo-modelo-de-gestion-de-residuos\/","title":{"rendered":"El pleno del Conselh Generau d\u2019Aran aprueba la modificaci\u00f3n de la tasa de recogida de basuras que regir\u00e1 el nuevo modelo de gesti\u00f3n de residuos"},"content":{"rendered":"<div><a href=\"https:\/\/www.conselharan.org\/es\/el-pleno-del-conselh-generau-daran-aprueba-la-modificacion-de-la-tasa-de-recogida-de-basuras-que-regira-el-nuevo-modelo-de-gestion-de-residuos\/plen-cga-_session-ordinaria-130924-2\/\" rel=\"attachment wp-att-59003\"><img loading=\"lazy\" decoding=\"async\" class=\"aligncenter size-large wp-image-59003\" src=\"https:\/\/www.conselharan.org\/wp-content\/uploads\/2024\/09\/Plen-CGA-_Session-Ordinaria-130924-768x1024.jpeg\" alt=\"\" width=\"768\" height=\"1024\" srcset=\"https:\/\/www.conselharan.org\/wp-content\/uploads\/2024\/09\/Plen-CGA-_Session-Ordinaria-130924-768x1024.jpeg 768w, https:\/\/www.conselharan.org\/wp-content\/uploads\/2024\/09\/Plen-CGA-_Session-Ordinaria-130924-225x300.jpeg 225w, https:\/\/www.conselharan.org\/wp-content\/uploads\/2024\/09\/Plen-CGA-_Session-Ordinaria-130924-1152x1536.jpeg 1152w, https:\/\/www.conselharan.org\/wp-content\/uploads\/2024\/09\/Plen-CGA-_Session-Ordinaria-130924.jpeg 1500w\" sizes=\"(max-width: 768px) 100vw, 768px\" \/><\/a><\/div>\n<div><b>\u00a0<\/b><\/div>\n<div><b>\u00a0<\/b><\/div>\n<ul>\n<li>\n<h3><b>Esta modificaci\u00f3n responde al cumplimiento de la Ley 7\/2022,\u00a0<i>de Residuos y Suelos Contaminantes para una Econom\u00eda\u00a0<\/i>Circular que ordena que los costes de la gesti\u00f3n de residuos han de ser sufragados por todos los generadores de residuos a trav\u00e9s de una tasa justa, y que se debe de aplicar en un plazo m\u00e1ximo de tres a\u00f1os desde su aprobaci\u00f3n en el 2022.<\/b><\/h3>\n<\/li>\n<li>\n<h3><b>El nuevo modelo de recogida de basura puerta por puerta en Aran, que contempla tambi\u00e9n acciones de informaci\u00f3n, concienciaci\u00f3n y asesoramiento para la ciudadan\u00eda, entrar\u00e1 en funcionamiento en las pr\u00f3ximas semanas, un procedimiento que se iniciar\u00e1 con los grandes productores.<\/b><\/h3>\n<\/li>\n<li>\n<h3><b>El coste de implementaci\u00f3n de este nuevo modelo de recogida puerta por puerta, que por otra parte resulta indispensable para cumplir con la normativa y con los est\u00e1ndares de calidad y sostenibilidad ambiental, es m\u00e1s elevado que el anterior, lo que supone, inicialmente, un incremento de la tasa que actualmente se viene pagando.<\/b><\/h3>\n<\/li>\n<\/ul>\n<p>&nbsp;<\/p>\n<p><span style=\"font-size: 16px;\">Esta ma\u00f1ana, el pleno del Conselh Generau d\u2019Aran ha aprobado la modificaci\u00f3n de la ordenanza fiscal reguladora de la tasa de residuos. Esta modificaci\u00f3n de obligado cumplimiento de la Ley 7\/ 2022 de <\/span><i style=\"font-size: 16px;\">Residuos y Suelos Contaminados para una Econom\u00eda Circular, <\/i>que <span style=\"font-size: 16px;\">abre un nuevo paradigma en lo referente a la gesti\u00f3n de residuos en general, tambi\u00e9n en Aran, mandata que el coste de gesti\u00f3n de las basuras tiene que ser sufragado por los productores de residuos y, por tanto, se debe ver reflejado en la tasa.<\/span><\/p>\n<p>La ordenanza aprobada establece dos tarifas espec\u00edficas, una fija y una variable destinadas a la recogida de residuos dom\u00e9sticos o asimilables y comerciales, que en ning\u00fan caso superar\u00e1 el coste real o previsible del servicio, que incluyen la recogida, el transporte y su tratamiento. De estas dos tarifas, que se cobrar\u00e1n en dos per\u00edodos diferentes, se podr\u00e1 ver reducida la que corresponde a la parte variable, siempre y cuando se lleve a cabo una buena praxis en el reciclaje y en el cumplimiento de la normativa que la recogida selectiva puerta por puerta contempla.<\/p>\n<div><\/div>\n<div>El vice-s\u00edndico segundo y conselh\u00e8r de Gestion Ambientau, Oriol Sala, manifestaba que \u201cla voluntad del gobierno de Aran pasa por incentivar el reciclaje y las buenas pr\u00e1cticas que permitir\u00e1n tambi\u00e9n una reducci\u00f3n en el recibo de las basuras\u201d a\u00f1ad\u00eda \u201cnos encontramos delante de un cambio de paradigma y es necesario que la Val d\u2019Aran se ponga al d\u00eda en lo referente a la gesti\u00f3n de residuos y dejemos de ser la cola de los territorios de Catalu\u00f1a en el reciclaje\u201d.<\/div>\n<div><\/div>\n<div><\/div>\n<div>El nuevo modelo de recogida de residuos que el Conselh Generau d\u2019Aran ha impulsado se empezar\u00e1 a implementar en las pr\u00f3ximas semanas y viene adem\u00e1s marcado por la normativa Europea, que determina que en el 2030 se deber\u00e1 haber alcanzado el 55% de reciclaje de los residuos que producimos (En Aran estas cifras se encuentran ahora en un 24%). Esta implementaci\u00f3n se llevar\u00e1 a cabo por fases, inici\u00e1ndose con el puerta por puerta a grandes productores (comercios, restaurantes, hoteles, empresas\u2026) y se extender\u00e1, una vez consolidada \u00e9sta, a los domicilios.<\/div>\n<div><\/div>\n<div><\/div>\n<div>En este sentido el vice-s\u00edndico segundo, Oriol Sala, se\u00f1alaba: \u201cVenimos de un sistema de gesti\u00f3n de residuos obsoleto que ya no daba respuesta a las necesidades del territorio\u201d destacando \u201cel gobierno de Aran ha trabajado durante m\u00e1s de dos a\u00f1os para alcanzar la implementaci\u00f3n de un modelo de recogida adaptado, no \u00fanicamente a las necesidades, sino tambi\u00e9n a los criterios de sostenibilidad ambiental que son indispensables en nuestro territorio\u201d.<\/div>\n<div><\/div>\n<div><\/div>\n<div>El gobierno de Aran trabaja tambi\u00e9n en una campa\u00f1a informativa destinada a la ciudadan\u00eda para presentar este nuevo modelo y ofrecer toda la informaci\u00f3n al respecto de su despliegue, al mismo tiempo que quiere concienciar de la importancia y la necesidad de implementar este nuevo sistema.<\/div>\n<div><\/div>\n<div><\/div>\n<div>La s\u00edndica de Aran, Maria Verg\u00e9s, ha declarado que: \u201csomos conscientes que una subida en el recibo no es agradable, pero es importante saber que actualmente es la \u00fanica v\u00eda para, por un lado, cumplir con la ley, y por otro, transitar hacia un nuevo modelo de referencia, que sea sostenible y que nos permita tambi\u00e9n posicionar la Val d\u2019Aran como un territorio que hace bien las cosas\u201d.<\/div>\n<div><\/div>\n<div><\/div>\n<div>La tasa aprobada hoy entrar\u00e1 en vigor en 2025 y, con la implementaci\u00f3n del nuevo modelo, permitir\u00e1 contar con datos fiables de las cantidades de residuos que se generan, lo que supone que tambi\u00e9n har\u00e1 posible ir ajustando la propia tasa en el momento en que los datos de reciclaje mejoren hasta poder alcanzar los exigidos por la Uni\u00f3n Europea.<\/div>\n<div><\/div>\n<div><\/div>\n<div>La ordenanza se podr\u00e1 consultar en la web:\u00a0<u><a id=\"LPlnkOWAa07ef829-bfae-43bb-6885-20fcc2089615\" href=\"http:\/\/www.conselharan.org\/\" data-auth=\"NotApplicable\" data-linkindex=\"0\">www.conselharan.org<\/a><\/u>. El plazo de presentaci\u00f3n de alegaciones quedar\u00e1 abierto en per\u00edodo de 30 d\u00edas laborables desde la publicaci\u00f3n de la misma.<\/div>\n<div aria-hidden=\"true\"><\/div>\n ","protected":false},"excerpt":{"rendered":"<p>\u00a0 \u00a0 Esta modificaci\u00f3n responde al cumplimiento de la Ley 7\/2022,\u00a0de Residuos y Suelos Contaminantes para una Econom\u00eda\u00a0Circular que ordena que los costes de la gesti\u00f3n de residuos han de ser sufragados por todos los generadores de residuos a trav\u00e9s de una tasa justa, y que se debe de aplicar en un plazo m\u00e1ximo de&#8230;<\/p>\n","protected":false},"author":2,"featured_media":59003,"comment_status":"closed","ping_status":"closed","sticky":false,"template":"","format":"standard","meta":{"footnotes":""},"categories":[30,804,126,34,37],"tags":[],"_links":{"self":[{"href":"https:\/\/www.conselharan.org\/es\/wp-json\/wp\/v2\/posts\/59008"}],"collection":[{"href":"https:\/\/www.conselharan.org\/es\/wp-json\/wp\/v2\/posts"}],"about":[{"href":"https:\/\/www.conselharan.org\/es\/wp-json\/wp\/v2\/types\/post"}],"author":[{"embeddable":true,"href":"https:\/\/www.conselharan.org\/es\/wp-json\/wp\/v2\/users\/2"}],"replies":[{"embeddable":true,"href":"https:\/\/www.conselharan.org\/es\/wp-json\/wp\/v2\/comments?post=59008"}],"version-history":[{"count":4,"href":"https:\/\/www.conselharan.org\/es\/wp-json\/wp\/v2\/posts\/59008\/revisions"}],"predecessor-version":[{"id":59018,"href":"https:\/\/www.conselharan.org\/es\/wp-json\/wp\/v2\/posts\/59008\/revisions\/59018"}],"wp:featuredmedia":[{"embeddable":true,"href":"https:\/\/www.conselharan.org\/es\/wp-json\/wp\/v2\/media\/59003"}],"wp:attachment":[{"href":"https:\/\/www.conselharan.org\/es\/wp-json\/wp\/v2\/media?parent=59008"}],"wp:term":[{"taxonomy":"category","embeddable":true,"href":"https:\/\/www.conselharan.org\/es\/wp-json\/wp\/v2\/categories?post=59008"},{"taxonomy":"post_tag","embeddable":true,"href":"https:\/\/www.conselharan.org\/es\/wp-json\/wp\/v2\/tags?post=59008"}],"curies":[{"name":"wp","href":"https:\/\/api.w.org\/{rel}","templated":true}]}}