{"id":59048,"date":"2024-09-16T13:40:16","date_gmt":"2024-09-16T11:40:16","guid":{"rendered":"https:\/\/www.conselharan.org\/?p=59048"},"modified":"2024-09-16T13:40:19","modified_gmt":"2024-09-16T11:40:19","slug":"la-val-daran-acoge-la-primera-edicion-del-congreso-de-ciberseguridad-armari-6","status":"publish","type":"post","link":"https:\/\/www.conselharan.org\/es\/la-val-daran-acoge-la-primera-edicion-del-congreso-de-ciberseguridad-armari-6\/","title":{"rendered":"La Val d\u2019Aran acoge la primera edici\u00f3n del Congreso de Ciberseguridad \u201cArmari 6\u201d"},"content":{"rendered":"<p><a href=\"https:\/\/www.conselharan.org\/es\/la-val-daran-acoge-la-primera-edicion-del-congreso-de-ciberseguridad-armari-6\/cartel-congres-armari-6-es\/\" rel=\"attachment wp-att-59050\"><img loading=\"lazy\" decoding=\"async\" class=\"aligncenter size-large wp-image-59050\" src=\"https:\/\/www.conselharan.org\/wp-content\/uploads\/2024\/09\/Cartel-Congres-Armari-6-ES-1024x537.jpg\" alt=\"\" width=\"1024\" height=\"537\" srcset=\"https:\/\/www.conselharan.org\/wp-content\/uploads\/2024\/09\/Cartel-Congres-Armari-6-ES-1024x537.jpg 1024w, https:\/\/www.conselharan.org\/wp-content\/uploads\/2024\/09\/Cartel-Congres-Armari-6-ES-300x157.jpg 300w, https:\/\/www.conselharan.org\/wp-content\/uploads\/2024\/09\/Cartel-Congres-Armari-6-ES-768x402.jpg 768w, https:\/\/www.conselharan.org\/wp-content\/uploads\/2024\/09\/Cartel-Congres-Armari-6-ES.jpg 1080w\" sizes=\"(max-width: 1024px) 100vw, 1024px\" \/><\/a><\/p>\n<h3><strong>Los d\u00edas 24 y 25 de octubre se celebrar\u00e1 en Aran el primer Congreso de ciberseguridad con el objetivo de ofrecer soluciones efectivas a los retos que plantea la ciberseguridad actualmente.<\/strong><\/h3>\n<p>&nbsp;<\/p>\n<p>El Conselh Generau de Aran, a trav\u00e9s de H\u00e8pic, el Centre d\u2019Innovacion Territoriau de la Val d\u2019Aran, organiza con el apoyo de la Ag\u00e8ncia de Ciberseguretat de Catalunya, el primer <a href=\"https:\/\/www.hepic-hub.org\/congresociber\/\">Congreso ARMARI 6 de Ciberseguridad.<\/a><\/p>\n<p>Esta primera edici\u00f3n convoca a expertos en la materia tanto de las administraciones p\u00fablicas como de grandes empresas privadas y PYMES, para compartir conocimientos, impulsar el debate e intercambiar experiencias desde diferentes perspectivas.<\/p>\n<p>En formato de ponencias y mesa redonda, se expondr\u00e1n diferentes enfoques sobre c\u00f3mo proteger las organizaciones de los ciberdelincuentes, abordando tem\u00e1ticas tales como: la Inteligencia Artificial, los Centros de Operaciones de Seguridad (SOC) y el Esquema Nacional de Seguridad (ENS). Tambi\u00e9n, se presentar\u00e1n las tendencias actuales en ciberseguridad y se abordar\u00e1 la repercusi\u00f3n de la sustracci\u00f3n de datos desde el punto de vista legal. Finalmente, analizaremos c\u00f3mo reaccionar frente a un ataque y se expondr\u00e1 un caso pr\u00e1ctico en detalle.<\/p>\n<p>El vices\u00edndico segundo y <em>conselh\u00e8r d\u2019Innovacion del Conselh Generau d\u2019Aran<\/em>, Oriol Sala, ha destacado que: \u201cEn el Departament d\u2019Innovacion tenemos un enorme inter\u00e9s en la formaci\u00f3n y difusi\u00f3n de conocimiento en ciberseguridad, ya que supone un importante desaf\u00edo en lo que se refiere a la protecci\u00f3n de datos\u201d.<\/p>\n<p>Una vez terminadas las ponencias, se llevar\u00e1n a cabo actividades durante el fin de semana que incluyen la presentaci\u00f3n de un proyecto novedoso con tecnolog\u00eda de realidad aumentada y visitas por algunas zonas emblem\u00e1ticas de la Val d\u2019Aran.<\/p>\n<p>Para la s\u00edndica d\u2019Aran, Maria Verg\u00e9s: \u201cQue la Val d\u2019Aran acoja congresos y jornadas como \u00e9stas es una muestra de voluntad y capacidad del territorio para ser un referente en \u00e1reas de tanta importancia hoy en d\u00eda como lo es la ciberseguridad\u201d, y a\u00f1ad\u00eda que \u201cEl objetivo de este congreso es dar a conocer buenas pr\u00e1cticas y soluciones a los territorios de monta\u00f1a de un problema que afecta tanto a las instituciones como a las empresas y a la ciudadan\u00eda\u201d.<\/p>\n<p>&nbsp;<\/p>\n ","protected":false},"excerpt":{"rendered":"<p>Los d\u00edas 24 y 25 de octubre se celebrar\u00e1 en Aran el primer Congreso de ciberseguridad con el objetivo de ofrecer soluciones efectivas a los retos que plantea la ciberseguridad actualmente. &nbsp; El Conselh Generau de Aran, a trav\u00e9s de H\u00e8pic, el Centre d\u2019Innovacion Territoriau de la Val d\u2019Aran, organiza con el apoyo de la&#8230;<\/p>\n","protected":false},"author":2,"featured_media":59050,"comment_status":"closed","ping_status":"closed","sticky":false,"template":"","format":"standard","meta":{"footnotes":""},"categories":[30,804,34,37],"tags":[],"_links":{"self":[{"href":"https:\/\/www.conselharan.org\/es\/wp-json\/wp\/v2\/posts\/59048"}],"collection":[{"href":"https:\/\/www.conselharan.org\/es\/wp-json\/wp\/v2\/posts"}],"about":[{"href":"https:\/\/www.conselharan.org\/es\/wp-json\/wp\/v2\/types\/post"}],"author":[{"embeddable":true,"href":"https:\/\/www.conselharan.org\/es\/wp-json\/wp\/v2\/users\/2"}],"replies":[{"embeddable":true,"href":"https:\/\/www.conselharan.org\/es\/wp-json\/wp\/v2\/comments?post=59048"}],"version-history":[{"count":3,"href":"https:\/\/www.conselharan.org\/es\/wp-json\/wp\/v2\/posts\/59048\/revisions"}],"predecessor-version":[{"id":59056,"href":"https:\/\/www.conselharan.org\/es\/wp-json\/wp\/v2\/posts\/59048\/revisions\/59056"}],"wp:featuredmedia":[{"embeddable":true,"href":"https:\/\/www.conselharan.org\/es\/wp-json\/wp\/v2\/media\/59050"}],"wp:attachment":[{"href":"https:\/\/www.conselharan.org\/es\/wp-json\/wp\/v2\/media?parent=59048"}],"wp:term":[{"taxonomy":"category","embeddable":true,"href":"https:\/\/www.conselharan.org\/es\/wp-json\/wp\/v2\/categories?post=59048"},{"taxonomy":"post_tag","embeddable":true,"href":"https:\/\/www.conselharan.org\/es\/wp-json\/wp\/v2\/tags?post=59048"}],"curies":[{"name":"wp","href":"https:\/\/api.w.org\/{rel}","templated":true}]}}