{"id":5906,"date":"2015-01-14T11:41:33","date_gmt":"2015-01-14T10:41:33","guid":{"rendered":"http:\/\/www.conselharan.org\/?p=5906"},"modified":"2015-01-14T11:41:33","modified_gmt":"2015-01-14T10:41:33","slug":"el-conselh-generau-daran-pone-a-disposicion-de-los-araneses-un-servicio-de-transporte-publico-gratuito-para-poder-asistir-a-la-votacion-de-la-propuesta-de-la-nueva-ley-de-aran","status":"publish","type":"post","link":"https:\/\/www.conselharan.org\/es\/el-conselh-generau-daran-pone-a-disposicion-de-los-araneses-un-servicio-de-transporte-publico-gratuito-para-poder-asistir-a-la-votacion-de-la-propuesta-de-la-nueva-ley-de-aran\/","title":{"rendered":"El Conselh Generau d\u2019Aran pone a disposici\u00f3n de los araneses un servicio de transporte p\u00fablico gratuito para poder asistir a la votaci\u00f3n de la propuesta de la Nueva Ley de Aran"},"content":{"rendered":"<p><strong>El d\u00eda 21 de enero, en la sesi\u00f3n plenaria del Parlamento de Catalu\u00f1a, se someter\u00e1 a votaci\u00f3n la propuesta de la Nueva Ley de Aran<\/strong><\/p>\n<p><a href=\"http:\/\/www.conselharan.org\/wp-content\/uploads\/2015\/01\/parlament_prepausa-naua-lei-d-Aran.jpg\"><img loading=\"lazy\" decoding=\"async\" class=\"aligncenter size-large wp-image-5902\" alt=\"parlament_prepausa naua lei d Aran\" src=\"http:\/\/www.conselharan.org\/wp-content\/uploads\/2015\/01\/parlament_prepausa-naua-lei-d-Aran-1024x682.jpg\" width=\"1024\" height=\"682\" srcset=\"https:\/\/www.conselharan.org\/wp-content\/uploads\/2015\/01\/parlament_prepausa-naua-lei-d-Aran-1024x682.jpg 1024w, https:\/\/www.conselharan.org\/wp-content\/uploads\/2015\/01\/parlament_prepausa-naua-lei-d-Aran-300x199.jpg 300w\" sizes=\"(max-width: 1024px) 100vw, 1024px\" \/><\/a><\/p>\n<p>El proceso de redacci\u00f3n de la propuesta de la nueva Ley de Aran se encuentra en el punto final. A d\u00eda de hoy est\u00e1n pr\u00e1cticamente cerrados los acuerdos generales, esto hace prever que el d\u00eda 21 de enero, en la sesi\u00f3n plenaria del Parlamento de Catalu\u00f1a, se someter\u00e1 a votaci\u00f3n la propuesta de la Nueva Ley de Aran.<\/p>\n<p>Ante este hecho hist\u00f3rico y trascendente para el presente y futuro de nuestro pa\u00eds, el Conselh Generau d\u2019Aran pone a disposici\u00f3n de los ciudadanos de Aran que deseen asistir a esta sesi\u00f3n un servicio de transporte p\u00fablico gratuito Vielha-Barcelona.<\/p>\n<p><strong>Las personas interesadas se tienen que poner en contacto con el Conselh Generau d\u2019Aran, tel\u00e9fono 973641801, Sra. Luisa Est\u00e9vez o bien en el mail <a href=\"l.estevez@aran.org\" target=\"_blank\">l.estevez@aran.org<\/a> para facilitar sus datos personales que permitan tramitar su acreditaci\u00f3n para acceder en el Parlamento de Catalu\u00f1a antes del lunes, d\u00eda 19 de enero.<\/strong><\/p>\n<p>Cuando se tenga constancia de la confirmaci\u00f3n y horario de la sesi\u00f3n plenaria se contactar\u00e1 telef\u00f3nicamente\/ correo electr\u00f3nico con las personas interesadas para confirmar horario y acreditaci\u00f3n.<\/p>\n ","protected":false},"excerpt":{"rendered":"<p>El d\u00eda 21 de enero, en la sesi\u00f3n plenaria del Parlamento de Catalu\u00f1a, se someter\u00e1 a votaci\u00f3n la propuesta de la Nueva Ley de Aran El proceso de redacci\u00f3n de la propuesta de la nueva Ley de Aran se encuentra en el punto final. A d\u00eda de hoy est\u00e1n pr\u00e1cticamente cerrados los acuerdos generales, esto&#8230;<\/p>\n","protected":false},"author":2,"featured_media":5902,"comment_status":"closed","ping_status":"closed","sticky":false,"template":"","format":"standard","meta":{"footnotes":""},"categories":[30,52,34,37],"tags":[],"_links":{"self":[{"href":"https:\/\/www.conselharan.org\/es\/wp-json\/wp\/v2\/posts\/5906"}],"collection":[{"href":"https:\/\/www.conselharan.org\/es\/wp-json\/wp\/v2\/posts"}],"about":[{"href":"https:\/\/www.conselharan.org\/es\/wp-json\/wp\/v2\/types\/post"}],"author":[{"embeddable":true,"href":"https:\/\/www.conselharan.org\/es\/wp-json\/wp\/v2\/users\/2"}],"replies":[{"embeddable":true,"href":"https:\/\/www.conselharan.org\/es\/wp-json\/wp\/v2\/comments?post=5906"}],"version-history":[{"count":1,"href":"https:\/\/www.conselharan.org\/es\/wp-json\/wp\/v2\/posts\/5906\/revisions"}],"predecessor-version":[{"id":5907,"href":"https:\/\/www.conselharan.org\/es\/wp-json\/wp\/v2\/posts\/5906\/revisions\/5907"}],"wp:featuredmedia":[{"embeddable":true,"href":"https:\/\/www.conselharan.org\/es\/wp-json\/wp\/v2\/media\/5902"}],"wp:attachment":[{"href":"https:\/\/www.conselharan.org\/es\/wp-json\/wp\/v2\/media?parent=5906"}],"wp:term":[{"taxonomy":"category","embeddable":true,"href":"https:\/\/www.conselharan.org\/es\/wp-json\/wp\/v2\/categories?post=5906"},{"taxonomy":"post_tag","embeddable":true,"href":"https:\/\/www.conselharan.org\/es\/wp-json\/wp\/v2\/tags?post=5906"}],"curies":[{"name":"wp","href":"https:\/\/api.w.org\/{rel}","templated":true}]}}