{"id":59074,"date":"2024-09-17T14:23:07","date_gmt":"2024-09-17T12:23:07","guid":{"rendered":"https:\/\/www.conselharan.org\/?p=59074"},"modified":"2024-09-17T14:23:08","modified_gmt":"2024-09-17T12:23:08","slug":"el-conselh-generau-daran-abre-hoy-el-periodo-de-preinscripciones-para-los-cursos-de-aranes","status":"publish","type":"post","link":"https:\/\/www.conselharan.org\/es\/el-conselh-generau-daran-abre-hoy-el-periodo-de-preinscripciones-para-los-cursos-de-aranes\/","title":{"rendered":"El Conselh Generau d\u2019Aran abre hoy el periodo de preinscripciones para los cursos de aran\u00e9s"},"content":{"rendered":"<p><a href=\"https:\/\/www.conselharan.org\/es\/el-conselh-generau-daran-abre-hoy-el-periodo-de-preinscripciones-para-los-cursos-de-aranes\/corsi-daranes-2\/\" rel=\"attachment wp-att-59069\"><img loading=\"lazy\" decoding=\"async\" class=\"aligncenter size-large wp-image-59069\" src=\"https:\/\/www.conselharan.org\/wp-content\/uploads\/2024\/09\/CORSI-DARANES-512x1024.jpg\" alt=\"\" width=\"512\" height=\"1024\" srcset=\"https:\/\/www.conselharan.org\/wp-content\/uploads\/2024\/09\/CORSI-DARANES-512x1024.jpg 512w, https:\/\/www.conselharan.org\/wp-content\/uploads\/2024\/09\/CORSI-DARANES-150x300.jpg 150w, https:\/\/www.conselharan.org\/wp-content\/uploads\/2024\/09\/CORSI-DARANES-768x1536.jpg 768w, https:\/\/www.conselharan.org\/wp-content\/uploads\/2024\/09\/CORSI-DARANES.jpg 1000w\" sizes=\"(max-width: 512px) 100vw, 512px\" \/><\/a><\/p>\n<ul>\n<li>\n<h3><strong>El gobierno d\u2019Aran ofrece estos cursos, adaptados a diferentes niveles, horarios y en modalidad presencial y\/o telem\u00e1tica (seg\u00fan el nivel).<\/strong><\/h3>\n<\/li>\n<li>\n<h3><strong>Las preinscripciones se pueden hacer desde hoy en la web oficial del aran\u00e9s.<\/strong><\/h3>\n<\/li>\n<\/ul>\n<p>&nbsp;<\/p>\n<p><span style=\"font-family: 'Lato',sans-serif; color: black;\">A partir de hoy y hasta el pr\u00f3ximo lunes 23 de septiembre, est\u00e1n abiertas las preinscripciones online para los cursos de aran\u00e9s 2024-2025 del Conselh Genenerau d\u2019Aran, adaptados a sus diferentes niveles.<\/span><\/p>\n<p><span style=\"font-family: 'Lato',sans-serif; color: black;\">\u201cEstos cursos de aran\u00e9s representan un instrumento muy importante para mantener viva la lengua, normalizarla y acercarla a las personas que vienen por primera vez y para todas aquellas que quieren complementar sus conocimientos\u201d afirma la s\u00edndica d\u2019Aran, Maria Verg\u00e9s. <\/span><\/p>\n<p><span style=\"font-family: 'Lato',sans-serif; color: black;\">Las personas interesadas ya se pueden inscribir, recordar que las plazas son limitadas y se asignar\u00e1n por sorteo. Una vez hecha la preinscripci\u00f3n recibir\u00e1n un correo electr\u00f3nico (entre los d\u00edas 26 de septiembre y 4 de octubre) d\u00f3nde se incluir\u00e1 el n\u00famero de cuenta bancaria para efectuar el pago de matr\u00edcula. Las clases se iniciar\u00e1n la semana del 14 de octubre.<\/span><\/p>\n<p><span style=\"font-family: 'Lato',sans-serif; color: black;\">Loa horarios, por nivel, son:<\/span><\/p>\n<p><span style=\"font-family: 'Lato',sans-serif; color: black;\">\u00b7 Nivel A1 (presencial): los lunes, de 18:00 a 20:00 horas.<\/span><\/p>\n<p><span style=\"font-family: 'Lato',sans-serif; color: black;\">(on line): jueves, de 18 a 20:00 horas.<\/span><\/p>\n<p><span style=\"font-family: 'Lato',sans-serif; color: black;\">\u00b7 Nivel A2 (d\u00eda por decidir) de 18:00 a 20:00 horas.<\/span><\/p>\n<p><span style=\"font-family: 'Lato',sans-serif; color: black;\">\u00b7 Nivel B1 (presencial): los lunes, de 19:00 a 21:00 horas.<\/span><\/p>\n<p><span style=\"font-family: 'Lato',sans-serif; color: black;\">(on line): los martes, de 18:00 a 20:00 horas.<\/span><\/p>\n<p><span style=\"font-family: 'Lato',sans-serif; color: black;\">\u00b7 Nivel B2 (presencial): los mi\u00e9rcoles, de 18:00 a 20:00 horas.<\/span><\/p>\n<p><span style=\"font-family: 'Lato',sans-serif; color: black;\">(on line): los martes, de 18:00 a 20:00 horas.<\/span><\/p>\n<p><span style=\"font-family: 'Lato',sans-serif; color: black;\">\u00b7 Nivel C1 (on line): los martes, de 18:00 a 20:00 horas.<\/span><\/p>\n<p><span style=\"font-family: 'Lato',sans-serif; color: black;\">El precio de la matr\u00edcula es de 52 euros; para el personal de administraci\u00f3n es de 26 euros, las inscripciones son gratuitas para los estudiantes empadronados en Aran y para las personas en situaci\u00f3n de paro o jubilaci\u00f3n. Para todas las tarifas reducidas se deber\u00e1 adjuntar un justificante.<\/span><\/p>\n<p><span style=\"font-family: 'Lato',sans-serif; color: black;\">Los ex\u00e1menes se har\u00e1n en primera convocatoria, en Vielha y Barcelona, en los meses de mayo y junio de 2025 y en segunda convocatoria en Vielha, en septiembre de 2025. Las preinscripciones se pueden hacer a trav\u00e9s de https:\/\/aranes.conselharan.org\/corsi-daranes\/.<\/span><\/p>\n ","protected":false},"excerpt":{"rendered":"<p>El gobierno d\u2019Aran ofrece estos cursos, adaptados a diferentes niveles, horarios y en modalidad presencial y\/o telem\u00e1tica (seg\u00fan el nivel). Las preinscripciones se pueden hacer desde hoy en la web oficial del aran\u00e9s. &nbsp; A partir de hoy y hasta el pr\u00f3ximo lunes 23 de septiembre, est\u00e1n abiertas las preinscripciones online para los cursos de&#8230;<\/p>\n","protected":false},"author":2,"featured_media":59082,"comment_status":"closed","ping_status":"closed","sticky":false,"template":"","format":"standard","meta":{"footnotes":""},"categories":[30,792,52,132,34,37],"tags":[],"_links":{"self":[{"href":"https:\/\/www.conselharan.org\/es\/wp-json\/wp\/v2\/posts\/59074"}],"collection":[{"href":"https:\/\/www.conselharan.org\/es\/wp-json\/wp\/v2\/posts"}],"about":[{"href":"https:\/\/www.conselharan.org\/es\/wp-json\/wp\/v2\/types\/post"}],"author":[{"embeddable":true,"href":"https:\/\/www.conselharan.org\/es\/wp-json\/wp\/v2\/users\/2"}],"replies":[{"embeddable":true,"href":"https:\/\/www.conselharan.org\/es\/wp-json\/wp\/v2\/comments?post=59074"}],"version-history":[{"count":4,"href":"https:\/\/www.conselharan.org\/es\/wp-json\/wp\/v2\/posts\/59074\/revisions"}],"predecessor-version":[{"id":59078,"href":"https:\/\/www.conselharan.org\/es\/wp-json\/wp\/v2\/posts\/59074\/revisions\/59078"}],"wp:featuredmedia":[{"embeddable":true,"href":"https:\/\/www.conselharan.org\/es\/wp-json\/wp\/v2\/media\/59082"}],"wp:attachment":[{"href":"https:\/\/www.conselharan.org\/es\/wp-json\/wp\/v2\/media?parent=59074"}],"wp:term":[{"taxonomy":"category","embeddable":true,"href":"https:\/\/www.conselharan.org\/es\/wp-json\/wp\/v2\/categories?post=59074"},{"taxonomy":"post_tag","embeddable":true,"href":"https:\/\/www.conselharan.org\/es\/wp-json\/wp\/v2\/tags?post=59074"}],"curies":[{"name":"wp","href":"https:\/\/api.w.org\/{rel}","templated":true}]}}