{"id":5924,"date":"2015-01-14T08:00:11","date_gmt":"2015-01-14T07:00:11","guid":{"rendered":"http:\/\/www.conselharan.org\/?p=5924"},"modified":"2015-01-14T15:30:07","modified_gmt":"2015-01-14T14:30:07","slug":"buen-debut-de-los-u14-del-caei","status":"publish","type":"post","link":"https:\/\/www.conselharan.org\/es\/buen-debut-de-los-u14-del-caei\/","title":{"rendered":"Buen debut de los U14 del CAEI"},"content":{"rendered":"<p><strong>El pasado fin de semana, 10 y 11 de enero, se disputaron en la estaci\u00f3n de Masella las primeras pruebas puntuables de la Liga Catalana de esqu\u00ed alpino en la Categor\u00eda de U14<\/strong><\/p>\n<p><a href=\"http:\/\/www.conselharan.org\/wp-content\/uploads\/2015\/01\/Peir-Consul_CAEI-U14.jpg\"><img loading=\"lazy\" decoding=\"async\" class=\"aligncenter size-large wp-image-5920\" alt=\"Peir Consul_CAEI U14\" src=\"http:\/\/www.conselharan.org\/wp-content\/uploads\/2015\/01\/Peir-Consul_CAEI-U14-1024x682.jpg\" width=\"1024\" height=\"682\" srcset=\"https:\/\/www.conselharan.org\/wp-content\/uploads\/2015\/01\/Peir-Consul_CAEI-U14-1024x682.jpg 1024w, https:\/\/www.conselharan.org\/wp-content\/uploads\/2015\/01\/Peir-Consul_CAEI-U14-300x200.jpg 300w\" sizes=\"(max-width: 1024px) 100vw, 1024px\" \/><\/a><em>El joven aran\u00e9s del CAEI, P\u00e8ir C\u00f3nsul.<\/em><\/p>\n<p>&nbsp;<\/p>\n<p>Debido a la falta de nieve se tuvo que anular el GS del s\u00e1bado y se realizaron dos slalom, pero esto no impidi\u00f3 que los corredores del <strong>CAEI<\/strong> hicieran un buen papel en las pruebas.<\/p>\n<p>El s\u00e1bado, el aran\u00e9s<strong> P\u00e8ir C\u00f3nsul<\/strong> y<strong> Carlota Pomes<\/strong>, se quedaron a las puertas del triunfo, consiguiendo un merecido segundo puesto en sus respectivas categor\u00edas.<\/p>\n<p>El domingo parec\u00eda que todo iba a salir redondo ya que los corredores del <strong>CAEI<\/strong> acabaron la primera manga ocupando las 3 posiciones de cabeza, pero s\u00f3lo <strong>P\u00e8ir C\u00f3nsul <\/strong>y<strong> \u00c1lvaro Chalbaud<\/strong> fueron capaces de aguantar la presi\u00f3n y mantenerse en primera y segunda posici\u00f3n respectivamente. No fue esa la suerte de <strong>David Eseverri <\/strong>y<strong> Carlota Pomes<\/strong> que despu\u00e9s de una buena primera manga, que les situaba terceros en sus respectivas categor\u00edas, cometieron algunos errores en la segunda manga que les alejaron del p\u00f3dium.<\/p>\n<p>Ahora estos corredores tienen un fin de semana de entrenamiento para poder preparar la pr\u00f3xima competici\u00f3n que se disputar\u00e1 en la Molina. Se trata de la prueba correspondiente a la 1\u00aa Fase de la Copa Espa\u00f1a en la cual <strong>el club aran\u00e9s estar\u00e1 representado por 14 deportistas<\/strong> que se ganaron la plaza tras la competici\u00f3n de este fin de semana.<\/p>\n ","protected":false},"excerpt":{"rendered":"<p>El pasado fin de semana, 10 y 11 de enero, se disputaron en la estaci\u00f3n de Masella las primeras pruebas puntuables de la Liga Catalana de esqu\u00ed alpino en la Categor\u00eda de U14 El joven aran\u00e9s del CAEI, P\u00e8ir C\u00f3nsul. &nbsp; Debido a la falta de nieve se tuvo que anular el GS del s\u00e1bado&#8230;<\/p>\n","protected":false},"author":2,"featured_media":5920,"comment_status":"closed","ping_status":"closed","sticky":false,"template":"","format":"standard","meta":{"footnotes":""},"categories":[34,37],"tags":[],"_links":{"self":[{"href":"https:\/\/www.conselharan.org\/es\/wp-json\/wp\/v2\/posts\/5924"}],"collection":[{"href":"https:\/\/www.conselharan.org\/es\/wp-json\/wp\/v2\/posts"}],"about":[{"href":"https:\/\/www.conselharan.org\/es\/wp-json\/wp\/v2\/types\/post"}],"author":[{"embeddable":true,"href":"https:\/\/www.conselharan.org\/es\/wp-json\/wp\/v2\/users\/2"}],"replies":[{"embeddable":true,"href":"https:\/\/www.conselharan.org\/es\/wp-json\/wp\/v2\/comments?post=5924"}],"version-history":[{"count":1,"href":"https:\/\/www.conselharan.org\/es\/wp-json\/wp\/v2\/posts\/5924\/revisions"}],"predecessor-version":[{"id":5925,"href":"https:\/\/www.conselharan.org\/es\/wp-json\/wp\/v2\/posts\/5924\/revisions\/5925"}],"wp:featuredmedia":[{"embeddable":true,"href":"https:\/\/www.conselharan.org\/es\/wp-json\/wp\/v2\/media\/5920"}],"wp:attachment":[{"href":"https:\/\/www.conselharan.org\/es\/wp-json\/wp\/v2\/media?parent=5924"}],"wp:term":[{"taxonomy":"category","embeddable":true,"href":"https:\/\/www.conselharan.org\/es\/wp-json\/wp\/v2\/categories?post=5924"},{"taxonomy":"post_tag","embeddable":true,"href":"https:\/\/www.conselharan.org\/es\/wp-json\/wp\/v2\/tags?post=5924"}],"curies":[{"name":"wp","href":"https:\/\/api.w.org\/{rel}","templated":true}]}}