{"id":5956,"date":"2015-01-19T10:23:37","date_gmt":"2015-01-19T09:23:37","guid":{"rendered":"http:\/\/www.conselharan.org\/?p=5956"},"modified":"2015-01-19T10:23:37","modified_gmt":"2015-01-19T09:23:37","slug":"la-36-edicion-de-la-marxa-beret-cuenta-este-ano-con-el-campeonato-de-espana-de-larga-distancia","status":"publish","type":"post","link":"https:\/\/www.conselharan.org\/es\/la-36-edicion-de-la-marxa-beret-cuenta-este-ano-con-el-campeonato-de-espana-de-larga-distancia\/","title":{"rendered":"La 36 Edici\u00f3n de la Marxa Beret cuenta este a\u00f1o con el Campeonato de Espa\u00f1a de larga distancia"},"content":{"rendered":"<p><strong>La 36\u00aa edici\u00f3n de la Marxa Beret tendr\u00e1 lugar durante el fin de semana del 30 de enero al 1 de febrero de 2015 en el Pla de Beret<\/strong><br \/>\n<strong><\/strong><\/p>\n<p><strong>Beret acoger\u00e1 el Campeonato de Espa\u00f1a de Larga Distancia de esqu\u00ed de fondo el s\u00e1bado 31 de enero<\/strong><br \/>\n<strong><\/strong><\/p>\n<p><strong>Las inscripciones por internet se cierran el 29 de enero<\/strong><\/p>\n<p><a href=\"http:\/\/www.conselharan.org\/wp-content\/uploads\/2015\/01\/BERET_.jpg\"><img loading=\"lazy\" decoding=\"async\" class=\"aligncenter size-large wp-image-5952\" alt=\"BERET_\" src=\"http:\/\/www.conselharan.org\/wp-content\/uploads\/2015\/01\/BERET_-1024x469.jpg\" width=\"1024\" height=\"469\" srcset=\"https:\/\/www.conselharan.org\/wp-content\/uploads\/2015\/01\/BERET_-1024x469.jpg 1024w, https:\/\/www.conselharan.org\/wp-content\/uploads\/2015\/01\/BERET_-300x137.jpg 300w\" sizes=\"(max-width: 1024px) 100vw, 1024px\" \/><\/a><\/p>\n<p>A\u00f1o tras a\u00f1o, el primer fin de semana de febrero se re\u00fanen en Baqueira Beret (Pla de Beret) miles de fondistas para participar en la Marcha Beret. Se trata de la mejor prueba deportiva de fondo de Espa\u00f1a, puntuable para el circuito EUROLOPPET, que engloba las mejores carreras europeas de esta modalidad.<\/p>\n<p>Desde 1978 la Marcha Beret viene sucedi\u00e9ndose y mejorando tanto en calidad como en n\u00famero de inscritos. Teniendo en estos momentos alrededor de 1000 participantes.<\/p>\n<p>El pr\u00f3ximo 1 de febrero de 2015 se celebrar\u00e1 la 36 edici\u00f3n de esta carrera con el objetivo de una mayor participaci\u00f3n y lograr un alcance m\u00e1s internacional. La carrera propone 3 distancias: 10, 21 y 42 km. que transcurren por el Pla de Beret a 1.850m de altitud y que pasan por el pueblo de Montgarri.<\/p>\n<p>Esta edici\u00f3n, la preparaci\u00f3n est\u00e1 siendo m\u00e1s intensa todav\u00eda debido a la adaptaci\u00f3n de la competici\u00f3n a las exigencias que comporta la organizaci\u00f3n de los Campeonatos de Europa de Larga Distancia ya que la Marxa Beret ha sido la sede escogida para la organizaci\u00f3n de este evento para la temporada 2015\/2016. Adem\u00e1s, la carrera aranesa es puntuable FIS y est\u00e1 dentro del calendario Euroloppet que re\u00fane las marchas populares de esqu\u00ed de fondo m\u00e1s importantes de Europa.<\/p>\n<p>La Marxa Beret adem\u00e1s de atraer a participantes de alto nivel como el esquiador vasco de la Real Federaci\u00f3n Deportes de Invierno (RFEDI) Ioseba Rojo, ganador de la pasada edici\u00f3n, tambi\u00e9n atrae a gran cantidad de familias y grupos de amigos que participan de manera popular. La organizaci\u00f3n tambi\u00e9n ha destacado que entre los corredores de \u00e9lite presentes habr\u00e1 participantes e Finlandia, Noruega, Estonia y Francia.<\/p>\n<p><strong>Campeonato de Espa\u00f1a de larga distancia<\/strong><\/p>\n<p>El s\u00e1bado 31 de enero se realizar\u00e1 en el Pla Beret el Campeonato de Espa\u00f1a de larga distancia, una prueba en estilo libre (Skating) que tendr\u00e1 dos recorridos, uno de 15 Km. y otro de 31 Km. La prueba est\u00e1 dentro de las actividades que se hacen con motivo de la 36 Marxa Beret.<\/p>\n<p>La Marxa Beretes es promovida por el Conselh Generau d\u2019Aran, Baqueira Beret y el Ayuntamiento de Naut Aran con la colaboraci\u00f3n de la Asociaci\u00f3n Volentaris Val d\u2019Aran y otros organismos, adem\u00e1s de la Real Federaci\u00f3n Espa\u00f1ola Deportes de Invierno y la Federaci\u00f3 Catalana Esports d&#8217;Hivern.<\/p>\n<p><strong>Las inscripciones v\u00eda internet est\u00e1n abiertas hasta el 29 de enero (<a href=\"http:\/\/www.marxaberet.com\" target=\"_blank\">www.marxaberet.com<\/a>).<\/strong><\/p>\n ","protected":false},"excerpt":{"rendered":"<p>La 36\u00aa edici\u00f3n de la Marxa Beret tendr\u00e1 lugar durante el fin de semana del 30 de enero al 1 de febrero de 2015 en el Pla de Beret Beret acoger\u00e1 el Campeonato de Espa\u00f1a de Larga Distancia de esqu\u00ed de fondo el s\u00e1bado 31 de enero Las inscripciones por internet se cierran el 29&#8230;<\/p>\n","protected":false},"author":2,"featured_media":5952,"comment_status":"closed","ping_status":"closed","sticky":false,"template":"","format":"standard","meta":{"footnotes":""},"categories":[30,34,37],"tags":[],"_links":{"self":[{"href":"https:\/\/www.conselharan.org\/es\/wp-json\/wp\/v2\/posts\/5956"}],"collection":[{"href":"https:\/\/www.conselharan.org\/es\/wp-json\/wp\/v2\/posts"}],"about":[{"href":"https:\/\/www.conselharan.org\/es\/wp-json\/wp\/v2\/types\/post"}],"author":[{"embeddable":true,"href":"https:\/\/www.conselharan.org\/es\/wp-json\/wp\/v2\/users\/2"}],"replies":[{"embeddable":true,"href":"https:\/\/www.conselharan.org\/es\/wp-json\/wp\/v2\/comments?post=5956"}],"version-history":[{"count":1,"href":"https:\/\/www.conselharan.org\/es\/wp-json\/wp\/v2\/posts\/5956\/revisions"}],"predecessor-version":[{"id":5957,"href":"https:\/\/www.conselharan.org\/es\/wp-json\/wp\/v2\/posts\/5956\/revisions\/5957"}],"wp:featuredmedia":[{"embeddable":true,"href":"https:\/\/www.conselharan.org\/es\/wp-json\/wp\/v2\/media\/5952"}],"wp:attachment":[{"href":"https:\/\/www.conselharan.org\/es\/wp-json\/wp\/v2\/media?parent=5956"}],"wp:term":[{"taxonomy":"category","embeddable":true,"href":"https:\/\/www.conselharan.org\/es\/wp-json\/wp\/v2\/categories?post=5956"},{"taxonomy":"post_tag","embeddable":true,"href":"https:\/\/www.conselharan.org\/es\/wp-json\/wp\/v2\/tags?post=5956"}],"curies":[{"name":"wp","href":"https:\/\/api.w.org\/{rel}","templated":true}]}}