{"id":59701,"date":"2024-10-29T13:21:12","date_gmt":"2024-10-29T12:21:12","guid":{"rendered":"https:\/\/www.conselharan.org\/eth-conselh-generau-daran-continue-damb-es-trabalhs-de-milhora-e-conservacion-des-camins-dera-val-daran\/"},"modified":"2024-12-12T11:49:29","modified_gmt":"2024-12-12T10:49:29","slug":"eth-conselh-generau-daran-continue-damb-es-trabalhs-de-milhora-e-conservacion-des-camins-dera-val-daran","status":"publish","type":"post","link":"https:\/\/www.conselharan.org\/es\/eth-conselh-generau-daran-continue-damb-es-trabalhs-de-milhora-e-conservacion-des-camins-dera-val-daran\/","title":{"rendered":"El Conselh Generau d\u2019Aran contin\u00faa con la agenda de mejora y conservaci\u00f3n de los caminos de la Val d\u2019Aran para este 2024"},"content":{"rendered":"<p><a href=\"https:\/\/www.conselharan.org\/es\/eth-conselh-generau-daran-continue-damb-es-trabalhs-de-milhora-e-conservacion-des-camins-dera-val-daran\/29-101-2-2\/\" rel=\"attachment wp-att-59692\"><img loading=\"lazy\" decoding=\"async\" class=\"aligncenter size-large wp-image-59692\" src=\"https:\/\/www.conselharan.org\/wp-content\/uploads\/2024\/10\/29.101-1-1024x872.jpg\" alt=\"\" width=\"1024\" height=\"872\" srcset=\"https:\/\/www.conselharan.org\/wp-content\/uploads\/2024\/10\/29.101-1-1024x872.jpg 1024w, https:\/\/www.conselharan.org\/wp-content\/uploads\/2024\/10\/29.101-1-300x255.jpg 300w, https:\/\/www.conselharan.org\/wp-content\/uploads\/2024\/10\/29.101-1-768x654.jpg 768w, https:\/\/www.conselharan.org\/wp-content\/uploads\/2024\/10\/29.101-1.jpg 1536w\" sizes=\"(max-width: 1024px) 100vw, 1024px\" \/><\/a><\/p>\n<h3><strong>\u00a0<\/strong><\/h3>\n<h3>\u00b7\u00a0\u00a0\u00a0\u00a0\u00a0\u00a0\u00a0 Estas mejoras afectan del Salt del Pish hasta Bagergue y de Bagergue hasta la carretera de acceso por el plan Beret.<\/h3>\n<p><strong>\u00a0<\/strong>Estos d\u00edas han empezado, despu\u00e9s de la intervenci\u00f3n de la carretera de acceso por Canejan, los trabajos de adecuaci\u00f3n de la pista del Saut deth Pish hasta Bagergue y de Bagergue hasta la carretera de acceso al Plan Beret.<\/p>\n<p>El camino d \u2018acceso por el Saut deth Pish es uno de los lugares de Inter\u00e9s tur\u00edstico del Valle de Ar\u00e1n, que los meses de junio a septiembre se colapse a consecuencia de la a\ufb02uencia de visitantes. Para poder dar una nueva entrada por este lugar se mejora el acceso por la pista por Bagergue. Adem\u00e1s, este camino puede servir de conexi\u00f3n entre los pueblos de Bagergue y Arr\u00f2s. En este sector, los trabajos han consistido en la reparaci\u00f3n de los pasos de agua, la construcci\u00f3n del foso y la reconstrucci\u00f3n del guardarra\u00edl de piedra. Ahora se trabaja en la mejora de los m\u00e1rgenes en un sector de la carretera.<\/p>\n<p>&nbsp;<\/p>\n<p><a href=\"https:\/\/www.conselharan.org\/es\/eth-conselh-generau-daran-continue-damb-es-trabalhs-de-milhora-e-conservacion-des-camins-dera-val-daran\/29-10-2-2\/\" rel=\"attachment wp-att-59695\"><img loading=\"lazy\" decoding=\"async\" class=\"aligncenter size-large wp-image-59695\" src=\"https:\/\/www.conselharan.org\/wp-content\/uploads\/2024\/10\/29.10-1-1024x761.jpg\" alt=\"\" width=\"1024\" height=\"761\" srcset=\"https:\/\/www.conselharan.org\/wp-content\/uploads\/2024\/10\/29.10-1-1024x761.jpg 1024w, https:\/\/www.conselharan.org\/wp-content\/uploads\/2024\/10\/29.10-1-300x223.jpg 300w, https:\/\/www.conselharan.org\/wp-content\/uploads\/2024\/10\/29.10-1-768x571.jpg 768w, https:\/\/www.conselharan.org\/wp-content\/uploads\/2024\/10\/29.10-1.jpg 1536w\" sizes=\"(max-width: 1024px) 100vw, 1024px\" \/><\/a><\/p>\n<p>La segunda intervenci\u00f3n es prevista en otro punto de inter\u00e9s, el que mujer acceso por el Bastante Beret. A este punto se accede actualmente por la C-142b por Baqueira. Con esta mejora se quiere dar entrada al Plan de Beret por Bagergue.<\/p>\n<p>En este sentido, tambi\u00e9n hay que se\u00f1alar que se trabaja en la mejora de acceso al n\u00facleo diseminado de Era M\u00f2la de Es B\u00f2rdes.<\/p>\n<p>Hay que recordar que el plan de acci\u00f3n es dentro de los trabajos de mejora y conservaci\u00f3n de los caminos de la Val d&#8217;Aran y que ha incluido tambi\u00e9n la intervenci\u00f3n de acceso por el n\u00facleo de Canejan por la N-230 y que consist\u00edan en la pavimentaci\u00f3n con aglomerado asf\u00e1ltico, en la recuperaci\u00f3n de la super\ufb01cie transitable en los m\u00e1rgenes y mejorar la seguridad del tr\u00e1\ufb01co en carretera a lo largo de la carretera.<\/p>\n<p>Estas intervenciones reciben una subvenci\u00f3n del Departament de Territorio, Vivienda y Transici\u00f3n Ecol\u00f3gica de la Generalitat de Catalunya con la colaboraci\u00f3n de la Direcci\u00f3 General de Pol\u00edtiques de Muntanya, dentro de la l\u00ednea de acciones de mejora y conservaci\u00f3n de caminos de la red vecinal y rural en las comarcas de monta\u00f1a y Aran para el a\u00f1o 2024.<\/p>\n<p>&nbsp;<\/p>\n<p><em>Vielha, 29 de octubre 2024<\/em><\/p>\n ","protected":false},"excerpt":{"rendered":"<p>\u00a0 \u00b7\u00a0\u00a0\u00a0\u00a0\u00a0\u00a0\u00a0 Estas mejoras afectan del Salt del Pish hasta Bagergue y de Bagergue hasta la carretera de acceso por el plan Beret. \u00a0Estos d\u00edas han empezado, despu\u00e9s de la intervenci\u00f3n de la carretera de acceso por Canejan, los trabajos de adecuaci\u00f3n de la pista del Saut deth Pish hasta Bagergue y de Bagergue hasta&#8230;<\/p>\n","protected":false},"author":2,"featured_media":59694,"comment_status":"closed","ping_status":"closed","sticky":false,"template":"","format":"standard","meta":{"footnotes":""},"categories":[30,52,126,37,137],"tags":[],"_links":{"self":[{"href":"https:\/\/www.conselharan.org\/es\/wp-json\/wp\/v2\/posts\/59701"}],"collection":[{"href":"https:\/\/www.conselharan.org\/es\/wp-json\/wp\/v2\/posts"}],"about":[{"href":"https:\/\/www.conselharan.org\/es\/wp-json\/wp\/v2\/types\/post"}],"author":[{"embeddable":true,"href":"https:\/\/www.conselharan.org\/es\/wp-json\/wp\/v2\/users\/2"}],"replies":[{"embeddable":true,"href":"https:\/\/www.conselharan.org\/es\/wp-json\/wp\/v2\/comments?post=59701"}],"version-history":[{"count":6,"href":"https:\/\/www.conselharan.org\/es\/wp-json\/wp\/v2\/posts\/59701\/revisions"}],"predecessor-version":[{"id":60512,"href":"https:\/\/www.conselharan.org\/es\/wp-json\/wp\/v2\/posts\/59701\/revisions\/60512"}],"wp:featuredmedia":[{"embeddable":true,"href":"https:\/\/www.conselharan.org\/es\/wp-json\/wp\/v2\/media\/59694"}],"wp:attachment":[{"href":"https:\/\/www.conselharan.org\/es\/wp-json\/wp\/v2\/media?parent=59701"}],"wp:term":[{"taxonomy":"category","embeddable":true,"href":"https:\/\/www.conselharan.org\/es\/wp-json\/wp\/v2\/categories?post=59701"},{"taxonomy":"post_tag","embeddable":true,"href":"https:\/\/www.conselharan.org\/es\/wp-json\/wp\/v2\/tags?post=59701"}],"curies":[{"name":"wp","href":"https:\/\/api.w.org\/{rel}","templated":true}]}}