{"id":59846,"date":"2024-11-10T19:18:05","date_gmt":"2024-11-10T18:18:05","guid":{"rendered":"https:\/\/www.conselharan.org\/era-sindica-daran-recep-eth-certificat-oficiau-dera-val-daran-com-a-reserva-dera-biosfera\/"},"modified":"2024-11-11T13:53:09","modified_gmt":"2024-11-11T12:53:09","slug":"era-sindica-daran-recep-eth-certificat-oficiau-dera-val-daran-com-a-reserva-dera-biosfera","status":"publish","type":"post","link":"https:\/\/www.conselharan.org\/es\/era-sindica-daran-recep-eth-certificat-oficiau-dera-val-daran-com-a-reserva-dera-biosfera\/","title":{"rendered":"Aran, recibe el certificado Oficial de la Val d\u2019Aran como reserva de la Biosfera"},"content":{"rendered":"<p><a href=\"https:\/\/www.conselharan.org\/es\/era-sindica-daran-recep-eth-certificat-oficiau-dera-val-daran-com-a-reserva-dera-biosfera\/reserva-biosfera-2-2\/\" rel=\"attachment wp-att-59829\"><img loading=\"lazy\" decoding=\"async\" class=\"aligncenter size-large wp-image-59829\" src=\"https:\/\/www.conselharan.org\/wp-content\/uploads\/2024\/11\/Reserva-Biosfera-1024x576.jpeg\" alt=\"\" width=\"1024\" height=\"576\" srcset=\"https:\/\/www.conselharan.org\/wp-content\/uploads\/2024\/11\/Reserva-Biosfera-1024x576.jpeg 1024w, https:\/\/www.conselharan.org\/wp-content\/uploads\/2024\/11\/Reserva-Biosfera-300x169.jpeg 300w, https:\/\/www.conselharan.org\/wp-content\/uploads\/2024\/11\/Reserva-Biosfera-768x432.jpeg 768w, https:\/\/www.conselharan.org\/wp-content\/uploads\/2024\/11\/Reserva-Biosfera-1536x864.jpeg 1536w, https:\/\/www.conselharan.org\/wp-content\/uploads\/2024\/11\/Reserva-Biosfera-2048x1152.jpeg 2048w\" sizes=\"(max-width: 1024px) 100vw, 1024px\" \/><\/a><\/p>\n<ul>\n<li><strong>\u00a0<\/strong><strong>El Palacio de Deportes de Vielha acog\u00eda el s\u00e1bado el acto de entrega del certificado oficial de la Val d\u2019Aran como Reserva de la Biosfera por la UNESCO. La s\u00edndica de Aran, Maria Verg\u00e9s recib\u00eda de manos del secretario general por el Reto Demogr\u00e1fico, Franc\u00e9s Boya, la certificaci\u00f3n oficial de \u00e9ste nombramiento por parte del Estado, en representaci\u00f3n del Ministerio de Transici\u00f3n Ecol\u00f3gica y Reto Demogr\u00e1fico.<\/strong><\/li>\n<\/ul>\n<p>El Conselh Generau d\u2019Aran ha trabajado a lo largo de cuatro a\u00f1os en esta candidatura, impulsada en 2020, durante el gobierno del s\u00edndic Franc\u00e9s Boya, con el programa de participaci\u00f3n ciudadana ARAN 2030, y que fue en primer lugar aceptada por el Ministerio de Transici\u00f3n Ecol\u00f3gica y Reto Demogr\u00e1fico del gobierno del Estado y, posteriormente, enviada al comit\u00e9 de la UNESCO que la aprob\u00f3 definitivamente.<\/p>\n<p>La s\u00edndica de Aran, Maria Verg\u00e9s, manifestaba \u201cesta distinci\u00f3n por parte de la UNESCO es un hecho hist\u00f3rico que nos reafirma en el compromiso que como gobierno mantenemos con Aran y su gente\u201d y a\u00f1ad\u00eda que \u201cser Reserva de la Biosfera de la UNESCO es tambi\u00e9n un importante reconocimiento en la l\u00ednea de acci\u00f3n y al proyecto de pa\u00eds que el gobierno del Conselh Generau d\u2019Aran lleva a cabo, y reafirma que estamos en el buen camino para hacer de Aran un territorio con futuro para su ciudadan\u00eda, y tambi\u00e9n para liderar en el Pirineo una estrategia conjunta de desarrollo sostenible\u201d.<\/p>\n<p>Esto es un hito hist\u00f3rico para Aran que no se hab\u00eda conseguido nunca, que supone un reconocimiento internacional y que nos sit\u00faa como territorio referente para el impulso de buenas pr\u00e1cticas en el desarrollo territorial, ambiental y socioecon\u00f3mico.<\/p>\n<p>&nbsp;<\/p>\n<p><a href=\"https:\/\/www.conselharan.org\/es\/era-sindica-daran-recep-eth-certificat-oficiau-dera-val-daran-com-a-reserva-dera-biosfera\/reserva-biosfera-1-2\/\" rel=\"attachment wp-att-59832\"><img loading=\"lazy\" decoding=\"async\" class=\"aligncenter size-large wp-image-59832\" src=\"https:\/\/www.conselharan.org\/wp-content\/uploads\/2024\/11\/Reserva-Biosfera-1-1024x714.jpeg\" alt=\"\" width=\"1024\" height=\"714\" srcset=\"https:\/\/www.conselharan.org\/wp-content\/uploads\/2024\/11\/Reserva-Biosfera-1-1024x714.jpeg 1024w, https:\/\/www.conselharan.org\/wp-content\/uploads\/2024\/11\/Reserva-Biosfera-1-300x209.jpeg 300w, https:\/\/www.conselharan.org\/wp-content\/uploads\/2024\/11\/Reserva-Biosfera-1-768x536.jpeg 768w, https:\/\/www.conselharan.org\/wp-content\/uploads\/2024\/11\/Reserva-Biosfera-1-1536x1071.jpeg 1536w, https:\/\/www.conselharan.org\/wp-content\/uploads\/2024\/11\/Reserva-Biosfera-1.jpeg 1999w\" sizes=\"(max-width: 1024px) 100vw, 1024px\" \/><\/a><\/p>\n<p>La celebraci\u00f3n contaba con la interpretaci\u00f3n de los grupos de danzas de Aran en representaci\u00f3n de la cultura aranesa, uno de los pilares de la candidatura que present\u00f3 la Val d\u2019Aran en la UNESCO, un acto abierto al p\u00fablico donde\u00a0\u00a0 participaban una buena parte del tejido social y econ\u00f3mico del pa\u00eds.<\/p>\n<p>La declaraci\u00f3n de la Val d\u2019Aran como Reserva de la Biosfera se hizo en Agadir (Marruecos) el pasado mes de julio, durante la 36a edici\u00f3n del Consejo Internacional de Coordinaci\u00f3n de la UNESCO por el programa \u201cHombre y biosfera\u201d, donde asisti\u00f3 la s\u00edndica de Aran con una representaci\u00f3n del equipo t\u00e9cnico que ha trabajado en la candidatura, y tambi\u00e9n representantes del Ministerio de Transici\u00f3n Ecol\u00f3gica y Reto Demogr\u00e1fico responsable del MAB en Espa\u00f1a.<\/p>\n<p>&nbsp;<\/p>\n<p><em>Vielha, 11 de noviembre de 2024<\/em><\/p>\n ","protected":false},"excerpt":{"rendered":"<p>\u00a0El Palacio de Deportes de Vielha acog\u00eda el s\u00e1bado el acto de entrega del certificado oficial de la Val d\u2019Aran como Reserva de la Biosfera por la UNESCO. La s\u00edndica de Aran, Maria Verg\u00e9s recib\u00eda de manos del secretario general por el Reto Demogr\u00e1fico, Franc\u00e9s Boya, la certificaci\u00f3n oficial de \u00e9ste nombramiento por parte del&#8230;<\/p>\n","protected":false},"author":2,"featured_media":59834,"comment_status":"closed","ping_status":"closed","sticky":false,"template":"","format":"standard","meta":{"footnotes":""},"categories":[30,795,52,34,37],"tags":[],"_links":{"self":[{"href":"https:\/\/www.conselharan.org\/es\/wp-json\/wp\/v2\/posts\/59846"}],"collection":[{"href":"https:\/\/www.conselharan.org\/es\/wp-json\/wp\/v2\/posts"}],"about":[{"href":"https:\/\/www.conselharan.org\/es\/wp-json\/wp\/v2\/types\/post"}],"author":[{"embeddable":true,"href":"https:\/\/www.conselharan.org\/es\/wp-json\/wp\/v2\/users\/2"}],"replies":[{"embeddable":true,"href":"https:\/\/www.conselharan.org\/es\/wp-json\/wp\/v2\/comments?post=59846"}],"version-history":[{"count":3,"href":"https:\/\/www.conselharan.org\/es\/wp-json\/wp\/v2\/posts\/59846\/revisions"}],"predecessor-version":[{"id":59852,"href":"https:\/\/www.conselharan.org\/es\/wp-json\/wp\/v2\/posts\/59846\/revisions\/59852"}],"wp:featuredmedia":[{"embeddable":true,"href":"https:\/\/www.conselharan.org\/es\/wp-json\/wp\/v2\/media\/59834"}],"wp:attachment":[{"href":"https:\/\/www.conselharan.org\/es\/wp-json\/wp\/v2\/media?parent=59846"}],"wp:term":[{"taxonomy":"category","embeddable":true,"href":"https:\/\/www.conselharan.org\/es\/wp-json\/wp\/v2\/categories?post=59846"},{"taxonomy":"post_tag","embeddable":true,"href":"https:\/\/www.conselharan.org\/es\/wp-json\/wp\/v2\/tags?post=59846"}],"curies":[{"name":"wp","href":"https:\/\/api.w.org\/{rel}","templated":true}]}}