{"id":59885,"date":"2024-11-12T14:31:08","date_gmt":"2024-11-12T13:31:08","guid":{"rendered":"https:\/\/www.conselharan.org\/eth-govern-daran-inste-ara-generalitat-a-consensuar-solucions-en-materia-dabitatge-e-mobilitat-sostenibla\/"},"modified":"2024-11-12T15:50:07","modified_gmt":"2024-11-12T14:50:07","slug":"eth-govern-daran-inste-ara-generalitat-a-consensuar-solucions-en-materia-dabitatge-e-mobilitat-sostenibla","status":"publish","type":"post","link":"https:\/\/www.conselharan.org\/es\/eth-govern-daran-inste-ara-generalitat-a-consensuar-solucions-en-materia-dabitatge-e-mobilitat-sostenibla\/","title":{"rendered":"El gobierno de Aran insta a la Generalitat a consensuar soluciones en materia de vivienda y movilidad sostenible"},"content":{"rendered":"<p><strong> <a href=\"https:\/\/www.conselharan.org\/es\/eth-govern-daran-inste-ara-generalitat-a-consensuar-solucions-en-materia-dabitatge-e-mobilitat-sostenibla\/sindica-conselhera-territori-2\/\" rel=\"attachment wp-att-59876\"><img loading=\"lazy\" decoding=\"async\" class=\"aligncenter size-large wp-image-59876\" src=\"https:\/\/www.conselharan.org\/wp-content\/uploads\/2024\/11\/Sindica-Conselhera-Territori-1024x682.jpg\" alt=\"\" width=\"1024\" height=\"682\" srcset=\"https:\/\/www.conselharan.org\/wp-content\/uploads\/2024\/11\/Sindica-Conselhera-Territori-1024x682.jpg 1024w, https:\/\/www.conselharan.org\/wp-content\/uploads\/2024\/11\/Sindica-Conselhera-Territori-300x200.jpg 300w, https:\/\/www.conselharan.org\/wp-content\/uploads\/2024\/11\/Sindica-Conselhera-Territori-768x512.jpg 768w, https:\/\/www.conselharan.org\/wp-content\/uploads\/2024\/11\/Sindica-Conselhera-Territori.jpg 1280w\" sizes=\"(max-width: 1024px) 100vw, 1024px\" \/><\/a><\/strong><\/p>\n<p><strong>\u00a0<\/strong><strong>\u00a0<\/strong><\/p>\n<ul>\n<li><strong>La s\u00edndica de Aran se reuni\u00f3 ayer en Barcelona con la consellera de Territorio, Vivienda y Transici\u00f3n Ecol\u00f3gica de la Generalitat a qui\u00e9n traslad\u00f3 la necesidad que la Generalitat de Catalunya retome el compromiso de mejora de la carretera C28 as\u00ed como tambi\u00e9n la urgencia para desarrollar soluciones a la falta de vivienda asequible en Aran.<\/strong><\/li>\n<\/ul>\n<p>La s\u00edndica de Aran, Maria Verg\u00e9s, se reuni\u00f3 ayer en Barcelona con la consellera de Territorio, Vivienda y Transici\u00f3n Ecol\u00f3gica de la Generalitat de Catalunya, Silvia Paneque, donde le manifest\u00f3 las necesidades del territorio en materia de ordenaci\u00f3n territorial y urbanismo, un traspaso que el gobierno aran\u00e9s considera necesario as\u00ed y c\u00f3mo prev\u00e9 la Ley 1\/2015, del r\u00e9gimen especial de la Val d\u2019Aran.<\/p>\n<p>Una de las prioridades expuestas por parte del gobierno aran\u00e9s en este apartado es la garant\u00eda de las inversiones en las infraestructuras que conciernan a la Generalitat, este es el caso de la C-28, donde se pide que se agilice la mejora de esta carretera as\u00ed y c\u00f3mo se comprometi\u00f3 en la pasada legislatura, a pesar de no desarrollarse ning\u00fan proyecto hasta el momento.<\/p>\n<p>Otro de los asuntos tratados fueron las competencias en materia de urbanismo y vivienda. En este sentido, la s\u00edndica de Aran transmiti\u00f3 a la consellera la necesidad de la constituci\u00f3n de la Mesa de Vivienda entre Conselh Generau d\u2019Aran y Generalitat que permita abordar conjuntamente las soluciones a la actual problem\u00e1tica, as\u00ed como trabajar los diferentes traspasos competenciales posibles en este \u00e1mbito.<\/p>\n<p><a href=\"https:\/\/www.conselharan.org\/es\/eth-govern-daran-inste-ara-generalitat-a-consensuar-solucions-en-materia-dabitatge-e-mobilitat-sostenibla\/sindica-conselhera-territori-2-2\/\" rel=\"attachment wp-att-59879\"><img loading=\"lazy\" decoding=\"async\" class=\"aligncenter size-large wp-image-59879\" src=\"https:\/\/www.conselharan.org\/wp-content\/uploads\/2024\/11\/Sindica-Conselhera-Territori-2-1024x682.jpg\" alt=\"\" width=\"1024\" height=\"682\" srcset=\"https:\/\/www.conselharan.org\/wp-content\/uploads\/2024\/11\/Sindica-Conselhera-Territori-2-1024x682.jpg 1024w, https:\/\/www.conselharan.org\/wp-content\/uploads\/2024\/11\/Sindica-Conselhera-Territori-2-300x200.jpg 300w, https:\/\/www.conselharan.org\/wp-content\/uploads\/2024\/11\/Sindica-Conselhera-Territori-2-768x512.jpg 768w, https:\/\/www.conselharan.org\/wp-content\/uploads\/2024\/11\/Sindica-Conselhera-Territori-2.jpg 1280w\" sizes=\"(max-width: 1024px) 100vw, 1024px\" \/><\/a><\/p>\n<p>Para la s\u00edndica de Aran, Maria Verg\u00e9s: \u201cqueremos, por un lado, ampliar el dominio competencial que la Ley nos permite para ser proactivos y aplicar soluciones a corto plazo que permitan destensionar la situaci\u00f3n actual y, por otro, conseguir el compromiso de la Generalitat, que es quien tiene la competencia exclusiva en materia de vivienda, para, entre otras cuestiones, trabajar conjuntamente en la regulaci\u00f3n de las viviendas de uso tur\u00edstico, que es uno de los elementos que nos satura el parque de vivienda disponible, a la vez que se comprometa a que el Programa de Vivienda P\u00fablica anunciada por la Generalitat de Catalunya contempla tambi\u00e9n la construcci\u00f3n de viviendas en Aran y en el resto del Pirineo\u201d.<\/p>\n<p>Y a\u00f1ad\u00eda: \u201cAdem\u00e1s del Plan de Vivienda de la Val d\u2019Aran, donde ya hace un a\u00f1o que trabajamos y con el que esperamos poder impulsar acciones en este sector para facilitar el acceso al mismo, tambi\u00e9n hemos solicitado a la Generalitat de Catalunya, del mismo modo que lo hicimos llegar al Gobierno del Estado ya hace algunos meses, que se tomen medidas para revertir la situaci\u00f3n actual\u201d.<\/p>\n<p>En este sentido hay que recordar que la s\u00edndica de Aran dirig\u00eda hace unas semanas al secretario de Estado de Vivienda el listado que buena parte de los ayuntamientos araneses han puesto a disposici\u00f3n de la administraci\u00f3n para acoger vivienda de protecci\u00f3n oficial y asequible.<\/p>\n<p>&nbsp;<\/p>\n<p><em>Vielha, 12 de noviembre de 2024<\/em><\/p>\n ","protected":false},"excerpt":{"rendered":"<p>\u00a0\u00a0 La s\u00edndica de Aran se reuni\u00f3 ayer en Barcelona con la consellera de Territorio, Vivienda y Transici\u00f3n Ecol\u00f3gica de la Generalitat a qui\u00e9n traslad\u00f3 la necesidad que la Generalitat de Catalunya retome el compromiso de mejora de la carretera C28 as\u00ed como tambi\u00e9n la urgencia para desarrollar soluciones a la falta de vivienda asequible&#8230;<\/p>\n","protected":false},"author":2,"featured_media":59878,"comment_status":"closed","ping_status":"closed","sticky":false,"template":"","format":"standard","meta":{"footnotes":""},"categories":[30,52,37],"tags":[],"_links":{"self":[{"href":"https:\/\/www.conselharan.org\/es\/wp-json\/wp\/v2\/posts\/59885"}],"collection":[{"href":"https:\/\/www.conselharan.org\/es\/wp-json\/wp\/v2\/posts"}],"about":[{"href":"https:\/\/www.conselharan.org\/es\/wp-json\/wp\/v2\/types\/post"}],"author":[{"embeddable":true,"href":"https:\/\/www.conselharan.org\/es\/wp-json\/wp\/v2\/users\/2"}],"replies":[{"embeddable":true,"href":"https:\/\/www.conselharan.org\/es\/wp-json\/wp\/v2\/comments?post=59885"}],"version-history":[{"count":3,"href":"https:\/\/www.conselharan.org\/es\/wp-json\/wp\/v2\/posts\/59885\/revisions"}],"predecessor-version":[{"id":59891,"href":"https:\/\/www.conselharan.org\/es\/wp-json\/wp\/v2\/posts\/59885\/revisions\/59891"}],"wp:featuredmedia":[{"embeddable":true,"href":"https:\/\/www.conselharan.org\/es\/wp-json\/wp\/v2\/media\/59878"}],"wp:attachment":[{"href":"https:\/\/www.conselharan.org\/es\/wp-json\/wp\/v2\/media?parent=59885"}],"wp:term":[{"taxonomy":"category","embeddable":true,"href":"https:\/\/www.conselharan.org\/es\/wp-json\/wp\/v2\/categories?post=59885"},{"taxonomy":"post_tag","embeddable":true,"href":"https:\/\/www.conselharan.org\/es\/wp-json\/wp\/v2\/tags?post=59885"}],"curies":[{"name":"wp","href":"https:\/\/api.w.org\/{rel}","templated":true}]}}