{"id":60365,"date":"2024-12-09T09:00:09","date_gmt":"2024-12-09T08:00:09","guid":{"rendered":"https:\/\/www.conselharan.org\/?p=60365"},"modified":"2024-12-11T10:10:19","modified_gmt":"2024-12-11T09:10:19","slug":"1924-2024-un-proyecto-para-conmemorar-los-cien-anos-de-comunicaciones-a-la-val-daran","status":"publish","type":"post","link":"https:\/\/www.conselharan.org\/es\/1924-2024-un-proyecto-para-conmemorar-los-cien-anos-de-comunicaciones-a-la-val-daran\/","title":{"rendered":"1924-2024. Un proyecto para conmemorar los cien a\u00f1os de comunicaciones a la Val d\u2019Aran"},"content":{"rendered":"<p><a href=\"https:\/\/www.conselharan.org\/es\/1924-2024_ok-2\/\"><img loading=\"lazy\" decoding=\"async\" class=\"aligncenter size-large wp-image-60412\" src=\"https:\/\/www.conselharan.org\/wp-content\/uploads\/2024\/12\/1924-2024_ok-819x1024.png\" alt=\"\" width=\"819\" height=\"1024\" srcset=\"https:\/\/www.conselharan.org\/wp-content\/uploads\/2024\/12\/1924-2024_ok-819x1024.png 819w, https:\/\/www.conselharan.org\/wp-content\/uploads\/2024\/12\/1924-2024_ok-240x300.png 240w, https:\/\/www.conselharan.org\/wp-content\/uploads\/2024\/12\/1924-2024_ok-768x960.png 768w, https:\/\/www.conselharan.org\/wp-content\/uploads\/2024\/12\/1924-2024_ok.png 1080w\" sizes=\"(max-width: 819px) 100vw, 819px\" \/><\/a><\/p>\n<ul>\n<li>\n<h3><strong>El Conselh Generau d\u2019Aran, a trav\u00e9s del Museo de la Val d\u2019Aran, presenta un documental para comprender la historia de hace 100 a\u00f1os.<\/strong><strong>\u00a0<\/strong><\/h3>\n<\/li>\n<\/ul>\n<ul>\n<li>\n<h3><strong>La conmemoraci\u00f3n tendr\u00e1 lugar s\u00e1bado, 14 de diciembre, a las 19 horas, en la iglesia de Mijaran. Se presentar\u00e1 el v\u00eddeo-documental y se proyectar\u00e1 una peque\u00f1a pieza teatral para escenificar estos acontecimientos hist\u00f3ricos.<\/strong><\/h3>\n<\/li>\n<\/ul>\n<p>&nbsp;<\/p>\n<p>Hace cien a\u00f1os hubo un antes y un despu\u00e9s en el pa\u00eds. La lucha de los araneses para conseguir mejores comunicaciones es una constante en la historia de la Val d&#8217;Aran, m\u00e1s que por el desarrollo industrial, los intereses fueron todav\u00eda mayores. Es por ello que salieron bastantes proyectos para conectar mejor la Val con Catalu\u00f1a y el resto de Espa\u00f1a, y el primero que se consigui\u00f3 fue el de la carretera de La Bonaigua, en 1924. Esta nueva carretera la inaugur\u00f3 el monarca Alfonso XIII. \u00c9ste estuvo dos d\u00edas en la Val, con la promesa de visitar sus pueblos y mostrar inter\u00e9s por las inquietudes en la comarca. Esta visita real represent\u00f3 la oportunidad los araneses para reclamar el t\u00fanel de Vielha, las obras empezaron un a\u00f1o despu\u00e9s.<\/p>\n<p>Para explicar estos hechos en formato de conmemoraci\u00f3n se plasman en el documental, titulado: \u00ab1924-2024. Uno antes y uno despu\u00e9s de las comunicaciones en Aran\u00bb. El guion ha sido obra del Museo de la Val d\u2019Aran, con la colaboraci\u00f3n voluntaria de Feliu Izard, autor del libro \u201c<em>Trencar el Port\u201d<\/em> y coleccionista de material de Archivo. Tambi\u00e9n se ha contado con documentaci\u00f3n aportada por el Archiu Generau d\u2019Aran y por el Airau de Patrim\u00f2ni, con qui\u00e9n se empez\u00f3 a trabajar en este proyecto a comienzos de 2024. La filmaci\u00f3n, tratamiento de im\u00e1genes, montaje y postproducci\u00f3n han ido a cargo de Albert Naud\u00edn, con productora propia en cine de monta\u00f1a, FilmExplora, director de los films Male\u00efda 1882 y Canig\u00f3 1883, sobre la dimensi\u00f3n excursionista de Jacint Verdaguer, que ya han sido presentados en la Val d\u2019Aran.\u00a0 El acto incluir\u00e1 una pieza teatral.<\/p>\n<p><em>Vielha, 09 de diciembre 2024<\/em><\/p>\n ","protected":false},"excerpt":{"rendered":"<p>El Conselh Generau d\u2019Aran, a trav\u00e9s del Museo de la Val d\u2019Aran, presenta un documental para comprender la historia de hace 100 a\u00f1os.\u00a0 La conmemoraci\u00f3n tendr\u00e1 lugar s\u00e1bado, 14 de diciembre, a las 19 horas, en la iglesia de Mijaran. Se presentar\u00e1 el v\u00eddeo-documental y se proyectar\u00e1 una peque\u00f1a pieza teatral para escenificar estos acontecimientos&#8230;<\/p>\n","protected":false},"author":2,"featured_media":60358,"comment_status":"closed","ping_status":"closed","sticky":false,"template":"","format":"standard","meta":{"footnotes":""},"categories":[30,792,795,52,34,37],"tags":[],"_links":{"self":[{"href":"https:\/\/www.conselharan.org\/es\/wp-json\/wp\/v2\/posts\/60365"}],"collection":[{"href":"https:\/\/www.conselharan.org\/es\/wp-json\/wp\/v2\/posts"}],"about":[{"href":"https:\/\/www.conselharan.org\/es\/wp-json\/wp\/v2\/types\/post"}],"author":[{"embeddable":true,"href":"https:\/\/www.conselharan.org\/es\/wp-json\/wp\/v2\/users\/2"}],"replies":[{"embeddable":true,"href":"https:\/\/www.conselharan.org\/es\/wp-json\/wp\/v2\/comments?post=60365"}],"version-history":[{"count":5,"href":"https:\/\/www.conselharan.org\/es\/wp-json\/wp\/v2\/posts\/60365\/revisions"}],"predecessor-version":[{"id":60422,"href":"https:\/\/www.conselharan.org\/es\/wp-json\/wp\/v2\/posts\/60365\/revisions\/60422"}],"wp:featuredmedia":[{"embeddable":true,"href":"https:\/\/www.conselharan.org\/es\/wp-json\/wp\/v2\/media\/60358"}],"wp:attachment":[{"href":"https:\/\/www.conselharan.org\/es\/wp-json\/wp\/v2\/media?parent=60365"}],"wp:term":[{"taxonomy":"category","embeddable":true,"href":"https:\/\/www.conselharan.org\/es\/wp-json\/wp\/v2\/categories?post=60365"},{"taxonomy":"post_tag","embeddable":true,"href":"https:\/\/www.conselharan.org\/es\/wp-json\/wp\/v2\/tags?post=60365"}],"curies":[{"name":"wp","href":"https:\/\/api.w.org\/{rel}","templated":true}]}}