{"id":6093,"date":"2015-01-29T16:16:07","date_gmt":"2015-01-29T15:16:07","guid":{"rendered":"http:\/\/www.conselharan.org\/?p=6093"},"modified":"2015-01-29T16:16:40","modified_gmt":"2015-01-29T15:16:40","slug":"la-36-marxa-beret-da-el-pistoletazo-de-salida-con-el-sprint-criterium-vielha","status":"publish","type":"post","link":"https:\/\/www.conselharan.org\/es\/la-36-marxa-beret-da-el-pistoletazo-de-salida-con-el-sprint-criterium-vielha\/","title":{"rendered":"La 36 Marxa Beret da el pistoletazo de salida con el Sprint Criterium Vielha"},"content":{"rendered":"<p>\u2022 <strong>Ma\u00f1ana viernes, 30 de enero, empiezan los actos de la 36 Marxa Beret con el 2\u00ba Sprint Criterium Vielha<\/strong><br \/>\n<strong> <\/strong><\/p>\n<p><strong>\u2022 El s\u00e1bado, 31 de enero, el Pla de Beret acoger\u00e1 el Campeonato de Espa\u00f1a de Larga Distancia, que cuenta con m\u00e1s de 200 inscritos<\/strong><br \/>\n<strong> <\/strong><\/p>\n<p><strong>\u2022 La 36 Marxa Beret, que se celebrar\u00e1 el domingo, 1 de febrero, cuenta ya con 1000 inscritos, con participantes de alto nivel como Ioseba Rojo y Laura Orgu\u00e9<\/strong><\/p>\n<p><a href=\"http:\/\/www.conselharan.org\/wp-content\/uploads\/2015\/01\/VOLENTARIS-CHIPS.jpg\"><img loading=\"lazy\" decoding=\"async\" class=\"aligncenter size-large wp-image-6089\" alt=\"VOLENTARIS CHIPS\" src=\"http:\/\/www.conselharan.org\/wp-content\/uploads\/2015\/01\/VOLENTARIS-CHIPS-1024x685.jpg\" width=\"1024\" height=\"685\" srcset=\"https:\/\/www.conselharan.org\/wp-content\/uploads\/2015\/01\/VOLENTARIS-CHIPS-1024x685.jpg 1024w, https:\/\/www.conselharan.org\/wp-content\/uploads\/2015\/01\/VOLENTARIS-CHIPS-300x200.jpg 300w\" sizes=\"(max-width: 1024px) 100vw, 1024px\" \/><\/a><em>Volentaris d&#8217;Aran poniendo los chips en los dorsales de la Marxa <\/em><\/p>\n<p>&nbsp;<\/p>\n<p>Desde 1978, y ya son 36 ediciones, la Marxa Beret viene sucedi\u00e9ndose y mejorando en calidad del trazado y servicios al corredor. El a\u00f1o pasado participaron 1.300 fondistas acerc\u00e1ndose a la m\u00edtica cifra de 1.752 que es el r\u00e9cord absoluto de inscripciones que se logr\u00f3 hace una d\u00e9cada. Este a\u00f1o se espera superar la cifra del 2014, ya que por el momento y, a punto de cerrar las inscripciones on-line, cuenta con 1.000 inscritos, gracias en buena parte a la inclusi\u00f3n de la Marxa en el circuito FIS Euroloppet y la presencia de esquiadores centroeuropeos y escandinavos.<\/p>\n<p>Esta edici\u00f3n cuenta con fondistas de la talla de Laura Orgu\u00e9 e Ioseba Rojo, del equipo de la RFEDI. Tambi\u00e9n participaran numerosos corredores de \u00e9lite escandinavos y centroeuropeos. La Marxa Beret es la prueba de esqu\u00ed de fondo popular en estilo cl\u00e1sico m\u00e1s multitudinaria de Espa\u00f1a<\/p>\n<p><strong>2\u00ba Sprint Criterium Vielha<\/strong><\/p>\n<p>El viernes a las 18h00, en el parking principal del Conselh Generau d\u2019Aran, se llevar\u00e1 a cabo el espectacular el 2\u00ba Sprint Criterium Vielha en el que se enfrentar\u00e1n una selecci\u00f3n de fondistas en parejas. El ganador se enfrentar\u00e1 a un AUDI. SALOMON entregar\u00e1 los premios a los ganadores.<\/p>\n<p><strong>Campeonato de Espa\u00f1a de larga distancia<\/strong><\/p>\n<p>El s\u00e1bado el Pla Beret acoger\u00e1 el Campeonato de Espa\u00f1a de larga distancia, una prueba en estilo libre (Skating) que tendr\u00e1 dos recorridos, uno de 15 Km. y otro de 31 Km. La prueba est\u00e1 dentro del Calendario Oficial de la RFEDI.<\/p>\n<p><strong>La Marxa ofrece tres distancias a escoger: desde profesionales hasta familias<\/strong><\/p>\n<p>La carrera propone 3 distancias: 10, 21 y 42 km. que transcurren por el Pla de Beret a 1.850m de altitud y que pasan por el pueblo de Montgarri. Esta edici\u00f3n, la preparaci\u00f3n est\u00e1 siendo m\u00e1s intensa todav\u00eda debido a la adaptaci\u00f3n de la competici\u00f3n a las exigencias que comporta la organizaci\u00f3n de los Campeonatos de Europa de Larga Distancia ya que el comit\u00e9 organizador de la Marxa Beret ha sido el escogido para la organizaci\u00f3n de este evento para la temporada 2015\/2016.<\/p>\n<p>La Marxa Beret atrae a participantes de alto nivel como los esquiadores de la Real Federaci\u00f3n Espa\u00f1ola Deportes de Invierno (RFEDI) Laura Orgu\u00e9 e Ioseba Rojo (ganador de la pasada edici\u00f3n). Destacar que Orgu\u00e9, que tambi\u00e9n ha ganado ya en alguna ocasi\u00f3n la Marxa Beret, compite en Copa del Mundo FIS y la pasada temporada qued\u00f3 10\u00aa en los 30 km estilo libre de los JJOO de Sochi. Otros corredores destacados ser\u00e1n los tambi\u00e9n espa\u00f1oles Diego Ruiz, Sadurni Betriu, Jes\u00fas Labanda y Ruben Caseny. De Suecia Jens Ronnols, de Suiza Frederic Grandjean, Melisa Couplan y Julie Ramal. La organizaci\u00f3n tambi\u00e9n ha destacado que entre los corredores de \u00e9lite presentes habr\u00e1 participantes de Finlandia, Noruega, Estonia y Francia.<\/p>\n<p>No obstante, en sus recorridos m\u00e1s cortos la Marxa Beret tambi\u00e9n atrae a gran cantidad de familias y grupos de amigos que participan de manera popular.<\/p>\n<p>La Marxa Beret es promovida por el Conselh Generau d\u2019Aran, Baqueira Beret y el Ayuntamiento de Naut Aran con la colaboraci\u00f3n de la Asociaci\u00f3n Volentaris Val d\u2019Aran y otros organismos, adem\u00e1s de la Real Federaci\u00f3n Espa\u00f1ola Deportes de Invierno y la Federaci\u00f3 Catalana Esports d&#8217;Hivern.<\/p>\n<p><strong>PROGRAMA 36 MARXA BERET<\/strong><\/p>\n<p><em><strong>Viernes, 30 de enero<\/strong><\/em><\/p>\n<p>11h00 Apertura de la casa de acogida y oficina permanente (Polideportivo de Salard\u00fa)<\/p>\n<p>18h00- 20h00 Exhibici\u00f3n de esqu\u00ed de fondo y 2\u00ba Sprint Criterium Vielha (Parking del Conselh Generau d\u2019Aran. Paseo de la Libertad, 16. Vielha).<\/p>\n<p>&#8211; Series eliminatorias (masculinas\/femeninas) con premios SALOMON.<br \/>\n&#8211; Competici\u00f3n AUDI: El ganador de cada serie, se enfrentar\u00e1 a un AUDI.<br \/>\n&#8211; Ceremonia y reparto de premios<\/p>\n<p>20h30 Concierto Star3 y Dj Loop Navarro (Polideportivo de Vielha)<\/p>\n<p>21h00 Cierre de la casa de acogida (Polideportivo de Salard\u00fa)<\/p>\n<p><em><strong>S\u00e1bado, 31 de enero<\/strong><\/em><\/p>\n<p>10h00 Apertura de la casa de acogida y oficina t\u00e9cnica (Polideportivo de Salard\u00fa)<\/p>\n<p>10h30 Apertura recinto de salida Campeonato de Espa\u00f1a de larga distancia (en Beret)<\/p>\n<p>11h00 Salida Campeonato de Espa\u00f1a de Larga distancia (Beret)<\/p>\n<p>19h00 Presentaci\u00f3n 36\u00aa MARCHA BERET (en la casa de acogida- Polideportivo de Salard\u00fa))<\/p>\n<p>19h30 Entrega de premios Campeonato de Espa\u00f1a de larga distancia, (en la casa de acogida- Polideportivo de Salard\u00fa)<\/p>\n<p>20h00 Reuni\u00f3n t\u00e9cnica, en la sala de acogida (Polideportivo de Salard\u00fa)<\/p>\n<p>21h00 Cierre de la Casa de acogida<\/p>\n<p><em><strong>Domingo, 1 de febrero<\/strong><\/em><\/p>\n<p>09h00 Apertura recinto de salida (en Beret)<\/p>\n<p>10h00 SALIDA 36\u00aa MARCHA BERET<\/p>\n<p>13h00 Entrega de premios de la 36\u00aa Marxa Beret (junto a zona de Meta en Beret)<\/p>\n<p>14h30 Cierre de circuito<\/p>\n ","protected":false},"excerpt":{"rendered":"<p>\u2022 Ma\u00f1ana viernes, 30 de enero, empiezan los actos de la 36 Marxa Beret con el 2\u00ba Sprint Criterium Vielha \u2022 El s\u00e1bado, 31 de enero, el Pla de Beret acoger\u00e1 el Campeonato de Espa\u00f1a de Larga Distancia, que cuenta con m\u00e1s de 200 inscritos \u2022 La 36 Marxa Beret, que se celebrar\u00e1 el domingo,&#8230;<\/p>\n","protected":false},"author":2,"featured_media":6089,"comment_status":"closed","ping_status":"closed","sticky":false,"template":"","format":"standard","meta":{"footnotes":""},"categories":[30,34,37],"tags":[],"_links":{"self":[{"href":"https:\/\/www.conselharan.org\/es\/wp-json\/wp\/v2\/posts\/6093"}],"collection":[{"href":"https:\/\/www.conselharan.org\/es\/wp-json\/wp\/v2\/posts"}],"about":[{"href":"https:\/\/www.conselharan.org\/es\/wp-json\/wp\/v2\/types\/post"}],"author":[{"embeddable":true,"href":"https:\/\/www.conselharan.org\/es\/wp-json\/wp\/v2\/users\/2"}],"replies":[{"embeddable":true,"href":"https:\/\/www.conselharan.org\/es\/wp-json\/wp\/v2\/comments?post=6093"}],"version-history":[{"count":1,"href":"https:\/\/www.conselharan.org\/es\/wp-json\/wp\/v2\/posts\/6093\/revisions"}],"predecessor-version":[{"id":6094,"href":"https:\/\/www.conselharan.org\/es\/wp-json\/wp\/v2\/posts\/6093\/revisions\/6094"}],"wp:featuredmedia":[{"embeddable":true,"href":"https:\/\/www.conselharan.org\/es\/wp-json\/wp\/v2\/media\/6089"}],"wp:attachment":[{"href":"https:\/\/www.conselharan.org\/es\/wp-json\/wp\/v2\/media?parent=6093"}],"wp:term":[{"taxonomy":"category","embeddable":true,"href":"https:\/\/www.conselharan.org\/es\/wp-json\/wp\/v2\/categories?post=6093"},{"taxonomy":"post_tag","embeddable":true,"href":"https:\/\/www.conselharan.org\/es\/wp-json\/wp\/v2\/tags?post=6093"}],"curies":[{"name":"wp","href":"https:\/\/api.w.org\/{rel}","templated":true}]}}