{"id":6103,"date":"2015-01-30T08:00:23","date_gmt":"2015-01-30T07:00:23","guid":{"rendered":"http:\/\/www.conselharan.org\/?p=6103"},"modified":"2015-01-29T17:09:42","modified_gmt":"2015-01-29T16:09:42","slug":"nuevas-capsulas-formativas-en-el-cei-de-casau","status":"publish","type":"post","link":"https:\/\/www.conselharan.org\/es\/nuevas-capsulas-formativas-en-el-cei-de-casau\/","title":{"rendered":"Nuevas c\u00e1psulas formativas en el CEI de Casau"},"content":{"rendered":"<p><a href=\"http:\/\/www.conselharan.org\/wp-content\/uploads\/2015\/01\/Capsules-formatives-hereue-2015.jpg\"><img loading=\"lazy\" decoding=\"async\" class=\"aligncenter size-large wp-image-6097\" alt=\"Capsules formatives hereue 2015\" src=\"http:\/\/www.conselharan.org\/wp-content\/uploads\/2015\/01\/Capsules-formatives-hereue-2015-668x1024.jpg\" width=\"668\" height=\"1024\" srcset=\"https:\/\/www.conselharan.org\/wp-content\/uploads\/2015\/01\/Capsules-formatives-hereue-2015-668x1024.jpg 668w, https:\/\/www.conselharan.org\/wp-content\/uploads\/2015\/01\/Capsules-formatives-hereue-2015-195x300.jpg 195w, https:\/\/www.conselharan.org\/wp-content\/uploads\/2015\/01\/Capsules-formatives-hereue-2015.jpg 1775w\" sizes=\"(max-width: 668px) 100vw, 668px\" \/><\/a><\/p>\n<p>Desde el \u00e1rea de Empresa y Trabajo del Conselh Generau d\u2019Aran y con el patrocinio de la Diputaci\u00f3n de Lleida, se ha organizado conjuntamente con GlobaLleida dos c\u00e1psulas formativas de car\u00e1cter tecnol\u00f3gico durante el mes de febrero para emprendedores y empresarios que est\u00e9n interesados:<\/p>\n<p>&#8211; <strong>Martes, 10 de febrero:<\/strong><\/p>\n<p><em><strong>\u201cMarketing On line<\/strong><\/em>\u201d a cargo de <strong>Natalia Samperiz<\/strong>, consultora SEM y cofundadora de SEMMANTICA de 16h00 a 18h00 nivel inicial y de 18h30 a 20h30 nivel avanzado<\/p>\n<p><strong>&#8211; Martes, 24 de febrero:<\/strong><\/p>\n<p>\u201c<em><strong>La red social de LinkedIn\u201d<\/strong><\/em> a cargo de <strong>Roberto Cant\u00edn<\/strong>, director y responsable t\u00e9cnico de Gesti\u00f3n de Reputaci\u00f3n de 16h00 a 18h00 nivel inicial y de 18h30 a 20h30 nivel avanzado<\/p>\n<p><strong>Las sesiones tendr\u00e1n lugar en CEI Val d\u2019Aran de Casau.<\/strong><\/p>\n<p>La participaci\u00f3n es gratuita s\u00f3lo hay que formalizar la inscripci\u00f3n llamando al Conselh Generau d\u2019Aran (973 64 18 01) o enviando un correo a <a href=\"c.barra@aran.org\" target=\"_blank\"><strong>c.barra@aran.org<\/strong><\/a>.<\/p>\n<p>Os adjuntamos el cartel con la informaci\u00f3n y el formulario de inscripci\u00f3n:<a href=\"http:\/\/www.conselharan.org\/wp-content\/uploads\/2015\/01\/Formulari-Capsules-Hereu\u00e8r-2015.docx\">Formulari Capsules Hereu\u00e8r 2015<\/a><\/p>\n ","protected":false},"excerpt":{"rendered":"<p>Desde el \u00e1rea de Empresa y Trabajo del Conselh Generau d\u2019Aran y con el patrocinio de la Diputaci\u00f3n de Lleida, se ha organizado conjuntamente con GlobaLleida dos c\u00e1psulas formativas de car\u00e1cter tecnol\u00f3gico durante el mes de febrero para emprendedores y empresarios que est\u00e9n interesados: &#8211; Martes, 10 de febrero: \u201cMarketing On line\u201d a cargo de&#8230;<\/p>\n","protected":false},"author":2,"featured_media":6098,"comment_status":"closed","ping_status":"closed","sticky":false,"template":"","format":"standard","meta":{"footnotes":""},"categories":[30,34,37],"tags":[],"_links":{"self":[{"href":"https:\/\/www.conselharan.org\/es\/wp-json\/wp\/v2\/posts\/6103"}],"collection":[{"href":"https:\/\/www.conselharan.org\/es\/wp-json\/wp\/v2\/posts"}],"about":[{"href":"https:\/\/www.conselharan.org\/es\/wp-json\/wp\/v2\/types\/post"}],"author":[{"embeddable":true,"href":"https:\/\/www.conselharan.org\/es\/wp-json\/wp\/v2\/users\/2"}],"replies":[{"embeddable":true,"href":"https:\/\/www.conselharan.org\/es\/wp-json\/wp\/v2\/comments?post=6103"}],"version-history":[{"count":1,"href":"https:\/\/www.conselharan.org\/es\/wp-json\/wp\/v2\/posts\/6103\/revisions"}],"predecessor-version":[{"id":6104,"href":"https:\/\/www.conselharan.org\/es\/wp-json\/wp\/v2\/posts\/6103\/revisions\/6104"}],"wp:featuredmedia":[{"embeddable":true,"href":"https:\/\/www.conselharan.org\/es\/wp-json\/wp\/v2\/media\/6098"}],"wp:attachment":[{"href":"https:\/\/www.conselharan.org\/es\/wp-json\/wp\/v2\/media?parent=6103"}],"wp:term":[{"taxonomy":"category","embeddable":true,"href":"https:\/\/www.conselharan.org\/es\/wp-json\/wp\/v2\/categories?post=6103"},{"taxonomy":"post_tag","embeddable":true,"href":"https:\/\/www.conselharan.org\/es\/wp-json\/wp\/v2\/tags?post=6103"}],"curies":[{"name":"wp","href":"https:\/\/api.w.org\/{rel}","templated":true}]}}