{"id":61120,"date":"2025-01-29T14:06:09","date_gmt":"2025-01-29T13:06:09","guid":{"rendered":"https:\/\/www.conselharan.org\/?p=61120"},"modified":"2025-01-29T14:24:26","modified_gmt":"2025-01-29T13:24:26","slug":"aran-cerque-ester-referent-en-esport-de-nheu-e-montanha-damb-eth-nau-centre-especializat","status":"publish","type":"post","link":"https:\/\/www.conselharan.org\/es\/aran-cerque-ester-referent-en-esport-de-nheu-e-montanha-damb-eth-nau-centre-especializat\/","title":{"rendered":"Aran v\u00f2 \u00e8ster referent en esp\u00f2rt de nh\u00e8u e montanha damb eth nau centre especializat"},"content":{"rendered":"<p><a href=\"https:\/\/www.conselharan.org\/img_9017-2\/\"><img loading=\"lazy\" decoding=\"async\" class=\"aligncenter size-large wp-image-61128\" src=\"https:\/\/www.conselharan.org\/wp-content\/uploads\/2025\/01\/IMG_9017-1024x768.jpeg\" alt=\"\" width=\"1024\" height=\"768\" srcset=\"https:\/\/www.conselharan.org\/wp-content\/uploads\/2025\/01\/IMG_9017-1024x768.jpeg 1024w, https:\/\/www.conselharan.org\/wp-content\/uploads\/2025\/01\/IMG_9017-300x225.jpeg 300w, https:\/\/www.conselharan.org\/wp-content\/uploads\/2025\/01\/IMG_9017-768x576.jpeg 768w, https:\/\/www.conselharan.org\/wp-content\/uploads\/2025\/01\/IMG_9017-1536x1152.jpeg 1536w, https:\/\/www.conselharan.org\/wp-content\/uploads\/2025\/01\/IMG_9017.jpeg 2000w\" sizes=\"(max-width: 1024px) 100vw, 1024px\" \/><\/a><\/p>\n<ul>\n<li>\n<h3><strong>Eth gov\u00e8rn aran\u00e9s traslade ath m\u00e0xim representant deth Consejo Superior de Deportes, eth besonh d\u2019agilizar es trabalhs de bastiment deth futur centre d\u2019Esp\u00f2rts de nh\u00e8u e montanha d\u2019Aran, en qu&#8217;era Federaci\u00f3n de Deportes de Invierno n\u2019ei part implicada.<\/strong><\/h3>\n<\/li>\n<\/ul>\n<p>Era sindica d\u2019Aran, Maria Verg\u00e9s, e eth conselh\u00e8r d\u2019Esp\u00f2rts, Javier Cavero s\u2019amassauen aguesta passada setmana, en Madrid, damb eth president deth Consejo Superior de Deportes, Jos\u00e9 Manuel Rodr\u00edguez Uribes, ent\u00e0 seguir auan\u00e7ant enes trabalhs d\u2019aguest futur Centre, qu\u2019a d\u2019acu\u00e9lher formacion esportiva en encastre dera nh\u00e8u e dera montanha e qu\u2019eth gov\u00e8rn d\u2019Aran impulse amassa damb es federacions d\u2019esp\u00f2rts d\u2019iu\u00e8rn catalana e espanh\u00f2la, ent\u00e0 pla\u00e7ar ara Val d\u2019Aran coma territ\u00f2ri de refer\u00e9ncia en sector esportiu.<\/p>\n<p>Ena amassada, era sindica e eth conselh\u00e8r h\u00e8gen arribar ath maxim responsable deth Consejo Superior es besonhs imminents dera creacion d\u2019aguest nau centre, pr\u2019amor qu\u2019a de servir ent\u00e0 aplicar, centralizar e milhorar es actuaus servicis deth Centre de Tecnificacion Especializat en Esp\u00f2rts d\u2019Iu\u00e8rn dera Val d\u2019Aran (CETEI), reconeishut peth madeish CSD en an 2011.<\/p>\n<p><a href=\"https:\/\/www.conselharan.org\/img_9008-2\/\"><img loading=\"lazy\" decoding=\"async\" class=\"aligncenter size-large wp-image-61125\" src=\"https:\/\/www.conselharan.org\/wp-content\/uploads\/2025\/01\/IMG_9008-1024x768.jpeg\" alt=\"\" width=\"1024\" height=\"768\" srcset=\"https:\/\/www.conselharan.org\/wp-content\/uploads\/2025\/01\/IMG_9008-1024x768.jpeg 1024w, https:\/\/www.conselharan.org\/wp-content\/uploads\/2025\/01\/IMG_9008-300x225.jpeg 300w, https:\/\/www.conselharan.org\/wp-content\/uploads\/2025\/01\/IMG_9008-768x576.jpeg 768w, https:\/\/www.conselharan.org\/wp-content\/uploads\/2025\/01\/IMG_9008-1536x1152.jpeg 1536w, https:\/\/www.conselharan.org\/wp-content\/uploads\/2025\/01\/IMG_9008.jpeg 2000w\" sizes=\"(max-width: 1024px) 100vw, 1024px\" \/><\/a><\/p>\n<p>Aguest centre, en paraules deth conselh\u00e8r Cavero, \u201ca de servir ent\u00e0 corbir e atier toti es programes vinculats, ja siguen de tecnificacion o de naut rendiment de quinsevolha modalitat des esp\u00f2rts, damb era finalitat d\u2019aufrir toti es instruments de besonh entara formacion integrau de joeni talents, atau coma ent\u00e0 garantir ua estructura que corbisque es s\u00f2ns besonhs e art\u00e9nher atau er Naut rendiment esportiu\u201d.<\/p>\n<p>Entara sindica d\u2019Aran: \u201cEra Val d\u2019Aran ei un territ\u00f2ri de montanha que garant\u00eds es condicions meteorologiques e climatologia perf\u00e8cta ent\u00e0s entrenaments e era formacion en esp\u00f2rts de nh\u00e8u e montanha pendent tot er an, \u00e7\u00f2 que sup\u00f2se ua estrat\u00e8gia que non sonque aurie impacte en Aran, tanben enes territ\u00f2ris que l\u2019entoren e ath madeish temps dinamizar de man\u00e8ra sostenibla eth Piren\u00e8u, tanben damb Fr\u00e0n\u00e7a pera sua proximitat, a trau\u00e8s der esp\u00f2rt, era innovacion, era educacion e era gestion de talents\u201d.<\/p>\n<p><em>Vielha, 29\u00a0 de g\u00e8r 2025<\/em><\/p>\n<p>&nbsp;<\/p>\n ","protected":false},"excerpt":{"rendered":"<p>Eth gov\u00e8rn aran\u00e9s traslade ath m\u00e0xim representant deth Consejo Superior de Deportes, eth besonh d\u2019agilizar es trabalhs de bastiment deth futur centre d\u2019Esp\u00f2rts de nh\u00e8u e montanha d\u2019Aran, en qu&#8217;era Federaci\u00f3n de Deportes de Invierno n\u2019ei part implicada. Era sindica d\u2019Aran, Maria Verg\u00e9s, e eth conselh\u00e8r d\u2019Esp\u00f2rts, Javier Cavero s\u2019amassauen aguesta passada setmana, en Madrid,&#8230;<\/p>\n","protected":false},"author":2,"featured_media":61128,"comment_status":"closed","ping_status":"closed","sticky":false,"template":"","format":"standard","meta":{"footnotes":""},"categories":[134,51,1,35],"tags":[],"_links":{"self":[{"href":"https:\/\/www.conselharan.org\/es\/wp-json\/wp\/v2\/posts\/61120"}],"collection":[{"href":"https:\/\/www.conselharan.org\/es\/wp-json\/wp\/v2\/posts"}],"about":[{"href":"https:\/\/www.conselharan.org\/es\/wp-json\/wp\/v2\/types\/post"}],"author":[{"embeddable":true,"href":"https:\/\/www.conselharan.org\/es\/wp-json\/wp\/v2\/users\/2"}],"replies":[{"embeddable":true,"href":"https:\/\/www.conselharan.org\/es\/wp-json\/wp\/v2\/comments?post=61120"}],"version-history":[{"count":3,"href":"https:\/\/www.conselharan.org\/es\/wp-json\/wp\/v2\/posts\/61120\/revisions"}],"predecessor-version":[{"id":61143,"href":"https:\/\/www.conselharan.org\/es\/wp-json\/wp\/v2\/posts\/61120\/revisions\/61143"}],"wp:featuredmedia":[{"embeddable":true,"href":"https:\/\/www.conselharan.org\/es\/wp-json\/wp\/v2\/media\/61128"}],"wp:attachment":[{"href":"https:\/\/www.conselharan.org\/es\/wp-json\/wp\/v2\/media?parent=61120"}],"wp:term":[{"taxonomy":"category","embeddable":true,"href":"https:\/\/www.conselharan.org\/es\/wp-json\/wp\/v2\/categories?post=61120"},{"taxonomy":"post_tag","embeddable":true,"href":"https:\/\/www.conselharan.org\/es\/wp-json\/wp\/v2\/tags?post=61120"}],"curies":[{"name":"wp","href":"https:\/\/api.w.org\/{rel}","templated":true}]}}