{"id":61396,"date":"2025-02-10T15:14:58","date_gmt":"2025-02-10T14:14:58","guid":{"rendered":"https:\/\/www.conselharan.org\/dubertes-es-inscripcions-entara-11au-edicion-dera-corsa-dera-hemna\/"},"modified":"2025-02-10T19:15:43","modified_gmt":"2025-02-10T18:15:43","slug":"dubertes-es-inscripcions-entara-11au-edicion-dera-corsa-dera-hemna","status":"publish","type":"post","link":"https:\/\/www.conselharan.org\/es\/dubertes-es-inscripcions-entara-11au-edicion-dera-corsa-dera-hemna\/","title":{"rendered":"Abiertas las inscripciones por la 11a edici\u00f3n de la Cursa de la Mujer"},"content":{"rendered":"<p><a href=\"https:\/\/www.conselharan.org\/es\/dubertes-es-inscripcions-entara-11au-edicion-dera-corsa-dera-hemna\/corsa-e-caminada-post-2\/\" rel=\"attachment wp-att-61390\"><img loading=\"lazy\" decoding=\"async\" class=\"aligncenter size-large wp-image-61390\" src=\"https:\/\/www.conselharan.org\/wp-content\/uploads\/2025\/02\/CORSA-e-CAMINADA-post-819x1024.jpg\" alt=\"\" width=\"819\" height=\"1024\" srcset=\"https:\/\/www.conselharan.org\/wp-content\/uploads\/2025\/02\/CORSA-e-CAMINADA-post-819x1024.jpg 819w, https:\/\/www.conselharan.org\/wp-content\/uploads\/2025\/02\/CORSA-e-CAMINADA-post-240x300.jpg 240w, https:\/\/www.conselharan.org\/wp-content\/uploads\/2025\/02\/CORSA-e-CAMINADA-post-768x960.jpg 768w, https:\/\/www.conselharan.org\/wp-content\/uploads\/2025\/02\/CORSA-e-CAMINADA-post-1229x1536.jpg 1229w, https:\/\/www.conselharan.org\/wp-content\/uploads\/2025\/02\/CORSA-e-CAMINADA-post-1638x2048.jpg 1638w, https:\/\/www.conselharan.org\/wp-content\/uploads\/2025\/02\/CORSA-e-CAMINADA-post-scaled.jpg 2048w\" sizes=\"(max-width: 819px) 100vw, 819px\" \/><\/a><\/p>\n<h3 class=\"x_elementToProof\"><b>Una cursa popular que tendr\u00e1 lugar el d\u00eda 9 de marzo para conmemorar el D\u00eda Internacional de la Mujer.<\/b><\/h3>\n<div class=\"x_elementToProof\">El Conselh Generau d\u2019Aran, en colaboraci\u00f3n con el Conselh Esportiu de la Val d\u2019Aran y la Asociaci\u00f3n Volentaris Val d\u2019Aran, con el apoyo del Ayuntamiento de Vielha y Mijaran, ha organizado la 11a Cursa de la Dona de la Val d\u2019Aran, que tendr\u00e1 lugar el domingo 9 de marzo, a las 11 horas.<\/div>\n<div><\/div>\n<div>Esta cursa se organiza para conmemorar el D\u00eda Internacional de la Mujer con una gran variedad de actividades por todas y todos.<\/div>\n<div><\/div>\n<div>La Cursa de la Mujer es una competici\u00f3n popular de 5 km por las calles de Vielha y que puede hacerse corriendo o andando. La salida ser\u00e1, a las 11 de la ma\u00f1ana, en la Plaza d\u2019Aran y, como siempre,\u00a0 tendr\u00e1 ocho categor\u00edas: absolutas mujeres, infantil femenina y masculina, juvenil, senior, veteranos, m\u00e1ster y absolutos hombres.<\/div>\n<div><\/div>\n<div class=\"x_elementToProof\">Las inscripciones ya pueden hacerse en l\u00ednea, y de manera presencial el viernes 7 y s\u00e1bado 8 de marzo, de 17 a 20 horas, y el domingo 9 de marzo, a partir de las 9.30 horas, en la plaza del Conselh Generau d\u2019Aran, d\u00f3nde tambi\u00e9n podr\u00e1n recogerse los dorsales y la camiseta oficial de la cursa. El precio de la inscripci\u00f3n es 5 euros y las plazas sus limitadas a 400 personas.<\/div>\n<div><\/div>\n<div class=\"x_elementToProof\">Te puedes inscribir en l\u00ednea en:\u00a0\u00a0<u><a id=\"LPlnkOWA5ae97716-7ce6-b823-b6db-123e52d30892\" class=\"x_OWAAutoLink\" title=\"https:\/\/www.rockthesport.com\/ca\/esdeveniment\/11au-corsa-dera-hemna\" href=\"https:\/\/www.rockthesport.com\/ca\/esdeveniment\/11au-corsa-dera-hemna\" target=\"_blank\" rel=\"noopener noreferrer\" data-auth=\"NotApplicable\" data-linkindex=\"2\">https:\/\/www.rockthesport.com\/ca\/esdeveniment\/11au-corsa-dera-hemna<\/a><\/u><\/div>\n<p><em>Vielha, 10 de febrero de 2025<\/em><\/p>\n ","protected":false},"excerpt":{"rendered":"<p>Una cursa popular que tendr\u00e1 lugar el d\u00eda 9 de marzo para conmemorar el D\u00eda Internacional de la Mujer. El Conselh Generau d\u2019Aran, en colaboraci\u00f3n con el Conselh Esportiu de la Val d\u2019Aran y la Asociaci\u00f3n Volentaris Val d\u2019Aran, con el apoyo del Ayuntamiento de Vielha y Mijaran, ha organizado la 11a Cursa de la&#8230;<\/p>\n","protected":false},"author":2,"featured_media":61392,"comment_status":"closed","ping_status":"closed","sticky":false,"template":"","format":"standard","meta":{"footnotes":""},"categories":[30,135,52,34,798,37],"tags":[],"_links":{"self":[{"href":"https:\/\/www.conselharan.org\/es\/wp-json\/wp\/v2\/posts\/61396"}],"collection":[{"href":"https:\/\/www.conselharan.org\/es\/wp-json\/wp\/v2\/posts"}],"about":[{"href":"https:\/\/www.conselharan.org\/es\/wp-json\/wp\/v2\/types\/post"}],"author":[{"embeddable":true,"href":"https:\/\/www.conselharan.org\/es\/wp-json\/wp\/v2\/users\/2"}],"replies":[{"embeddable":true,"href":"https:\/\/www.conselharan.org\/es\/wp-json\/wp\/v2\/comments?post=61396"}],"version-history":[{"count":3,"href":"https:\/\/www.conselharan.org\/es\/wp-json\/wp\/v2\/posts\/61396\/revisions"}],"predecessor-version":[{"id":61402,"href":"https:\/\/www.conselharan.org\/es\/wp-json\/wp\/v2\/posts\/61396\/revisions\/61402"}],"wp:featuredmedia":[{"embeddable":true,"href":"https:\/\/www.conselharan.org\/es\/wp-json\/wp\/v2\/media\/61392"}],"wp:attachment":[{"href":"https:\/\/www.conselharan.org\/es\/wp-json\/wp\/v2\/media?parent=61396"}],"wp:term":[{"taxonomy":"category","embeddable":true,"href":"https:\/\/www.conselharan.org\/es\/wp-json\/wp\/v2\/categories?post=61396"},{"taxonomy":"post_tag","embeddable":true,"href":"https:\/\/www.conselharan.org\/es\/wp-json\/wp\/v2\/tags?post=61396"}],"curies":[{"name":"wp","href":"https:\/\/api.w.org\/{rel}","templated":true}]}}