{"id":61475,"date":"2025-02-17T14:39:08","date_gmt":"2025-02-17T13:39:08","guid":{"rendered":"https:\/\/www.conselharan.org\/dubert-eth-proces-de-seleccion-entath-programa-de-tecnificacion-infantil-deth-cetei-entara-tempsada-2025-2026\/"},"modified":"2025-02-17T16:52:15","modified_gmt":"2025-02-17T15:52:15","slug":"dubert-eth-proces-de-seleccion-entath-programa-de-tecnificacion-infantil-deth-cetei-entara-tempsada-2025-2026","status":"publish","type":"post","link":"https:\/\/www.conselharan.org\/es\/dubert-eth-proces-de-seleccion-entath-programa-de-tecnificacion-infantil-deth-cetei-entara-tempsada-2025-2026\/","title":{"rendered":"Abierto el proceso de selecci\u00f3n para el Programa de Tecnificaci\u00f3n Infantil del CETEI por el periodo 2025\/2026"},"content":{"rendered":"<div><a href=\"https:\/\/www.conselharan.org\/es\/dubert-eth-proces-de-seleccion-entath-programa-de-tecnificacion-infantil-deth-cetei-entara-tempsada-2025-2026\/proves-acces-post-2\/\" rel=\"attachment wp-att-61471\"><img loading=\"lazy\" decoding=\"async\" class=\"aligncenter size-large wp-image-61471\" src=\"https:\/\/www.conselharan.org\/wp-content\/uploads\/2025\/02\/Proves-Acces-post-1024x1024.png\" alt=\"\" width=\"1024\" height=\"1024\" srcset=\"https:\/\/www.conselharan.org\/wp-content\/uploads\/2025\/02\/Proves-Acces-post-1024x1024.png 1024w, https:\/\/www.conselharan.org\/wp-content\/uploads\/2025\/02\/Proves-Acces-post-300x300.png 300w, https:\/\/www.conselharan.org\/wp-content\/uploads\/2025\/02\/Proves-Acces-post-150x150.png 150w, https:\/\/www.conselharan.org\/wp-content\/uploads\/2025\/02\/Proves-Acces-post-768x768.png 768w, https:\/\/www.conselharan.org\/wp-content\/uploads\/2025\/02\/Proves-Acces-post-1536x1536.png 1536w, https:\/\/www.conselharan.org\/wp-content\/uploads\/2025\/02\/Proves-Acces-post-2048x2048.png 2048w, https:\/\/www.conselharan.org\/wp-content\/uploads\/2025\/02\/Proves-Acces-post-270x270.png 270w, https:\/\/www.conselharan.org\/wp-content\/uploads\/2025\/02\/Proves-Acces-post-207x207.png 207w, https:\/\/www.conselharan.org\/wp-content\/uploads\/2025\/02\/Proves-Acces-post-75x75.png 75w\" sizes=\"(max-width: 1024px) 100vw, 1024px\" \/><\/a><\/div>\n<div>El Centro de Tecnificaci\u00f3n de Deportes de Invierno de la Val d\u2019Aran (CETEI) del Conselh Generau d\u2019Aran, abre el proceso de selecci\u00f3n para j\u00f3venes deportistas que quieren conciliar su formaci\u00f3n acad\u00e9mica con un entrenamiento de \u00e9lite en las disciplinas de Esqu\u00ed alpino, esqu\u00ed de fondo, freeride, freestyle, surf de nieve y patinaje sobre hielo.<\/div>\n<div><\/div>\n<div>Este programa est\u00e1 dirigido a j\u00f3venes de entre 12 y 16 a\u00f1os, para ofrecerles un itinerario espec\u00edfico de preparaci\u00f3n f\u00edsica, t\u00e9cnica y mental, con el apoyo de un equipo t\u00e9cnico cualificado y con la colaboraci\u00f3n de los clubes deportivos de la Val d\u2019Aran, Baqueira, administraciones locales y Aran Salut.<\/div>\n<div><\/div>\n<div><strong>Itinerario de excelencia para j\u00f3venes talentos<\/strong><\/div>\n<div><\/div>\n<div>El CETEI no s\u00f3lo trabaja para formar deportistas de alto rendimiento, sino que tambi\u00e9n orienta el programa para desarrollar valores como el compromiso, la disciplina y la superaci\u00f3n personal. El modelo de trabajo se basa en un apoyo acad\u00e9mico y deportivo integrado, y permite que cada joven maximice su potencial sin descuidar los estudios.<\/div>\n<div><\/div>\n<div><strong>\u00c1rea deportiva<\/strong><\/div>\n<div><\/div>\n<ul>\n<li>Entrenamientos espec\u00edficos para mejorar el rendimiento t\u00e9cnico de cada disciplina.<\/li>\n<li>Preparaci\u00f3n f\u00edsica y mental para minimizar el riesgo de lesiones y potenciar la capacidad competitiva.<\/li>\n<li>Seguimiento y colaboraci\u00f3n con los clubes deportivos de la Val d\u2019Aran para garantizar una progresi\u00f3n continuada.<\/li>\n<li>Sesiones de an\u00e1lisis de video y aplicaci\u00f3n de nuevas tecnolog\u00edas por optimizar el desarrollo t\u00e9cnico.<\/li>\n<\/ul>\n<div><strong>\u00c1rea acad\u00e9mica<\/strong><\/div>\n<div><\/div>\n<ul>\n<li>Escolarizaci\u00f3n en el INS Aran, para compatibilizar los entrenamientos con las clases obligatorias.<\/li>\n<li>Apoyo educativo con sesiones de repaso por las tardes, para asegurar el buen rendimiento acad\u00e9mico.<\/li>\n<li>Coordinaci\u00f3n entre profesores y entrenadores para ajustar los horarios y las necesidades de cada estudiante.<\/li>\n<\/ul>\n<div><b>Disciplinas deportivas y calendario<\/b><\/div>\n<div><\/div>\n<div>El CETEI prepara un entrenamiento espec\u00edfico para la preparaci\u00f3n de cada joven deportista en las siguientes modalidades:<\/div>\n<ul>\n<li>Esqu\u00ed alpino<\/li>\n<li>Esqu\u00ed de fondo<\/li>\n<li>Freeride<\/li>\n<li>Freestyle<\/li>\n<li>Surf de nieve<\/li>\n<li>Patinaje sobre hielo<\/li>\n<\/ul>\n<div><\/div>\n<div><b>Duraci\u00f3n del programa<\/b><\/div>\n<ul>\n<li>Inicio: Despu\u00e9s del puente de la Immaculada<\/li>\n<li>Final: Semana antes de Semana Santa<\/li>\n<\/ul>\n<div><b>Condiciones de acceso<\/b><\/div>\n<div><\/div>\n<div>Para acceder al programa, los deportistas tienen que cumplir con determinados criterios de selecci\u00f3n:<\/div>\n<ul>\n<li>Pertenecer a un club aran\u00e9s y disponer de licencia federativa.<\/li>\n<li>Estar matriculado en el INS Aran a partir del 2\u00ba trimestre.<\/li>\n<li>Pasar las pruebas de acceso organizado por los t\u00e9cnicos del CETEI.<\/li>\n<\/ul>\n<div>M\u00e1s informaci\u00f3n: <u><a id=\"OWA417dd7bd-701f-de22-f5b5-b6dfad6b3153\" class=\"x_x_OWAAutoLink\" title=\"https:\/\/forms.gle\/fyF97R42HHARVaSKA\" href=\"https:\/\/forms.gle\/fyF97R42HHARVaSKA\" target=\"_blank\" rel=\"noopener noreferrer\" data-auth=\"NotApplicable\" data-linkindex=\"4\">https:\/\/forms.gle\/fyF97R42HHARVaSKA<\/a><\/u><\/div>\n<div><\/div>\n<div><b>Financiaci\u00f3n del programa<\/b><\/div>\n<div><\/div>\n<div>El CETEI funciona gracias a la colaboraci\u00f3n entre instituciones p\u00fablicas y familias.<\/div>\n<div><\/div>\n<div><b>Coste del programa<\/b><\/div>\n<div><\/div>\n<div>El precio por deportista cambia seg\u00fan la modalidad y las necesidades individuales, de cada disciplina y deportista. Este incluye:<\/div>\n<ul>\n<li>Entrenamientos con t\u00e9cnicos especializados.<\/li>\n<li>Sesiones de preparaci\u00f3n f\u00edsica y mental.<\/li>\n<li>Parte acad\u00e9mica<\/li>\n<li>Abono de temporada y transporte.<\/li>\n<li>Acceso por las instalaciones deportivas del Palacio de Hielo.<\/li>\n<\/ul>\n<div><b>\u00bfPor qu\u00e9 escoger el CETEI?<\/b><\/div>\n<div><\/div>\n<div>Participar en este programa supone formar parte de un proyecto \u00fanico en los Pirineos, que quiere desarrollar deseos deportivos y, tambi\u00e9n, ayudar a la formaci\u00f3n integral de los j\u00f3venes como deportistas y como personas.<\/div>\n<div>M\u00e1s Informaci\u00f3n e inscripciones<\/div>\n<div>Si quieres que tu hijo\/a forme parte del CETEI y aspire a un futuro en el alto rendimiento deportivo mientras se forma acad\u00e9micamente, contacta con nosotros:\u00a0<u><a id=\"OWA6c63ea5f-0cd5-f8c5-0f25-caf07581ab98\" class=\"x_x_OWAAutoLink\" title=\"mailto:conselh@aran.org\" href=\"mailto:conselh@aran.org\" data-linkindex=\"5\">conselh@aran.org<\/a><\/u><\/div>\n<div aria-hidden=\"true\"><\/div>\n<div><i>Vielha, 17 de febrero de 2025<\/i><\/div>\n ","protected":false},"excerpt":{"rendered":"<p>El Centro de Tecnificaci\u00f3n de Deportes de Invierno de la Val d\u2019Aran (CETEI) del Conselh Generau d\u2019Aran, abre el proceso de selecci\u00f3n para j\u00f3venes deportistas que quieren conciliar su formaci\u00f3n acad\u00e9mica con un entrenamiento de \u00e9lite en las disciplinas de Esqu\u00ed alpino, esqu\u00ed de fondo, freeride, freestyle, surf de nieve y patinaje sobre hielo. Este&#8230;<\/p>\n","protected":false},"author":2,"featured_media":61471,"comment_status":"closed","ping_status":"closed","sticky":false,"template":"","format":"standard","meta":{"footnotes":""},"categories":[30,135,37],"tags":[],"_links":{"self":[{"href":"https:\/\/www.conselharan.org\/es\/wp-json\/wp\/v2\/posts\/61475"}],"collection":[{"href":"https:\/\/www.conselharan.org\/es\/wp-json\/wp\/v2\/posts"}],"about":[{"href":"https:\/\/www.conselharan.org\/es\/wp-json\/wp\/v2\/types\/post"}],"author":[{"embeddable":true,"href":"https:\/\/www.conselharan.org\/es\/wp-json\/wp\/v2\/users\/2"}],"replies":[{"embeddable":true,"href":"https:\/\/www.conselharan.org\/es\/wp-json\/wp\/v2\/comments?post=61475"}],"version-history":[{"count":3,"href":"https:\/\/www.conselharan.org\/es\/wp-json\/wp\/v2\/posts\/61475\/revisions"}],"predecessor-version":[{"id":61481,"href":"https:\/\/www.conselharan.org\/es\/wp-json\/wp\/v2\/posts\/61475\/revisions\/61481"}],"wp:featuredmedia":[{"embeddable":true,"href":"https:\/\/www.conselharan.org\/es\/wp-json\/wp\/v2\/media\/61471"}],"wp:attachment":[{"href":"https:\/\/www.conselharan.org\/es\/wp-json\/wp\/v2\/media?parent=61475"}],"wp:term":[{"taxonomy":"category","embeddable":true,"href":"https:\/\/www.conselharan.org\/es\/wp-json\/wp\/v2\/categories?post=61475"},{"taxonomy":"post_tag","embeddable":true,"href":"https:\/\/www.conselharan.org\/es\/wp-json\/wp\/v2\/tags?post=61475"}],"curies":[{"name":"wp","href":"https:\/\/api.w.org\/{rel}","templated":true}]}}