{"id":6176,"date":"2015-02-05T08:00:15","date_gmt":"2015-02-05T07:00:15","guid":{"rendered":"http:\/\/www.conselharan.org\/?p=6176"},"modified":"2015-02-05T15:44:03","modified_gmt":"2015-02-05T14:44:03","slug":"proteccion-civil-activa-en-alerta-el-plan-allaucat-por-el-peligro-de-aludes-muy-fuerte-en-la-zona-de-la-val-daran","status":"publish","type":"post","link":"https:\/\/www.conselharan.org\/es\/proteccion-civil-activa-en-alerta-el-plan-allaucat-por-el-peligro-de-aludes-muy-fuerte-en-la-zona-de-la-val-daran\/","title":{"rendered":"Protecci\u00f3n Civil cierra la Alerta del NEUCAT y mantiene la Pre alerta del PROCICAT por fuerte vientosibles nevadas puntuales al litoral la pr\u00f3xima madrugada"},"content":{"rendered":"<ul>\n<li><strong>Protecci\u00f3n Civil cierra la ALERTA del plan NEUCAT pero mantiene el Plan en situaci\u00f3n de Pre alerta por la posibilidad de nevadas durante los pr\u00f3ximos d\u00edas<\/strong><\/li>\n<\/ul>\n<ul>\n<li><strong> Protecci\u00f3n Civil de la Generalitat mantiene la Pre alerta del Plan de Protecci\u00f3n Civil de Catalu\u00f1a Procicat por fuerte viento durante el d\u00eda de hoy en el Pirineo<\/strong><\/li>\n<\/ul>\n<p>Protecci\u00f3n Civil de la Generalitat ha dado por finalizada la fase de alerta el plan NEUCAT una vez han pasado las nevadas que empezaron el pasado martes 3 de febrero y se han normalizado las principales incidencias que provocaron, especialmente durante la ma\u00f1ana del d\u00eda de ayer. A\u00fan as\u00ed, Protecci\u00f3n Civil mantiene el plan NEUCAT Pre alerta debido a las previsiones de nuevas nevadas durante los pr\u00f3ximos d\u00edas de madrugada en cotas bajas localmente en el litoral de Barcelona y Tarragona.<\/p>\n<p>Seg\u00fan ha informado el Servicio Meteorol\u00f3gico de Catalu\u00f1a SMC se da por finalizado el episodio de nevadas que ha tenido lugar desde el martes d\u00eda 3 de febrero. Para esta pr\u00f3xima madrugada se prev\u00e9 un nuevo episodio de nevadas que puede afectar al litoral de Barcelona y para la madrugada de viernes a s\u00e1bado al litoral tanto de Barcelona c\u00f3mo de Tarragona. Las precipitaciones ser\u00e1n aisladas y en forma de chubasco de intensidad d\u00e9bil. La cota de nieve rondar\u00e1 los 400 metros, a pesar de que puntualmente puede bajar hasta los 200 metros.<\/p>\n<p>El Servicio Catal\u00e1n de Tr\u00e1fico (SCT) contin\u00faa pidiendo precauci\u00f3n en la conducci\u00f3n ante las placas de hielo que pueden haber en las carreteras donde ayer nev\u00f3 a ra\u00edz de las bajas temperaturas y tambi\u00e9n alerta de posibles ventiscas que pueden afectar la circulaci\u00f3n por la nieve acumulada en los laterales de las v\u00edas y el viento intenso. En estos momentos, se registran estas afectaciones en la red viaria:<\/p>\n<p>C-28: cortada entre Baqueira y la Pe\u00fclla. Adem\u00e1s, es obligatorio cadenas entre la Pe\u00fcll y Casa Sastrada<br \/>\nC-142b: obligatorio cadenas entre Baqueira y el Plan de Beret<\/p>\n<p><strong>Pre alerta PROCICAT vientos<\/strong><br \/>\nAdem\u00e1s de la nieve y el fr\u00edo, Protecci\u00f3n Civil de la Generalitat mantiene la Pre alerta del Plan de Protecci\u00f3n Civil de Catalu\u00f1a Procicat por fuerte viento. Durante el d\u00eda de hoy se pueden superar los 90 km\/h en el Pirineo, Prepirineo y el extremo norte de Catalu\u00f1a y el Empord\u00e0 donde los registros pueden superar los 125 km\/h en las pr\u00f3ximas horas. El viento puede afectar cualquier cota, pero especialmente las rachas m\u00e1s fuertes se producir\u00e1n en las cotas altas. El viento soplar\u00e1 de componente norte.<\/p>\n<p>Localmente se puede producir la ca\u00edda de alg\u00fan objeto (mobiliario urbano, arbolado&#8230;) debido a la intensidad del viento. En este sentido se recomienda extremar la precauci\u00f3n.<\/p>\n<p>&nbsp;<\/p>\n ","protected":false},"excerpt":{"rendered":"<p>Protecci\u00f3n Civil cierra la ALERTA del plan NEUCAT pero mantiene el Plan en situaci\u00f3n de Pre alerta por la posibilidad de nevadas durante los pr\u00f3ximos d\u00edas Protecci\u00f3n Civil de la Generalitat mantiene la Pre alerta del Plan de Protecci\u00f3n Civil de Catalu\u00f1a Procicat por fuerte viento durante el d\u00eda de hoy en el Pirineo Protecci\u00f3n&#8230;<\/p>\n","protected":false},"author":2,"featured_media":6201,"comment_status":"closed","ping_status":"closed","sticky":false,"template":"","format":"standard","meta":{"footnotes":""},"categories":[30,126,34,37],"tags":[],"_links":{"self":[{"href":"https:\/\/www.conselharan.org\/es\/wp-json\/wp\/v2\/posts\/6176"}],"collection":[{"href":"https:\/\/www.conselharan.org\/es\/wp-json\/wp\/v2\/posts"}],"about":[{"href":"https:\/\/www.conselharan.org\/es\/wp-json\/wp\/v2\/types\/post"}],"author":[{"embeddable":true,"href":"https:\/\/www.conselharan.org\/es\/wp-json\/wp\/v2\/users\/2"}],"replies":[{"embeddable":true,"href":"https:\/\/www.conselharan.org\/es\/wp-json\/wp\/v2\/comments?post=6176"}],"version-history":[{"count":4,"href":"https:\/\/www.conselharan.org\/es\/wp-json\/wp\/v2\/posts\/6176\/revisions"}],"predecessor-version":[{"id":6230,"href":"https:\/\/www.conselharan.org\/es\/wp-json\/wp\/v2\/posts\/6176\/revisions\/6230"}],"wp:featuredmedia":[{"embeddable":true,"href":"https:\/\/www.conselharan.org\/es\/wp-json\/wp\/v2\/media\/6201"}],"wp:attachment":[{"href":"https:\/\/www.conselharan.org\/es\/wp-json\/wp\/v2\/media?parent=6176"}],"wp:term":[{"taxonomy":"category","embeddable":true,"href":"https:\/\/www.conselharan.org\/es\/wp-json\/wp\/v2\/categories?post=6176"},{"taxonomy":"post_tag","embeddable":true,"href":"https:\/\/www.conselharan.org\/es\/wp-json\/wp\/v2\/tags?post=6176"}],"curies":[{"name":"wp","href":"https:\/\/api.w.org\/{rel}","templated":true}]}}