{"id":62079,"date":"2025-04-09T15:36:03","date_gmt":"2025-04-09T13:36:03","guid":{"rendered":"https:\/\/www.conselharan.org\/er-exemplar-nere-er-os-mes-vielh-des-pireneus-localizat-en-aran\/"},"modified":"2025-04-09T16:58:19","modified_gmt":"2025-04-09T14:58:19","slug":"er-exemplar-nere-er-os-mes-vielh-des-pireneus-localizat-en-aran","status":"publish","type":"post","link":"https:\/\/www.conselharan.org\/es\/er-exemplar-nere-er-os-mes-vielh-des-pireneus-localizat-en-aran\/","title":{"rendered":"El ejemplar Nere, el oso m\u00e1s longevo de los Pirineos, localizado en Aran"},"content":{"rendered":"<div class=\"mceTemp\"><\/div>\n<p><a href=\"https:\/\/www.conselharan.org\/es\/er-exemplar-nere-er-os-mes-vielh-des-pireneus-localizat-en-aran\/wildcamera-2\/\" rel=\"attachment wp-att-62063\"><img loading=\"lazy\" decoding=\"async\" class=\"size-large wp-image-62063\" src=\"https:\/\/www.conselharan.org\/wp-content\/uploads\/2025\/04\/Nere-1-1024x539.jpg\" alt=\"\" width=\"1024\" height=\"539\" srcset=\"https:\/\/www.conselharan.org\/wp-content\/uploads\/2025\/04\/Nere-1-1024x539.jpg 1024w, https:\/\/www.conselharan.org\/wp-content\/uploads\/2025\/04\/Nere-1-300x158.jpg 300w, https:\/\/www.conselharan.org\/wp-content\/uploads\/2025\/04\/Nere-1-768x405.jpg 768w, https:\/\/www.conselharan.org\/wp-content\/uploads\/2025\/04\/Nere-1-1536x809.jpg 1536w, https:\/\/www.conselharan.org\/wp-content\/uploads\/2025\/04\/Nere-1-2048x1079.jpg 2048w\" sizes=\"(max-width: 1024px) 100vw, 1024px\" \/><\/a><\/p>\n<ul>\n<li><strong>Agentes de Miei Ambient del Conselh Generau d\u2019Aran lo han localizado gracias al trampeo fotogr\u00e1fico.<\/strong><\/li>\n<\/ul>\n<p>Nere, el oso pardo m\u00e1s viejo conocido del Pirineu, con 28 a\u00f1os, ha vuelto a ser visto en los diferentes lugares de la cordillera durante el \u00faltimo a\u00f1o, seg\u00fan los datos de\u00a0 poblaci\u00f3n del oso pardo recogidos por el Grupo de Seguimiento Transfronterizo del oso pardo.<\/p>\n<p><a href=\"https:\/\/www.conselharan.org\/es\/er-exemplar-nere-er-os-mes-vielh-des-pireneus-localizat-en-aran\/wildcamera-4-2\/\" rel=\"attachment wp-att-62072\"><img loading=\"lazy\" decoding=\"async\" class=\"size-large wp-image-62072\" src=\"https:\/\/www.conselharan.org\/wp-content\/uploads\/2025\/04\/Nere-1024x539.jpg\" alt=\"\" width=\"1024\" height=\"539\" srcset=\"https:\/\/www.conselharan.org\/wp-content\/uploads\/2025\/04\/Nere-1024x539.jpg 1024w, https:\/\/www.conselharan.org\/wp-content\/uploads\/2025\/04\/Nere-300x158.jpg 300w, https:\/\/www.conselharan.org\/wp-content\/uploads\/2025\/04\/Nere-768x405.jpg 768w, https:\/\/www.conselharan.org\/wp-content\/uploads\/2025\/04\/Nere-1536x809.jpg 1536w, https:\/\/www.conselharan.org\/wp-content\/uploads\/2025\/04\/Nere-2048x1079.jpg 2048w\" sizes=\"(max-width: 1024px) 100vw, 1024px\" \/><\/a><\/p>\n<p class=\"elementtoproof\" style=\"margin-bottom: 8.0pt; text-align: justify;\"><span style=\"font-family: 'Lato',sans-serif; color: black;\">Despu\u00e9s de su aparici\u00f3n en el Pirineu, Nere ha sido una figura fundamental por el desarrollo de la poblaci\u00f3n de oso pardo en los dos lados del Pirineo.<\/span><\/p>\n<p class=\"elementtoproof\" style=\"margin-bottom: 8.0pt; text-align: justify;\"><span style=\"font-family: 'Lato',sans-serif; color: black;\">La Generalitat de Catalunya le atribuye ocho cr\u00edas desde el a\u00f1o 2004, entre las cuales, tres del a\u00f1o pasado con la osa Bambou. Tambi\u00e9n se le atribuyen dos oseznos nacidos en el 2020 de la misma osa.<\/span><\/p>\n<p><a href=\"https:\/\/www.conselharan.org\/es\/er-exemplar-nere-er-os-mes-vielh-des-pireneus-localizat-en-aran\/wildcamera-2-2\/\" rel=\"attachment wp-att-62066\"><img loading=\"lazy\" decoding=\"async\" class=\"size-large wp-image-62066\" src=\"https:\/\/www.conselharan.org\/wp-content\/uploads\/2025\/04\/Nere-3-1024x541.jpg\" alt=\"\" width=\"1024\" height=\"541\" srcset=\"https:\/\/www.conselharan.org\/wp-content\/uploads\/2025\/04\/Nere-3-1024x541.jpg 1024w, https:\/\/www.conselharan.org\/wp-content\/uploads\/2025\/04\/Nere-3-300x158.jpg 300w, https:\/\/www.conselharan.org\/wp-content\/uploads\/2025\/04\/Nere-3-768x406.jpg 768w, https:\/\/www.conselharan.org\/wp-content\/uploads\/2025\/04\/Nere-3-1536x811.jpg 1536w, https:\/\/www.conselharan.org\/wp-content\/uploads\/2025\/04\/Nere-3-2048x1081.jpg 2048w\" sizes=\"(max-width: 1024px) 100vw, 1024px\" \/><\/a><\/p>\n<p class=\"elementtoproof\" style=\"margin-bottom: 8.0pt; text-align: justify;\"><span style=\"font-family: 'Lato',sans-serif; color: black;\">Esto ha sido un factor importante en la diversificaci\u00f3n gen\u00e9tica de la poblaci\u00f3n, puesto que pendiente bastante a\u00f1os Pyros ha dominado la reproducci\u00f3n de la especie en los Pirineo.<\/span><\/p>\n<p class=\"elementtoproof\" style=\"margin-bottom: 8.0pt; text-align: justify;\"><span style=\"font-family: 'Lato',sans-serif; color: black;\">Esta diversificaci\u00f3n es esencial para evitar problemas de endogamia y favorecer la salud a largo t\u00e9rmino de la poblaci\u00f3n del oso pardo del Pirineu.<\/span><\/p>\n<p>&nbsp;<\/p>\n<p><a href=\"https:\/\/www.conselharan.org\/es\/er-exemplar-nere-er-os-mes-vielh-des-pireneus-localizat-en-aran\/wildcamera-3-2\/\" rel=\"attachment wp-att-62069\"><img loading=\"lazy\" decoding=\"async\" class=\"size-large wp-image-62069\" src=\"https:\/\/www.conselharan.org\/wp-content\/uploads\/2025\/04\/Nere-4-1024x544.jpg\" alt=\"\" width=\"1024\" height=\"544\" srcset=\"https:\/\/www.conselharan.org\/wp-content\/uploads\/2025\/04\/Nere-4-1024x544.jpg 1024w, https:\/\/www.conselharan.org\/wp-content\/uploads\/2025\/04\/Nere-4-300x159.jpg 300w, https:\/\/www.conselharan.org\/wp-content\/uploads\/2025\/04\/Nere-4-768x408.jpg 768w, https:\/\/www.conselharan.org\/wp-content\/uploads\/2025\/04\/Nere-4-1536x815.jpg 1536w, https:\/\/www.conselharan.org\/wp-content\/uploads\/2025\/04\/Nere-4-2048x1087.jpg 2048w\" sizes=\"(max-width: 1024px) 100vw, 1024px\" \/><\/a><\/p>\n<p class=\"elementtoproof\" style=\"margin-bottom: 8.0pt; text-align: justify;\"><span style=\"font-family: 'Lato',sans-serif; color: black;\">A partir del a\u00f1o 2022, Nere ha dejado constancia de su existencia con relativa frecuencia en los diferentes lugares de la cordillera, lo cual ha confirmado su presencia activa y su importancia en el mantenimiento de la especie en la zona.\u00a0<\/span><\/p>\n<p class=\"elementtoproof\" style=\"margin-bottom: 8.0pt; text-align: justify;\"><span style=\"font-family: 'Lato',sans-serif; color: black;\">Nacido en invierno de 1997, hijo de la hembra Ziva y de un macho esloveno, Nere ha sido clave para el crecimiento y la consolidaci\u00f3n de la poblaci\u00f3n de los osos en el Pirineu.<\/span><\/p>\n<p>&nbsp;<\/p>\n<p><em>Vielha, 9 de abril de 2025\u00a0<\/em><strong><br \/>\n<\/strong><\/p>\n ","protected":false},"excerpt":{"rendered":"<p>Agentes de Miei Ambient del Conselh Generau d\u2019Aran lo han localizado gracias al trampeo fotogr\u00e1fico. Nere, el oso pardo m\u00e1s viejo conocido del Pirineu, con 28 a\u00f1os, ha vuelto a ser visto en los diferentes lugares de la cordillera durante el \u00faltimo a\u00f1o, seg\u00fan los datos de\u00a0 poblaci\u00f3n del oso pardo recogidos por el Grupo&#8230;<\/p>\n","protected":false},"author":2,"featured_media":62065,"comment_status":"closed","ping_status":"closed","sticky":false,"template":"","format":"standard","meta":{"footnotes":""},"categories":[30,129,126,34,37],"tags":[],"_links":{"self":[{"href":"https:\/\/www.conselharan.org\/es\/wp-json\/wp\/v2\/posts\/62079"}],"collection":[{"href":"https:\/\/www.conselharan.org\/es\/wp-json\/wp\/v2\/posts"}],"about":[{"href":"https:\/\/www.conselharan.org\/es\/wp-json\/wp\/v2\/types\/post"}],"author":[{"embeddable":true,"href":"https:\/\/www.conselharan.org\/es\/wp-json\/wp\/v2\/users\/2"}],"replies":[{"embeddable":true,"href":"https:\/\/www.conselharan.org\/es\/wp-json\/wp\/v2\/comments?post=62079"}],"version-history":[{"count":3,"href":"https:\/\/www.conselharan.org\/es\/wp-json\/wp\/v2\/posts\/62079\/revisions"}],"predecessor-version":[{"id":62085,"href":"https:\/\/www.conselharan.org\/es\/wp-json\/wp\/v2\/posts\/62079\/revisions\/62085"}],"wp:featuredmedia":[{"embeddable":true,"href":"https:\/\/www.conselharan.org\/es\/wp-json\/wp\/v2\/media\/62065"}],"wp:attachment":[{"href":"https:\/\/www.conselharan.org\/es\/wp-json\/wp\/v2\/media?parent=62079"}],"wp:term":[{"taxonomy":"category","embeddable":true,"href":"https:\/\/www.conselharan.org\/es\/wp-json\/wp\/v2\/categories?post=62079"},{"taxonomy":"post_tag","embeddable":true,"href":"https:\/\/www.conselharan.org\/es\/wp-json\/wp\/v2\/tags?post=62079"}],"curies":[{"name":"wp","href":"https:\/\/api.w.org\/{rel}","templated":true}]}}