{"id":62155,"date":"2025-04-15T15:39:52","date_gmt":"2025-04-15T13:39:52","guid":{"rendered":"https:\/\/www.conselharan.org\/presentacion-des-naues-audioguides-der-ecomuseu-co-de-joanchiquet-de-vilamos\/"},"modified":"2025-04-15T15:43:54","modified_gmt":"2025-04-15T13:43:54","slug":"presentacion-des-naues-audioguides-der-ecomuseu-co-de-joanchiquet-de-vilamos","status":"publish","type":"post","link":"https:\/\/www.conselharan.org\/es\/presentacion-des-naues-audioguides-der-ecomuseu-co-de-joanchiquet-de-vilamos\/","title":{"rendered":"Presentacion des naues audioguides der Ecomus\u00e8u \u00c7\u00f2 de Joanchiquet de Vilam\u00f2s"},"content":{"rendered":"<p><a href=\"https:\/\/www.conselharan.org\/es\/presentacion-des-naues-audioguides-der-ecomuseu-co-de-joanchiquet-de-vilamos\/foto-casa-audioguida-2\/\" rel=\"attachment wp-att-62146\"><img loading=\"lazy\" decoding=\"async\" class=\"aligncenter size-large wp-image-62146\" src=\"https:\/\/www.conselharan.org\/wp-content\/uploads\/2025\/04\/foto-casa-audioguida-768x1024.jpg\" alt=\"\" width=\"768\" height=\"1024\" srcset=\"https:\/\/www.conselharan.org\/wp-content\/uploads\/2025\/04\/foto-casa-audioguida-768x1024.jpg 768w, https:\/\/www.conselharan.org\/wp-content\/uploads\/2025\/04\/foto-casa-audioguida-225x300.jpg 225w, https:\/\/www.conselharan.org\/wp-content\/uploads\/2025\/04\/foto-casa-audioguida-1152x1536.jpg 1152w, https:\/\/www.conselharan.org\/wp-content\/uploads\/2025\/04\/foto-casa-audioguida-1536x2048.jpg 1536w, https:\/\/www.conselharan.org\/wp-content\/uploads\/2025\/04\/foto-casa-audioguida-scaled.jpg 1920w\" sizes=\"(max-width: 768px) 100vw, 768px\" \/><\/a><\/p>\n<p>&nbsp;<\/p>\n<ul>\n<li>\n<h3><strong>Un nau recors que permeter\u00e0 milhorar de man\u00e8ra significativa era experi\u00e9ncia des visitants e que ser\u00e0 disponible en cinc leng\u00fces (aran\u00e9s, catalan, espanh\u00f2u, franc\u00e9s e angl\u00e9s).<\/strong><\/h3>\n<\/li>\n<li>\n<h3><strong>Aguesta actuacion a estat finan\u00e7ada peth Plan de Sostenibilitat Toristica dera Val d\u2019Aran.<\/strong><\/h3>\n<\/li>\n<\/ul>\n<p>Eth Conselh Generau d\u2019Aran, a trau\u00e8s deth Hilat de Mus\u00e8us, present\u00e8c ager deluns \u00a0es audioguides der Ecomus\u00e8u \u00c7\u00f2 de Joanchiquet de Vilam\u00f2s, un nau recors que permeter\u00e0 milhorar de man\u00e8ra significativa era experi\u00e9ncia des visitants, en tot incorporar contenguts innovadors sus era casa, era familha Aun\u00f2s e era forma de vida tradicionau dera Val d\u2019Aran.<\/p>\n<p>Er acte siguec presidit pera sindica d\u2019Aran, Maria Verg\u00e9s, er alcalde de Vilam\u00f2s, Oriol Sala e d\u2019auti conselh\u00e8rs deth Conselh Generau d\u2019Aran.<\/p>\n<p>Er Ecomus\u00e8u, gestionat peth Conselh Generau d\u2019Aran e proprietat actuau der Ajuntament de Vilam\u00f2s, represente un important testim\u00f2ni dera ist\u00f2ria e dera cultura aranesa. Er abitatge siguec aucupat pendent d\u00e8tz generacions pera familha Aun\u00f2s, segontes era documentacion que remonte ath s\u00e8gle XVI, e siguec transformat en ecomus\u00e8u en 1996.<\/p>\n<p>Es audioguides incorp\u00f2ren vint-e-tres pistes en cinc leng\u00fces (aran\u00e9s, catalan, espanh\u00f2u, franc\u00e9s e angl\u00e9s) e tres votzes diferents, permetent ua visita personalizada e immersiva. Damb m\u00e8s d\u2019ua ora de locucions, es contenguts bastissen un viatge ath passat des familhes araneses enquia comen\u00e7aments deth s\u00e8gle XX.<\/p>\n<p>&nbsp;<\/p>\n<p><a href=\"https:\/\/www.conselharan.org\/es\/presentacion-des-naues-audioguides-der-ecomuseu-co-de-joanchiquet-de-vilamos\/foto-presentacion-audioguides-1-2\/\" rel=\"attachment wp-att-62149\"><img loading=\"lazy\" decoding=\"async\" class=\"aligncenter size-large wp-image-62149\" src=\"https:\/\/www.conselharan.org\/wp-content\/uploads\/2025\/04\/foto-presentacion-audioguides-1-768x1024.jpg\" alt=\"\" width=\"768\" height=\"1024\" srcset=\"https:\/\/www.conselharan.org\/wp-content\/uploads\/2025\/04\/foto-presentacion-audioguides-1-768x1024.jpg 768w, https:\/\/www.conselharan.org\/wp-content\/uploads\/2025\/04\/foto-presentacion-audioguides-1-225x300.jpg 225w, https:\/\/www.conselharan.org\/wp-content\/uploads\/2025\/04\/foto-presentacion-audioguides-1-1152x1536.jpg 1152w, https:\/\/www.conselharan.org\/wp-content\/uploads\/2025\/04\/foto-presentacion-audioguides-1-1536x2048.jpg 1536w, https:\/\/www.conselharan.org\/wp-content\/uploads\/2025\/04\/foto-presentacion-audioguides-1-scaled.jpg 1920w\" sizes=\"(max-width: 768px) 100vw, 768px\" \/><\/a><\/p>\n<p>&nbsp;<\/p>\n<p>Eth proc\u00e8s de creacion d\u2019aguesti contenguts a compdat damb ua prigonda rec\u00e8rca documentau e orau. En aguest sens, eth testim\u00f2ni de Juanita Aun\u00f2s, darr\u00e8ra ereua dera casa, a estat clau ent\u00e0 reconstitu\u00efr era ist\u00f2ria de \u00c7\u00f2 de Joanchiquet e era vida dera sua familha. Era empresa Insitu, especializada en proj\u00e8ctes culturaus e toristics, a estat era encargada de desvolopar aguest proj\u00e8cte d\u2019audioguides.<\/p>\n<p>Es audioguides ja son disponibles ent\u00e0s visitants a compdar d\u2019au\u00e9, 15 d\u2019abriu. Enquiath dijaus 17, se poder\u00e0n utilizar gratu\u00eftaments. Demp\u00fas aur\u00e0n un c\u00f2st simbolic de 2\u20ac, ath del\u00e0 deth pr\u00e8tz dera entrada. Aguesta actuacion a estat finan\u00e7ada peth Plan de Sostenibilitat Toristica dera Val d\u2019Aran.<\/p>\n<p>&nbsp;<\/p>\n<p><em>Vielha, 15 d\u2019abriu de 2025<\/em><\/p>\n ","protected":false},"excerpt":{"rendered":"<p>&nbsp; Un nau recors que permeter\u00e0 milhorar de man\u00e8ra significativa era experi\u00e9ncia des visitants e que ser\u00e0 disponible en cinc leng\u00fces (aran\u00e9s, catalan, espanh\u00f2u, franc\u00e9s e angl\u00e9s). Aguesta actuacion a estat finan\u00e7ada peth Plan de Sostenibilitat Toristica dera Val d\u2019Aran. Eth Conselh Generau d\u2019Aran, a trau\u00e8s deth Hilat de Mus\u00e8us, present\u00e8c ager deluns \u00a0es audioguides&#8230;<\/p>\n","protected":false},"author":2,"featured_media":62148,"comment_status":"closed","ping_status":"closed","sticky":false,"template":"","format":"standard","meta":{"footnotes":""},"categories":[30,792,795,52,804,132,37,137],"tags":[],"_links":{"self":[{"href":"https:\/\/www.conselharan.org\/es\/wp-json\/wp\/v2\/posts\/62155"}],"collection":[{"href":"https:\/\/www.conselharan.org\/es\/wp-json\/wp\/v2\/posts"}],"about":[{"href":"https:\/\/www.conselharan.org\/es\/wp-json\/wp\/v2\/types\/post"}],"author":[{"embeddable":true,"href":"https:\/\/www.conselharan.org\/es\/wp-json\/wp\/v2\/users\/2"}],"replies":[{"embeddable":true,"href":"https:\/\/www.conselharan.org\/es\/wp-json\/wp\/v2\/comments?post=62155"}],"version-history":[{"count":1,"href":"https:\/\/www.conselharan.org\/es\/wp-json\/wp\/v2\/posts\/62155\/revisions"}],"predecessor-version":[{"id":62157,"href":"https:\/\/www.conselharan.org\/es\/wp-json\/wp\/v2\/posts\/62155\/revisions\/62157"}],"wp:featuredmedia":[{"embeddable":true,"href":"https:\/\/www.conselharan.org\/es\/wp-json\/wp\/v2\/media\/62148"}],"wp:attachment":[{"href":"https:\/\/www.conselharan.org\/es\/wp-json\/wp\/v2\/media?parent=62155"}],"wp:term":[{"taxonomy":"category","embeddable":true,"href":"https:\/\/www.conselharan.org\/es\/wp-json\/wp\/v2\/categories?post=62155"},{"taxonomy":"post_tag","embeddable":true,"href":"https:\/\/www.conselharan.org\/es\/wp-json\/wp\/v2\/tags?post=62155"}],"curies":[{"name":"wp","href":"https:\/\/api.w.org\/{rel}","templated":true}]}}