{"id":62248,"date":"2025-04-22T16:15:44","date_gmt":"2025-04-22T14:15:44","guid":{"rendered":"https:\/\/www.conselharan.org\/?p=62248"},"modified":"2025-04-22T19:16:57","modified_gmt":"2025-04-22T17:16:57","slug":"la-val-daran-premiada-como-mejor-destino-natural-de-espana","status":"publish","type":"post","link":"https:\/\/www.conselharan.org\/es\/la-val-daran-premiada-como-mejor-destino-natural-de-espana\/","title":{"rendered":"La Val d\u2019Aran, premiada como \u201cMejor Destino Natural de Espa\u00f1a\u00bb"},"content":{"rendered":"<p><a href=\"https:\/\/www.conselharan.org\/es\/la-val-daran-premiada-como-mejor-destino-natural-de-espana\/2-18-2\/\" rel=\"attachment wp-att-62232\"><img loading=\"lazy\" decoding=\"async\" class=\"aligncenter size-full wp-image-62232\" src=\"https:\/\/www.conselharan.org\/wp-content\/uploads\/2025\/04\/2.jpg\" alt=\"\" width=\"738\" height=\"910\" srcset=\"https:\/\/www.conselharan.org\/wp-content\/uploads\/2025\/04\/2.jpg 738w, https:\/\/www.conselharan.org\/wp-content\/uploads\/2025\/04\/2-243x300.jpg 243w\" sizes=\"(max-width: 738px) 100vw, 738px\" \/><\/a><\/p>\n<ul>\n<li>\n<h3><strong>La revista \u201cViajes National Geographic\u201d ha dado a conocer hoy el ganador de este premio, que entrega a trav\u00e9s del apartado\u201d Premios de los lectores 2025\u201d. <\/strong><\/h3>\n<\/li>\n<\/ul>\n<p>La Val d\u2019Aran ha sido reconocida como\u201cMejor Destino Natural de Espa\u00f1a\u201d en los prestigiosos \u201cPremios de los Lectores 2025\u201d de la publicaci\u00f3n Viajes National Geographic.<\/p>\n<p><a href=\"https:\/\/www.conselharan.org\/es\/la-val-daran-premiada-como-mejor-destino-natural-de-espana\/4-13-2\/\" rel=\"attachment wp-att-62238\"><img loading=\"lazy\" decoding=\"async\" class=\"aligncenter size-full wp-image-62238\" src=\"https:\/\/www.conselharan.org\/wp-content\/uploads\/2025\/04\/4.jpg\" alt=\"\" width=\"738\" height=\"959\" srcset=\"https:\/\/www.conselharan.org\/wp-content\/uploads\/2025\/04\/4.jpg 738w, https:\/\/www.conselharan.org\/wp-content\/uploads\/2025\/04\/4-231x300.jpg 231w\" sizes=\"(max-width: 738px) 100vw, 738px\" \/><\/a><\/p>\n<p>Esta distinci\u00f3n, fruto de los votos de miles de personas, revela la belleza natural y la excepcional oferta tur\u00edstica del territorio, y lo sit\u00faa como un referente en el sector del turismo sostenible y por la calidad de sus servicios.<a href=\"https:\/\/www.conselharan.org\/es\/la-val-daran-premiada-como-mejor-destino-natural-de-espana\/5-5-2\/\" rel=\"attachment wp-att-62241\"><img loading=\"lazy\" decoding=\"async\" class=\"aligncenter size-full wp-image-62241\" src=\"https:\/\/www.conselharan.org\/wp-content\/uploads\/2025\/04\/5.jpg\" alt=\"\" width=\"633\" height=\"916\" srcset=\"https:\/\/www.conselharan.org\/wp-content\/uploads\/2025\/04\/5.jpg 633w, https:\/\/www.conselharan.org\/wp-content\/uploads\/2025\/04\/5-207x300.jpg 207w\" sizes=\"(max-width: 633px) 100vw, 633px\" \/><\/a><\/p>\n<p>Un premio que, adem\u00e1s de estos valores, tambi\u00e9n reconoce el esfuerzo continuado para mejorar su oferta, la innovaci\u00f3n y el compromiso con la excelencia en los servicios ofrecidos a los usuarios.<a href=\"https:\/\/www.conselharan.org\/es\/la-val-daran-premiada-como-mejor-destino-natural-de-espana\/3-15-2\/\" rel=\"attachment wp-att-62235\"><img loading=\"lazy\" decoding=\"async\" class=\"aligncenter size-full wp-image-62235\" src=\"https:\/\/www.conselharan.org\/wp-content\/uploads\/2025\/04\/3.jpg\" alt=\"\" width=\"738\" height=\"900\" srcset=\"https:\/\/www.conselharan.org\/wp-content\/uploads\/2025\/04\/3.jpg 738w, https:\/\/www.conselharan.org\/wp-content\/uploads\/2025\/04\/3-246x300.jpg 246w\" sizes=\"(max-width: 738px) 100vw, 738px\" \/><\/a><\/p>\n<p>Para la sindica d\u2019Aran Maria Verg\u00e9s: \u201cEsta distinci\u00f3n certifica el trabajo bien hecho, la dedicaci\u00f3n y la constancia por parte de todos y todas que, en los diferentes sectores, proponen a los visitantes experiencias \u00fanicas que pueden vivir en la Val d\u2019Aran\u201d.<\/p>\n<p><em>Vielha, 22 de abril de 2025<\/em><\/p>\n ","protected":false},"excerpt":{"rendered":"<p>La revista \u201cViajes National Geographic\u201d ha dado a conocer hoy el ganador de este premio, que entrega a trav\u00e9s del apartado\u201d Premios de los lectores 2025\u201d. La Val d\u2019Aran ha sido reconocida como\u201cMejor Destino Natural de Espa\u00f1a\u201d en los prestigiosos \u201cPremios de los Lectores 2025\u201d de la publicaci\u00f3n Viajes National Geographic. Esta distinci\u00f3n, fruto de&#8230;<\/p>\n","protected":false},"author":2,"featured_media":62241,"comment_status":"closed","ping_status":"closed","sticky":false,"template":"","format":"standard","meta":{"footnotes":""},"categories":[30,795,52,804,34,37],"tags":[],"_links":{"self":[{"href":"https:\/\/www.conselharan.org\/es\/wp-json\/wp\/v2\/posts\/62248"}],"collection":[{"href":"https:\/\/www.conselharan.org\/es\/wp-json\/wp\/v2\/posts"}],"about":[{"href":"https:\/\/www.conselharan.org\/es\/wp-json\/wp\/v2\/types\/post"}],"author":[{"embeddable":true,"href":"https:\/\/www.conselharan.org\/es\/wp-json\/wp\/v2\/users\/2"}],"replies":[{"embeddable":true,"href":"https:\/\/www.conselharan.org\/es\/wp-json\/wp\/v2\/comments?post=62248"}],"version-history":[{"count":3,"href":"https:\/\/www.conselharan.org\/es\/wp-json\/wp\/v2\/posts\/62248\/revisions"}],"predecessor-version":[{"id":62381,"href":"https:\/\/www.conselharan.org\/es\/wp-json\/wp\/v2\/posts\/62248\/revisions\/62381"}],"wp:featuredmedia":[{"embeddable":true,"href":"https:\/\/www.conselharan.org\/es\/wp-json\/wp\/v2\/media\/62241"}],"wp:attachment":[{"href":"https:\/\/www.conselharan.org\/es\/wp-json\/wp\/v2\/media?parent=62248"}],"wp:term":[{"taxonomy":"category","embeddable":true,"href":"https:\/\/www.conselharan.org\/es\/wp-json\/wp\/v2\/categories?post=62248"},{"taxonomy":"post_tag","embeddable":true,"href":"https:\/\/www.conselharan.org\/es\/wp-json\/wp\/v2\/tags?post=62248"}],"curies":[{"name":"wp","href":"https:\/\/api.w.org\/{rel}","templated":true}]}}