{"id":62309,"date":"2025-04-30T11:09:15","date_gmt":"2025-04-30T09:09:15","guid":{"rendered":"https:\/\/www.conselharan.org\/?p=62309"},"modified":"2025-04-30T11:09:15","modified_gmt":"2025-04-30T09:09:15","slug":"el-conselh-generau-y-la-universitat-de-lleida-celebran-el-dia-mundial-del-agua-en-aran","status":"publish","type":"post","link":"https:\/\/www.conselharan.org\/es\/el-conselh-generau-y-la-universitat-de-lleida-celebran-el-dia-mundial-del-agua-en-aran\/","title":{"rendered":"El Conselh Generau y la Universitat de Lleida celebran el D\u00eda Mundial del agua en Aran"},"content":{"rendered":"<p><a href=\"https:\/\/www.conselharan.org\/es\/el-conselh-generau-y-la-universitat-de-lleida-celebran-el-dia-mundial-del-agua-en-aran\/hidrogeoguia-2-2\/\" rel=\"attachment wp-att-62297\"><img loading=\"lazy\" decoding=\"async\" class=\"aligncenter size-large wp-image-62297\" src=\"https:\/\/www.conselharan.org\/wp-content\/uploads\/2025\/04\/Hidrogeoguia-2-1024x768.jpg\" alt=\"\" width=\"1024\" height=\"768\" srcset=\"https:\/\/www.conselharan.org\/wp-content\/uploads\/2025\/04\/Hidrogeoguia-2-1024x768.jpg 1024w, https:\/\/www.conselharan.org\/wp-content\/uploads\/2025\/04\/Hidrogeoguia-2-300x225.jpg 300w, https:\/\/www.conselharan.org\/wp-content\/uploads\/2025\/04\/Hidrogeoguia-2-768x576.jpg 768w, https:\/\/www.conselharan.org\/wp-content\/uploads\/2025\/04\/Hidrogeoguia-2-1536x1152.jpg 1536w, https:\/\/www.conselharan.org\/wp-content\/uploads\/2025\/04\/Hidrogeoguia-2-2048x1536.jpg 2048w\" sizes=\"(max-width: 1024px) 100vw, 1024px\" \/><\/a><\/p>\n<ul>\n<li>\n<h3><strong>La actividad cont\u00f3 con el apoyo del Conselh Generau d\u2019Aran mediante el Centre de Lauegi, con el objetivo de promover la divulgaci\u00f3n cient\u00edfica y la preservaci\u00f3n del agua como recurso natural.<\/strong><\/h3>\n<\/li>\n<li>\n<h3><strong>Los participantes pudieron conocer los acu\u00edferos k\u00e1rsticos, los sistemas hidrotermales y la evoluci\u00f3n geol\u00f3gica en uno de los paisajes m\u00e1s singulares de los Pirineo.<\/strong><\/h3>\n<\/li>\n<\/ul>\n<p>Este fin de semana la Universitat de Lleida (UdL), en colaboraci\u00f3n con el Conselh Generau d\u2019Aran, organiz\u00f3 una nueva edici\u00f3n de la Hidrogeod\u00eda con motivo del <strong>D\u00eda Mundial del agua<\/strong>. Esta jornada se celebr\u00f3 en la Val d\u2019Aran bajo el t\u00edtulo <strong>\u201cLas aguas termales y el karst de la Val d\u2019Aran\u201d.<a href=\"https:\/\/www.conselharan.org\/es\/el-conselh-generau-y-la-universitat-de-lleida-celebran-el-dia-mundial-del-agua-en-aran\/hidrogeodia-1-2\/\" rel=\"attachment wp-att-62303\"><img loading=\"lazy\" decoding=\"async\" class=\"aligncenter size-large wp-image-62303\" src=\"https:\/\/www.conselharan.org\/wp-content\/uploads\/2025\/04\/Hidrogeodia-1-1024x768.jpg\" alt=\"\" width=\"1024\" height=\"768\" srcset=\"https:\/\/www.conselharan.org\/wp-content\/uploads\/2025\/04\/Hidrogeodia-1-1024x768.jpg 1024w, https:\/\/www.conselharan.org\/wp-content\/uploads\/2025\/04\/Hidrogeodia-1-300x225.jpg 300w, https:\/\/www.conselharan.org\/wp-content\/uploads\/2025\/04\/Hidrogeodia-1-768x576.jpg 768w, https:\/\/www.conselharan.org\/wp-content\/uploads\/2025\/04\/Hidrogeodia-1-1536x1152.jpg 1536w, https:\/\/www.conselharan.org\/wp-content\/uploads\/2025\/04\/Hidrogeodia-1-2048x1536.jpg 2048w\" sizes=\"(max-width: 1024px) 100vw, 1024px\" \/><\/a><\/strong><\/p>\n<p>La actividad cont\u00f3 con la colaboraci\u00f3n del Conselh Generau d\u2019Aran, a trav\u00e9s del Centre de Lauegi, con el objetivo de promover el conocimiento sobre la hidrogeolog\u00eda y el valor del agua como recurso fundamental para el medio ambiente. En total, m\u00e1s de 60 personas participaron en la excursi\u00f3n, que incluy\u00f3 varias paradas para descubrir la geolog\u00eda de la Val d\u2019Aran, la hidrogeolog\u00eda y el termalismo en el territorio.<\/p>\n<p>Los asistentes recorrieron puntos\u00a0 de Art\u00edes, Les, Boss\u00f2st, Aig\u00fceira y Uelhs deth Joeu, d\u00f3nde conocieron los acu\u00edferos k\u00e1rsticos y los sistemas hidrotermales de la zona. Tambi\u00e9n se habl\u00f3 de la evoluci\u00f3n geol\u00f3gica del territorio, modelado por la din\u00e1mica glacial de los Pirineos.<a href=\"https:\/\/www.conselharan.org\/es\/el-conselh-generau-y-la-universitat-de-lleida-celebran-el-dia-mundial-del-agua-en-aran\/hidrogeodia-2\/\" rel=\"attachment wp-att-62300\"><img loading=\"lazy\" decoding=\"async\" class=\"aligncenter size-large wp-image-62300\" src=\"https:\/\/www.conselharan.org\/wp-content\/uploads\/2025\/04\/Hidrogeodia-1024x867.jpg\" alt=\"\" width=\"1024\" height=\"867\" srcset=\"https:\/\/www.conselharan.org\/wp-content\/uploads\/2025\/04\/Hidrogeodia-1024x867.jpg 1024w, https:\/\/www.conselharan.org\/wp-content\/uploads\/2025\/04\/Hidrogeodia-300x254.jpg 300w, https:\/\/www.conselharan.org\/wp-content\/uploads\/2025\/04\/Hidrogeodia-768x650.jpg 768w, https:\/\/www.conselharan.org\/wp-content\/uploads\/2025\/04\/Hidrogeodia-1536x1301.jpg 1536w, https:\/\/www.conselharan.org\/wp-content\/uploads\/2025\/04\/Hidrogeodia.jpg 1932w\" sizes=\"(max-width: 1024px) 100vw, 1024px\" \/><\/a><\/p>\n<p>La excursi\u00f3n fue en autocar, con peque\u00f1as caminatas, y el transporte y las explicaciones de los hidroge\u00f3logos fueron gratuitos. La jornada era abierta a todos los p\u00fablicos, independientemente de su nivel de formaci\u00f3n, y fue una oportunidad \u00fanica para conocer el patrimonio natural del Val d\u2019Aran.<\/p>\n<p><em>Vielha, 30 de abril de 2025<\/em><\/p>\n ","protected":false},"excerpt":{"rendered":"<p>La actividad cont\u00f3 con el apoyo del Conselh Generau d\u2019Aran mediante el Centre de Lauegi, con el objetivo de promover la divulgaci\u00f3n cient\u00edfica y la preservaci\u00f3n del agua como recurso natural. Los participantes pudieron conocer los acu\u00edferos k\u00e1rsticos, los sistemas hidrotermales y la evoluci\u00f3n geol\u00f3gica en uno de los paisajes m\u00e1s singulares de los Pirineo&#8230;.<\/p>\n","protected":false},"author":2,"featured_media":62297,"comment_status":"closed","ping_status":"closed","sticky":false,"template":"","format":"standard","meta":{"footnotes":""},"categories":[30,792,52,126,34,37],"tags":[],"_links":{"self":[{"href":"https:\/\/www.conselharan.org\/es\/wp-json\/wp\/v2\/posts\/62309"}],"collection":[{"href":"https:\/\/www.conselharan.org\/es\/wp-json\/wp\/v2\/posts"}],"about":[{"href":"https:\/\/www.conselharan.org\/es\/wp-json\/wp\/v2\/types\/post"}],"author":[{"embeddable":true,"href":"https:\/\/www.conselharan.org\/es\/wp-json\/wp\/v2\/users\/2"}],"replies":[{"embeddable":true,"href":"https:\/\/www.conselharan.org\/es\/wp-json\/wp\/v2\/comments?post=62309"}],"version-history":[{"count":3,"href":"https:\/\/www.conselharan.org\/es\/wp-json\/wp\/v2\/posts\/62309\/revisions"}],"predecessor-version":[{"id":62312,"href":"https:\/\/www.conselharan.org\/es\/wp-json\/wp\/v2\/posts\/62309\/revisions\/62312"}],"wp:featuredmedia":[{"embeddable":true,"href":"https:\/\/www.conselharan.org\/es\/wp-json\/wp\/v2\/media\/62297"}],"wp:attachment":[{"href":"https:\/\/www.conselharan.org\/es\/wp-json\/wp\/v2\/media?parent=62309"}],"wp:term":[{"taxonomy":"category","embeddable":true,"href":"https:\/\/www.conselharan.org\/es\/wp-json\/wp\/v2\/categories?post=62309"},{"taxonomy":"post_tag","embeddable":true,"href":"https:\/\/www.conselharan.org\/es\/wp-json\/wp\/v2\/tags?post=62309"}],"curies":[{"name":"wp","href":"https:\/\/api.w.org\/{rel}","templated":true}]}}