{"id":62614,"date":"2025-05-29T14:48:36","date_gmt":"2025-05-29T12:48:36","guid":{"rendered":"https:\/\/www.conselharan.org\/?p=62614"},"modified":"2025-05-29T15:42:48","modified_gmt":"2025-05-29T13:42:48","slug":"aprobacion-por-el-conselh-generau-daran-de-la-regulacion-de-los-usos-y-construcciones-admisibles-en-suelo-no-urbanizable","status":"publish","type":"post","link":"https:\/\/www.conselharan.org\/es\/aprobacion-por-el-conselh-generau-daran-de-la-regulacion-de-los-usos-y-construcciones-admisibles-en-suelo-no-urbanizable\/","title":{"rendered":"Aprobaci\u00f3n por el Conselh Generau d\u2019Aran de la regulaci\u00f3n de los usos y construcciones admisibles en suelo no urbanizable"},"content":{"rendered":"<p><a href=\"https:\/\/www.conselharan.org\/es\/aprobacion-por-el-conselh-generau-daran-de-la-regulacion-de-los-usos-y-construcciones-admisibles-en-suelo-no-urbanizable\/plen-conselh-generau-290525\/\" rel=\"attachment wp-att-62618\"><img loading=\"lazy\" decoding=\"async\" class=\"aligncenter size-large wp-image-62618\" src=\"https:\/\/www.conselharan.org\/wp-content\/uploads\/2025\/05\/Plen-Conselh-Generau-290525-1-1024x561.jpg\" alt=\"\" width=\"1024\" height=\"561\" srcset=\"https:\/\/www.conselharan.org\/wp-content\/uploads\/2025\/05\/Plen-Conselh-Generau-290525-1-1024x561.jpg 1024w, https:\/\/www.conselharan.org\/wp-content\/uploads\/2025\/05\/Plen-Conselh-Generau-290525-1-300x164.jpg 300w, https:\/\/www.conselharan.org\/wp-content\/uploads\/2025\/05\/Plen-Conselh-Generau-290525-1-768x421.jpg 768w, https:\/\/www.conselharan.org\/wp-content\/uploads\/2025\/05\/Plen-Conselh-Generau-290525-1.jpg 1179w\" sizes=\"(max-width: 1024px) 100vw, 1024px\" \/><\/a><\/p>\n<ul>\n<li>\n<h3><strong>El Pleno del Conselh Generau d\u2019Aran, celebrado esta ma\u00f1ana, ha aprobado de manera inicial y por unanimidad la modificaci\u00f3n de las Normas Subsidiarias de Planificaci\u00f3n de la Val d\u2019Aran (NNSS.VA), vigentes en los municipios de Canejan, Les, Boss\u00f2st, Vilam\u00f2s, Es B\u00f2rdes y Vielha i Mijaran, relativa a la regulaci\u00f3n de los usos y construcciones admisibles en suelo no urbanizable.<\/strong><\/h3>\n<\/li>\n<\/ul>\n<ul>\n<li>\n<h3><strong>Esta modificaci\u00f3n se ha llevado a cabo ante la necesidad de adaptar las disposiciones de las NNSS.VA al Plan Director Urban\u00edstico de la Vall d\u2019Aran (PDUVA) y dar respuesta a las diversas problem\u00e1ticas relacionadas con los usos y las construcciones en suelo no urbanizable que se han intensificado en los \u00faltimos a\u00f1os, como la proliferaci\u00f3n de peque\u00f1as instalaciones, cierres o cubierta.<\/strong><\/h3>\n<\/li>\n<\/ul>\n<ul>\n<li>\n<h3><strong>La modificaci\u00f3n tambi\u00e9n permitir\u00e1 definir y regular un tipo de edificaci\u00f3n, ubicable en fincas superiores a 2000 m\u00b2, que posibilite el desarrollo de explotaciones agropecuarias seg\u00fan las necesidades del sector ganadero aran\u00e9s y la estructura de la propiedad en Aran.<\/strong><\/h3>\n<\/li>\n<\/ul>\n<ul>\n<li>\n<h3><strong>Una vez finalizados los plazos oficiales y aprobada definitivamente por la Comisi\u00f3n de Urbanismo de Aran, ser\u00e1n los Ayuntamientos araneses los que deber\u00e1n velar por el cumplimiento de esta norma.<\/strong><\/h3>\n<\/li>\n<\/ul>\n<p>Esta ma\u00f1ana ha tenido lugar un pleno extraordinario del Conselh Generau d\u2019Aran para aprobar, de manera inicial, la propuesta de modificaci\u00f3n de las NNSS de Planificaci\u00f3n de la Val d\u2019Aran, vigentes en los municipios de Canejan, Les, Boss\u00f2st, Vilam\u00f2s, Es B\u00f2rdes y Vielha y Mijaran, para la regulaci\u00f3n de los usos y construcciones admisibles en suelo no urbanizable.<\/p>\n<p data-start=\"1735\" data-end=\"2494\">La modificaci\u00f3n de las NNSS.VA surge de la necesidad de adaptar esta normativa, de 1982, al PDUVA y de dar as\u00ed respuesta a las diversas problem\u00e1ticas relacionadas con los usos y edificaciones en suelo no urbanizable (SNU) que se han intensificado en los \u00faltimos a\u00f1os. En este sentido, las NNSS.VA diferencian dos tipos de SNU: suelo r\u00fastico y suelo no urbanizable de protecci\u00f3n especial, mientras que el PDUVA determina tres tipos de suelo en el sistema de espacios abiertos: suelo de protecci\u00f3n especial, de protecci\u00f3n territorial y de protecci\u00f3n preventiva. Asimismo, el PDUVA define y regula espec\u00edficamente determinadas construcciones en SNU (ganaderas y almacenes) que no tienen una correspondencia clara con las construcciones reguladas por las NNSS.VA.<\/p>\n<p data-start=\"2496\" data-end=\"3290\">Por otro lado, la posibilidad de impulsar una progresiva recuperaci\u00f3n de la actividad agropecuaria debido a las limitaciones de la estructura de la propiedad r\u00fastica en Aran, que no suele tener grandes dimensiones, y por tanto, son pocas las fincas que tienen las condiciones de ubicaci\u00f3n y dimensiones que requer\u00edan las NNSS.VA para la implantaci\u00f3n de instalaciones ganaderas, la modificaci\u00f3n crea una tercera figura que completa las dos ya existentes: la de la borda tradicional y la de la edificaci\u00f3n en parcelas de m\u00e1s de 5000 m\u00b2. As\u00ed, ahora se podr\u00e1n definir y regular un tipo de edificaci\u00f3n ubicable en fincas de dimensiones superiores a 2000 m\u00b2 que permitir\u00e1 el desarrollo de explotaciones agropecuarias seg\u00fan las necesidades del sector y la estructura de la propiedad en la Val d\u2019Aran.<\/p>\n<p data-start=\"3292\" data-end=\"3629\">Otras cuestiones que incorpora esta modificaci\u00f3n de las NNSS.VA son tambi\u00e9n las relacionadas con los movimientos de tierras, terraplenes y muros de contenci\u00f3n necesarios para la ubicaci\u00f3n de nuevos edificios, as\u00ed como la regulaci\u00f3n de la integraci\u00f3n de los elementos de captaci\u00f3n de energ\u00eda solar en las construcciones admisibles en SNU.<\/p>\n<p data-start=\"3631\" data-end=\"4131\">Finalmente, la nueva normativa incorpora tambi\u00e9n la compatibilidad entre el respeto y la preservaci\u00f3n del paisaje con la implantaci\u00f3n de peque\u00f1as instalaciones vinculadas al uso dom\u00e9stico y familiar de tierras o ganader\u00eda, sin actividad econ\u00f3mica, como embalses o peque\u00f1os cobertizos para uso o poco ganado. La falta de normativa al respecto ha llevado, en los \u00faltimos a\u00f1os, a la proliferaci\u00f3n de instalaciones irregulares ubicadas precariamente y hechas con materiales sin integraci\u00f3n en el entorno.<\/p>\n<p data-start=\"4133\" data-end=\"4513\">Esta modificaci\u00f3n viene tambi\u00e9n acompa\u00f1ada de una ficha, que aunque no sea un modelo obligatorio en las instancias de solicitud, facilitar\u00e1 la aportaci\u00f3n de documentaci\u00f3n, el control administrativo correspondiente, el cumplimiento de la nueva regulaci\u00f3n y, como aspecto fundamental, el desarrollo de una imagen de este tipo de intervenciones unificada y respetuosa con el paisaje.<\/p>\n<p data-start=\"4515\" data-end=\"5205\">Para la s\u00edndica de Aran, \u201cesta aprobaci\u00f3n es un hito de gran trascendencia para nuestro pa\u00eds, porque, despu\u00e9s de d\u00e9cadas de inacci\u00f3n, hemos conseguido el consenso de las administraciones para dar un paso importante en el mantenimiento y la conservaci\u00f3n de nuestro paisaje y tambi\u00e9n en apoyo al sector ganadero\u201d, y a\u00f1ade que \u201ccon esto se pone a disposici\u00f3n de los Ayuntamientos araneses una herramienta de gesti\u00f3n para que puedan tener claridad jur\u00eddica para hacer cumplir esta normativa\u201d.<\/p>\n<p>Esta modificaci\u00f3n ya ha sido hecha efectiva por el Ayuntamiento de Naut Aran, y quedar\u00e1 pendiente de resoluci\u00f3n en los Ayuntamientos de Arres y Bausen, que no han solicitado su adhesi\u00f3n a este tr\u00e1mite.<\/p>\n<p><em>Vielha, 29 de mayo de 2025<\/em><\/p>\n<p>&nbsp;<\/p>\n<p><em>\u00a0<\/em><\/p>\n ","protected":false},"excerpt":{"rendered":"<p>El Pleno del Conselh Generau d\u2019Aran, celebrado esta ma\u00f1ana, ha aprobado de manera inicial y por unanimidad la modificaci\u00f3n de las Normas Subsidiarias de Planificaci\u00f3n de la Val d\u2019Aran (NNSS.VA), vigentes en los municipios de Canejan, Les, Boss\u00f2st, Vilam\u00f2s, Es B\u00f2rdes y Vielha i Mijaran, relativa a la regulaci\u00f3n de los usos y construcciones admisibles&#8230;<\/p>\n","protected":false},"author":2,"featured_media":62618,"comment_status":"closed","ping_status":"closed","sticky":false,"template":"","format":"standard","meta":{"footnotes":""},"categories":[30,52,126,34,37,137],"tags":[],"_links":{"self":[{"href":"https:\/\/www.conselharan.org\/es\/wp-json\/wp\/v2\/posts\/62614"}],"collection":[{"href":"https:\/\/www.conselharan.org\/es\/wp-json\/wp\/v2\/posts"}],"about":[{"href":"https:\/\/www.conselharan.org\/es\/wp-json\/wp\/v2\/types\/post"}],"author":[{"embeddable":true,"href":"https:\/\/www.conselharan.org\/es\/wp-json\/wp\/v2\/users\/2"}],"replies":[{"embeddable":true,"href":"https:\/\/www.conselharan.org\/es\/wp-json\/wp\/v2\/comments?post=62614"}],"version-history":[{"count":4,"href":"https:\/\/www.conselharan.org\/es\/wp-json\/wp\/v2\/posts\/62614\/revisions"}],"predecessor-version":[{"id":62624,"href":"https:\/\/www.conselharan.org\/es\/wp-json\/wp\/v2\/posts\/62614\/revisions\/62624"}],"wp:featuredmedia":[{"embeddable":true,"href":"https:\/\/www.conselharan.org\/es\/wp-json\/wp\/v2\/media\/62618"}],"wp:attachment":[{"href":"https:\/\/www.conselharan.org\/es\/wp-json\/wp\/v2\/media?parent=62614"}],"wp:term":[{"taxonomy":"category","embeddable":true,"href":"https:\/\/www.conselharan.org\/es\/wp-json\/wp\/v2\/categories?post=62614"},{"taxonomy":"post_tag","embeddable":true,"href":"https:\/\/www.conselharan.org\/es\/wp-json\/wp\/v2\/tags?post=62614"}],"curies":[{"name":"wp","href":"https:\/\/api.w.org\/{rel}","templated":true}]}}