{"id":62675,"date":"2025-06-03T13:51:30","date_gmt":"2025-06-03T11:51:30","guid":{"rendered":"https:\/\/www.conselharan.org\/?p=62675"},"modified":"2025-06-03T13:51:31","modified_gmt":"2025-06-03T11:51:31","slug":"el-conselh-generau-daran-reclama-garantizar-la-seguridad-en-la-n-230","status":"publish","type":"post","link":"https:\/\/www.conselharan.org\/es\/el-conselh-generau-daran-reclama-garantizar-la-seguridad-en-la-n-230\/","title":{"rendered":"El Conselh Generau d\u2019Aran reclama garantizar la seguridad en la N-230"},"content":{"rendered":"<p><a href=\"https:\/\/www.conselharan.org\/es\/el-conselh-generau-daran-reclama-garantizar-la-seguridad-en-la-n-230\/tunel-de-vielha-6-2\/\" rel=\"attachment wp-att-62668\"><img loading=\"lazy\" decoding=\"async\" class=\"aligncenter size-full wp-image-62668\" src=\"https:\/\/www.conselharan.org\/wp-content\/uploads\/2025\/06\/tunel-de-vielha.jpg\" alt=\"\" width=\"640\" height=\"427\" srcset=\"https:\/\/www.conselharan.org\/wp-content\/uploads\/2025\/06\/tunel-de-vielha.jpg 640w, https:\/\/www.conselharan.org\/wp-content\/uploads\/2025\/06\/tunel-de-vielha-300x200.jpg 300w\" sizes=\"(max-width: 640px) 100vw, 640px\" \/><\/a><\/p>\n<ul>\n<li>\n<h3><strong>La sindica d\u2019Aran, Maria Verg\u00e9s, se ha dirigido por carta al ministro de Transportes, Movilidad y Agenda Urbana del Estado, \u00d3scar Puente, para solicitar con car\u00e1cter urgente la mejora de la seguridad en esta v\u00eda, as\u00ed como la agilizaci\u00f3n de los trabajos de mejora y adecuaci\u00f3n previstos.<\/strong><\/h3>\n<\/li>\n<\/ul>\n<p>La N-230, que conecta la Val d\u2019Aran y la Ribagorza con el resto de Espa\u00f1a y Francia, se encuentra entre las carreteras con un \u00edndice de peligrosidad m\u00e1s alto de todo el Estado, tras d\u00e9cadas de mantenimiento y conservaci\u00f3n deficientes. Esta problem\u00e1tica est\u00e1 fuertemente condicionada por el elevado n\u00famero de veh\u00edculos de transporte de mercanc\u00edas y transporte pesado que circulan diariamente \u2014m\u00e1s de 500\u2014, as\u00ed como por las condiciones meteorol\u00f3gicas, especialmente en invierno, que hacen que esta carretera no est\u00e9 adaptada a dichas circunstancias.<\/p>\n<p>La s\u00edndica de Aran, Maria Verg\u00e9s, ha trasladado al ministro de Transportes \u201cla gran preocupaci\u00f3n del gobierno aran\u00e9s ante esta situaci\u00f3n, ya que la carretera atraviesa algunos pueblos de nuestro territorio, poniendo en riesgo a la ciudadan\u00eda aranesa, tal como hemos visto en varios accidentes de camiones en los n\u00facleos urbanos de la Val d\u2019Aran\u201d, a\u00f1adiendo que \u201cson miles las personas que utilizan la N-230 a lo largo de su recorrido y que sufren la falta de seguridad existente\u201d.<\/p>\n<p>El gobierno d\u2019Aran, que reconoce el compromiso del Ministerio para impulsar la mejora de la N-230 con la licitaci\u00f3n de los diferentes proyectos correspondientes, ha solicitado acelerar los trabajos con la mayor brevedad posible.<\/p>\n<p>Adem\u00e1s de las obras de mejora, la s\u00edndica d\u2019Aran pide al Ministerio implementar medidas inmediatas para garantizar la seguridad de las personas en esta carretera, aumentar los controles necesarios y aplicar medidas preventivas ante las condiciones meteorol\u00f3gicas adversas.<\/p>\n<p><em>Vielha, 3 de junio de 2025<\/em><\/p>\n ","protected":false},"excerpt":{"rendered":"<p>La sindica d\u2019Aran, Maria Verg\u00e9s, se ha dirigido por carta al ministro de Transportes, Movilidad y Agenda Urbana del Estado, \u00d3scar Puente, para solicitar con car\u00e1cter urgente la mejora de la seguridad en esta v\u00eda, as\u00ed como la agilizaci\u00f3n de los trabajos de mejora y adecuaci\u00f3n previstos. La N-230, que conecta la Val d\u2019Aran y&#8230;<\/p>\n","protected":false},"author":2,"featured_media":62665,"comment_status":"closed","ping_status":"closed","sticky":false,"template":"","format":"standard","meta":{"footnotes":""},"categories":[30,52,34,37,937],"tags":[],"_links":{"self":[{"href":"https:\/\/www.conselharan.org\/es\/wp-json\/wp\/v2\/posts\/62675"}],"collection":[{"href":"https:\/\/www.conselharan.org\/es\/wp-json\/wp\/v2\/posts"}],"about":[{"href":"https:\/\/www.conselharan.org\/es\/wp-json\/wp\/v2\/types\/post"}],"author":[{"embeddable":true,"href":"https:\/\/www.conselharan.org\/es\/wp-json\/wp\/v2\/users\/2"}],"replies":[{"embeddable":true,"href":"https:\/\/www.conselharan.org\/es\/wp-json\/wp\/v2\/comments?post=62675"}],"version-history":[{"count":3,"href":"https:\/\/www.conselharan.org\/es\/wp-json\/wp\/v2\/posts\/62675\/revisions"}],"predecessor-version":[{"id":62678,"href":"https:\/\/www.conselharan.org\/es\/wp-json\/wp\/v2\/posts\/62675\/revisions\/62678"}],"wp:featuredmedia":[{"embeddable":true,"href":"https:\/\/www.conselharan.org\/es\/wp-json\/wp\/v2\/media\/62665"}],"wp:attachment":[{"href":"https:\/\/www.conselharan.org\/es\/wp-json\/wp\/v2\/media?parent=62675"}],"wp:term":[{"taxonomy":"category","embeddable":true,"href":"https:\/\/www.conselharan.org\/es\/wp-json\/wp\/v2\/categories?post=62675"},{"taxonomy":"post_tag","embeddable":true,"href":"https:\/\/www.conselharan.org\/es\/wp-json\/wp\/v2\/tags?post=62675"}],"curies":[{"name":"wp","href":"https:\/\/api.w.org\/{rel}","templated":true}]}}