{"id":62722,"date":"2025-06-05T20:14:45","date_gmt":"2025-06-05T18:14:45","guid":{"rendered":"https:\/\/www.conselharan.org\/?p=62722"},"modified":"2025-08-18T13:40:01","modified_gmt":"2025-08-18T11:40:01","slug":"el-gobierno-de-aran-pone-compostadores-comunitarios-en-las-escuelas-de-bossost-y-vielha","status":"publish","type":"post","link":"https:\/\/www.conselharan.org\/es\/el-gobierno-de-aran-pone-compostadores-comunitarios-en-las-escuelas-de-bossost-y-vielha\/","title":{"rendered":"El gobierno de Aran pone compostadores comunitarios en las escuelas de Boss\u00f2st y Vielha"},"content":{"rendered":"<p><a href=\"https:\/\/www.conselharan.org\/es\/el-gobierno-de-aran-pone-compostadores-comunitarios-en-las-escuelas-de-bossost-y-vielha\/compostadors-2\/\" rel=\"attachment wp-att-62705\"><img loading=\"lazy\" decoding=\"async\" class=\"aligncenter size-large wp-image-62705\" src=\"https:\/\/www.conselharan.org\/wp-content\/uploads\/2025\/06\/Compostadors-1024x768.jpg\" alt=\"\" width=\"1024\" height=\"768\" srcset=\"https:\/\/www.conselharan.org\/wp-content\/uploads\/2025\/06\/Compostadors-1024x768.jpg 1024w, https:\/\/www.conselharan.org\/wp-content\/uploads\/2025\/06\/Compostadors-300x225.jpg 300w, https:\/\/www.conselharan.org\/wp-content\/uploads\/2025\/06\/Compostadors-768x576.jpg 768w, https:\/\/www.conselharan.org\/wp-content\/uploads\/2025\/06\/Compostadors-1536x1152.jpg 1536w, https:\/\/www.conselharan.org\/wp-content\/uploads\/2025\/06\/Compostadors-2048x1536.jpg 2048w\" sizes=\"(max-width: 1024px) 100vw, 1024px\" \/><\/a><a href=\"https:\/\/www.conselharan.org\/es\/el-gobierno-de-aran-pone-compostadores-comunitarios-en-las-escuelas-de-bossost-y-vielha\/cpmpostadors-3-2\/\" rel=\"attachment wp-att-62708\"><img loading=\"lazy\" decoding=\"async\" class=\"aligncenter size-large wp-image-62708\" src=\"https:\/\/www.conselharan.org\/wp-content\/uploads\/2025\/06\/Cpmpostadors-3-1024x660.jpg\" alt=\"\" width=\"1024\" height=\"660\" srcset=\"https:\/\/www.conselharan.org\/wp-content\/uploads\/2025\/06\/Cpmpostadors-3-1024x660.jpg 1024w, https:\/\/www.conselharan.org\/wp-content\/uploads\/2025\/06\/Cpmpostadors-3-300x193.jpg 300w, https:\/\/www.conselharan.org\/wp-content\/uploads\/2025\/06\/Cpmpostadors-3-768x495.jpg 768w, https:\/\/www.conselharan.org\/wp-content\/uploads\/2025\/06\/Cpmpostadors-3.jpg 1396w\" sizes=\"(max-width: 1024px) 100vw, 1024px\" \/><\/a><\/p>\n<ul>\n<li>\n<h3><strong>El proyecto, impulsado por el Conselh Generau d\u2019Aran y financiado con fondos Next Generation EU, tiene como objetivo fomentar el compostaje y la educaci\u00f3n ambiental en las escuelas del territorio.<\/strong><\/h3>\n<\/li>\n<\/ul>\n<p>El vicepresidente segundo y conselh\u00e8r de Innovacion e Gestion Ambientau se desplazado hoy hasta las escuelas Sant R\u00f2c de Boss\u00f2st, y Garona de Vielha para visitar el proyecto que impulsa el gobierno de Ar\u00e1n para trabajar la educaci\u00f3n ambiental en las escuelas aranesas.<\/p>\n<p>Esta iniciativa tiene como objetivo fomentar la recogida selectiva y el compostaje de los residuos org\u00e1nicos en el \u00e1mbito escolar, promoviendo la educaci\u00f3n ambiental y la sostenibilidad entre el alumnado.<\/p>\n<p>La iniciativa forma parte de la estrategia del Consejo General de Ar\u00e1n para mejorar la gesti\u00f3n de residuos en el territorio y cuenta con la colaboraci\u00f3n, en este caso, de las escuelas de Boss\u00f2st y Vielha.<a href=\"https:\/\/www.conselharan.org\/es\/el-gobierno-de-aran-pone-compostadores-comunitarios-en-las-escuelas-de-bossost-y-vielha\/compostadors1-2\/\" rel=\"attachment wp-att-62711\"><img loading=\"lazy\" decoding=\"async\" class=\"aligncenter size-large wp-image-62711\" src=\"https:\/\/www.conselharan.org\/wp-content\/uploads\/2025\/06\/Compostadors1-1024x768.jpg\" alt=\"\" width=\"1024\" height=\"768\" srcset=\"https:\/\/www.conselharan.org\/wp-content\/uploads\/2025\/06\/Compostadors1-1024x768.jpg 1024w, https:\/\/www.conselharan.org\/wp-content\/uploads\/2025\/06\/Compostadors1-300x225.jpg 300w, https:\/\/www.conselharan.org\/wp-content\/uploads\/2025\/06\/Compostadors1-768x576.jpg 768w, https:\/\/www.conselharan.org\/wp-content\/uploads\/2025\/06\/Compostadors1-1536x1152.jpg 1536w, https:\/\/www.conselharan.org\/wp-content\/uploads\/2025\/06\/Compostadors1-2048x1536.jpg 2048w\" sizes=\"(max-width: 1024px) 100vw, 1024px\" \/><\/a><a href=\"https:\/\/www.conselharan.org\/es\/el-gobierno-de-aran-pone-compostadores-comunitarios-en-las-escuelas-de-bossost-y-vielha\/compostadors-2-2\/\" rel=\"attachment wp-att-62714\"><img loading=\"lazy\" decoding=\"async\" class=\"aligncenter size-full wp-image-62714\" src=\"https:\/\/www.conselharan.org\/wp-content\/uploads\/2025\/06\/Compostadors-2.jpg\" alt=\"\" width=\"917\" height=\"720\" srcset=\"https:\/\/www.conselharan.org\/wp-content\/uploads\/2025\/06\/Compostadors-2.jpg 917w, https:\/\/www.conselharan.org\/wp-content\/uploads\/2025\/06\/Compostadors-2-300x236.jpg 300w, https:\/\/www.conselharan.org\/wp-content\/uploads\/2025\/06\/Compostadors-2-768x603.jpg 768w\" sizes=\"(max-width: 917px) 100vw, 917px\" \/><\/a><\/p>\n<p>Para el conselh\u00e8r, Oriol Sala: \u201cCon esta actuaci\u00f3n, el gobierno aran\u00e9s reafirma su compromiso con la sostenibilidad y la transici\u00f3n ecol\u00f3gica, trabajando juntamente con la Escuela Aranesa en la transmisi\u00f3n de los valores ambientales a toda la infancia.\u201d<\/p>\n<p>Estas actuaciones est\u00e1n financiadas mediante la Subvenci\u00f3n para proyectos de fomento de la recogida selectiva de residuos municipales para el a\u00f1o 2023, de la Ag\u00e8ncia de Residus de Catalunya, en el marco del Plan de recuperaci\u00f3n, transformaci\u00f3n y resiliencia \u2013financiado por la Uni\u00f3n Europea\u2013 NextGenerationEU.<\/p>\n<p>&nbsp;<\/p>\n<p><a href=\"https:\/\/www.conselharan.org\/es\/el-gobierno-de-aran-pone-compostadores-comunitarios-en-las-escuelas-de-bossost-y-vielha\/harmonitzacions_arc_next_generation_color_jpg-1024x54-2\/\" rel=\"attachment wp-att-63794\"><img loading=\"lazy\" decoding=\"async\" class=\"aligncenter size-full wp-image-63794\" src=\"https:\/\/www.conselharan.org\/wp-content\/uploads\/2025\/06\/harmonitzacions_ARC_Next_generation_color_jpg-1024x54-1.jpg\" alt=\"\" width=\"1024\" height=\"54\" srcset=\"https:\/\/www.conselharan.org\/wp-content\/uploads\/2025\/06\/harmonitzacions_ARC_Next_generation_color_jpg-1024x54-1.jpg 1024w, https:\/\/www.conselharan.org\/wp-content\/uploads\/2025\/06\/harmonitzacions_ARC_Next_generation_color_jpg-1024x54-1-300x16.jpg 300w, https:\/\/www.conselharan.org\/wp-content\/uploads\/2025\/06\/harmonitzacions_ARC_Next_generation_color_jpg-1024x54-1-768x41.jpg 768w\" sizes=\"(max-width: 1024px) 100vw, 1024px\" \/><\/a><\/p>\n<p><em>Vielha, 5 de junio 2025<\/em><\/p>\n ","protected":false},"excerpt":{"rendered":"<p>El proyecto, impulsado por el Conselh Generau d\u2019Aran y financiado con fondos Next Generation EU, tiene como objetivo fomentar el compostaje y la educaci\u00f3n ambiental en las escuelas del territorio. El vicepresidente segundo y conselh\u00e8r de Innovacion e Gestion Ambientau se desplazado hoy hasta las escuelas Sant R\u00f2c de Boss\u00f2st, y Garona de Vielha para&#8230;<\/p>\n","protected":false},"author":2,"featured_media":62711,"comment_status":"closed","ping_status":"closed","sticky":false,"template":"","format":"standard","meta":{"footnotes":""},"categories":[30,792,52,126,34,37],"tags":[],"_links":{"self":[{"href":"https:\/\/www.conselharan.org\/es\/wp-json\/wp\/v2\/posts\/62722"}],"collection":[{"href":"https:\/\/www.conselharan.org\/es\/wp-json\/wp\/v2\/posts"}],"about":[{"href":"https:\/\/www.conselharan.org\/es\/wp-json\/wp\/v2\/types\/post"}],"author":[{"embeddable":true,"href":"https:\/\/www.conselharan.org\/es\/wp-json\/wp\/v2\/users\/2"}],"replies":[{"embeddable":true,"href":"https:\/\/www.conselharan.org\/es\/wp-json\/wp\/v2\/comments?post=62722"}],"version-history":[{"count":4,"href":"https:\/\/www.conselharan.org\/es\/wp-json\/wp\/v2\/posts\/62722\/revisions"}],"predecessor-version":[{"id":63798,"href":"https:\/\/www.conselharan.org\/es\/wp-json\/wp\/v2\/posts\/62722\/revisions\/63798"}],"wp:featuredmedia":[{"embeddable":true,"href":"https:\/\/www.conselharan.org\/es\/wp-json\/wp\/v2\/media\/62711"}],"wp:attachment":[{"href":"https:\/\/www.conselharan.org\/es\/wp-json\/wp\/v2\/media?parent=62722"}],"wp:term":[{"taxonomy":"category","embeddable":true,"href":"https:\/\/www.conselharan.org\/es\/wp-json\/wp\/v2\/categories?post=62722"},{"taxonomy":"post_tag","embeddable":true,"href":"https:\/\/www.conselharan.org\/es\/wp-json\/wp\/v2\/tags?post=62722"}],"curies":[{"name":"wp","href":"https:\/\/api.w.org\/{rel}","templated":true}]}}