{"id":62738,"date":"2025-06-06T10:31:10","date_gmt":"2025-06-06T08:31:10","guid":{"rendered":"https:\/\/www.conselharan.org\/?p=62738"},"modified":"2025-06-06T10:31:11","modified_gmt":"2025-06-06T08:31:11","slug":"decora-tu-balcon-para-la-fiesta-de-aran","status":"publish","type":"post","link":"https:\/\/www.conselharan.org\/es\/decora-tu-balcon-para-la-fiesta-de-aran\/","title":{"rendered":"Decora tu balc\u00f3n para la Fiesta de Aran"},"content":{"rendered":"<p><a href=\"https:\/\/www.conselharan.org\/es\/decora-tu-balcon-para-la-fiesta-de-aran\/drapeu-balcons-2\/\" rel=\"attachment wp-att-62739\"><img loading=\"lazy\" decoding=\"async\" class=\"aligncenter size-large wp-image-62739\" src=\"https:\/\/www.conselharan.org\/wp-content\/uploads\/2025\/06\/Drapeu-balcons-1-819x1024.png\" alt=\"\" width=\"819\" height=\"1024\" srcset=\"https:\/\/www.conselharan.org\/wp-content\/uploads\/2025\/06\/Drapeu-balcons-1-819x1024.png 819w, https:\/\/www.conselharan.org\/wp-content\/uploads\/2025\/06\/Drapeu-balcons-1-240x300.png 240w, https:\/\/www.conselharan.org\/wp-content\/uploads\/2025\/06\/Drapeu-balcons-1-768x960.png 768w, https:\/\/www.conselharan.org\/wp-content\/uploads\/2025\/06\/Drapeu-balcons-1-1229x1536.png 1229w, https:\/\/www.conselharan.org\/wp-content\/uploads\/2025\/06\/Drapeu-balcons-1.png 1485w\" sizes=\"(max-width: 819px) 100vw, 819px\" \/><\/a><\/p>\n<ul data-start=\"112\" data-end=\"278\">\n<li data-start=\"112\" data-end=\"278\">\n<p data-start=\"114\" data-end=\"278\"><strong>El Conselh Generau vuelve a poner este a\u00f1o a disposici\u00f3n de la ciudadan\u00eda del territorio banderas del Valle de Aran para celebrar la Fiesta de Aran del 17 de junio.<\/strong><\/p>\n<\/li>\n<\/ul>\n<p data-start=\"280\" data-end=\"479\">El Conselh Generau d\u2019Aran, con motivo de la celebraci\u00f3n de la Fiesta de Aran de este a\u00f1o, vuelve a poner a disposici\u00f3n de la ciudadan\u00eda del territorio banderas de Aran para conmemorar el 17 de junio.<\/p>\n<p data-start=\"481\" data-end=\"597\">Todas las personas que quieran colgar la bandera en su balc\u00f3n ya pueden pasar a recogerla en los siguientes lugares:<\/p>\n<p data-start=\"599\" data-end=\"626\"><strong data-start=\"599\" data-end=\"624\">Hasta el 16 de junio:<\/strong><\/p>\n<ul data-start=\"627\" data-end=\"868\">\n<li data-start=\"627\" data-end=\"728\">\n<p data-start=\"629\" data-end=\"728\">Oficina de Turismo de Vielha, de lunes a s\u00e1bado, de 10:00 a 13:30 horas y de 16:30 a 20:00 horas.<\/p>\n<\/li>\n<li data-start=\"729\" data-end=\"801\">\n<p data-start=\"731\" data-end=\"801\">Ayuntamiento de Boss\u00f2st, de lunes a viernes, de 08:30 a 14:30 horas.<\/p>\n<\/li>\n<li data-start=\"802\" data-end=\"868\">\n<p data-start=\"804\" data-end=\"868\">Ayuntamiento de Les, de lunes a viernes, de 09:00 a 14:00 horas.<\/p>\n<\/li>\n<\/ul>\n<p data-start=\"870\" data-end=\"906\"><strong data-start=\"870\" data-end=\"904\">Y hasta el 12 de junio en la:<\/strong><\/p>\n<ul data-start=\"907\" data-end=\"1001\">\n<li data-start=\"907\" data-end=\"1001\">\n<p data-start=\"909\" data-end=\"1001\">Oficina de Turismo de Salard\u00fa, de martes a s\u00e1bado, de 8:30 a 13:30 y de 17:00 a 19:00 horas.<\/p>\n<\/li>\n<\/ul>\n<p data-start=\"1003\" data-end=\"1049\">Solo se podr\u00e1 recoger una bandera por persona.<\/p>\n<p data-start=\"1051\" data-end=\"1077\"><em>Vielha, 6 de junio de 2025<\/em><\/p>\n ","protected":false},"excerpt":{"rendered":"<p>El Conselh Generau vuelve a poner este a\u00f1o a disposici\u00f3n de la ciudadan\u00eda del territorio banderas del Valle de Aran para celebrar la Fiesta de Aran del 17 de junio. El Conselh Generau d\u2019Aran, con motivo de la celebraci\u00f3n de la Fiesta de Aran de este a\u00f1o, vuelve a poner a disposici\u00f3n de la ciudadan\u00eda&#8230;<\/p>\n","protected":false},"author":2,"featured_media":62739,"comment_status":"closed","ping_status":"closed","sticky":false,"template":"","format":"standard","meta":{"footnotes":""},"categories":[30,792,795,52,132,34,37],"tags":[],"_links":{"self":[{"href":"https:\/\/www.conselharan.org\/es\/wp-json\/wp\/v2\/posts\/62738"}],"collection":[{"href":"https:\/\/www.conselharan.org\/es\/wp-json\/wp\/v2\/posts"}],"about":[{"href":"https:\/\/www.conselharan.org\/es\/wp-json\/wp\/v2\/types\/post"}],"author":[{"embeddable":true,"href":"https:\/\/www.conselharan.org\/es\/wp-json\/wp\/v2\/users\/2"}],"replies":[{"embeddable":true,"href":"https:\/\/www.conselharan.org\/es\/wp-json\/wp\/v2\/comments?post=62738"}],"version-history":[{"count":2,"href":"https:\/\/www.conselharan.org\/es\/wp-json\/wp\/v2\/posts\/62738\/revisions"}],"predecessor-version":[{"id":62743,"href":"https:\/\/www.conselharan.org\/es\/wp-json\/wp\/v2\/posts\/62738\/revisions\/62743"}],"wp:featuredmedia":[{"embeddable":true,"href":"https:\/\/www.conselharan.org\/es\/wp-json\/wp\/v2\/media\/62739"}],"wp:attachment":[{"href":"https:\/\/www.conselharan.org\/es\/wp-json\/wp\/v2\/media?parent=62738"}],"wp:term":[{"taxonomy":"category","embeddable":true,"href":"https:\/\/www.conselharan.org\/es\/wp-json\/wp\/v2\/categories?post=62738"},{"taxonomy":"post_tag","embeddable":true,"href":"https:\/\/www.conselharan.org\/es\/wp-json\/wp\/v2\/tags?post=62738"}],"curies":[{"name":"wp","href":"https:\/\/api.w.org\/{rel}","templated":true}]}}