{"id":63533,"date":"2025-07-28T13:29:52","date_gmt":"2025-07-28T11:29:52","guid":{"rendered":"https:\/\/www.conselharan.org\/?p=63533"},"modified":"2025-07-28T13:29:55","modified_gmt":"2025-07-28T11:29:55","slug":"aran-celebra-la-31a-edicion-de-la-corsa-aran-per-sa-lengua","status":"publish","type":"post","link":"https:\/\/www.conselharan.org\/es\/aran-celebra-la-31a-edicion-de-la-corsa-aran-per-sa-lengua\/","title":{"rendered":"Aran celebra la 31\u00aa edici\u00f3n de la Corsa Aran per sa Lengua"},"content":{"rendered":"<h3><a href=\"https:\/\/www.conselharan.org\/es\/aran-celebra-la-31a-edicion-de-la-corsa-aran-per-sa-lengua\/aran-per-sa-lengua\/\" rel=\"attachment wp-att-63537\"><img loading=\"lazy\" decoding=\"async\" class=\"aligncenter size-large wp-image-63537\" src=\"https:\/\/www.conselharan.org\/wp-content\/uploads\/2025\/07\/Aran-per-sa-lengua-1024x768.jpeg\" alt=\"\" width=\"1024\" height=\"768\" srcset=\"https:\/\/www.conselharan.org\/wp-content\/uploads\/2025\/07\/Aran-per-sa-lengua-1024x768.jpeg 1024w, https:\/\/www.conselharan.org\/wp-content\/uploads\/2025\/07\/Aran-per-sa-lengua-300x225.jpeg 300w, https:\/\/www.conselharan.org\/wp-content\/uploads\/2025\/07\/Aran-per-sa-lengua-768x576.jpeg 768w, https:\/\/www.conselharan.org\/wp-content\/uploads\/2025\/07\/Aran-per-sa-lengua-1536x1152.jpeg 1536w, https:\/\/www.conselharan.org\/wp-content\/uploads\/2025\/07\/Aran-per-sa-lengua.jpeg 2000w\" sizes=\"(max-width: 1024px) 100vw, 1024px\" \/><\/a><\/h3>\n<ul>\n<li>\n<h3><strong>La plaza de Aran acogi\u00f3 esta jornada festiva, organizada por el colectivo Lengua Viua, en reivindicaci\u00f3n del uso del aran\u00e9s.<\/strong><\/h3>\n<\/li>\n<\/ul>\n<p>La Val d\u2019Aran vivi\u00f3 ayer una nueva edici\u00f3n, la 31\u00aa, de la caminata, organizada por el colectivo Lengua Viua, que cada a\u00f1o re\u00fane a personas de todas las comarcas del pa\u00eds para defender y visibilizar la lengua propia de Aran.<\/p>\n<p>La jornada comenz\u00f3 con las distintas salidas desde Les, Montgarri, los Ba\u00f1os de Tred\u00f2s y el P\u00f2rt de Vielha, para confluir finalmente en Vielha, donde la plaza de Aran acogi\u00f3 la fiesta final con los tradicionales actos simb\u00f3licos y de reconocimiento.<a href=\"https:\/\/www.conselharan.org\/es\/aran-celebra-la-31a-edicion-de-la-corsa-aran-per-sa-lengua\/aran-per-sa-lengua-1\/\" rel=\"attachment wp-att-63534\"><img loading=\"lazy\" decoding=\"async\" class=\"aligncenter size-large wp-image-63534\" src=\"https:\/\/www.conselharan.org\/wp-content\/uploads\/2025\/07\/Aran-per-sa-Lengua-1-1024x768.jpeg\" alt=\"\" width=\"1024\" height=\"768\" srcset=\"https:\/\/www.conselharan.org\/wp-content\/uploads\/2025\/07\/Aran-per-sa-Lengua-1-1024x768.jpeg 1024w, https:\/\/www.conselharan.org\/wp-content\/uploads\/2025\/07\/Aran-per-sa-Lengua-1-300x225.jpeg 300w, https:\/\/www.conselharan.org\/wp-content\/uploads\/2025\/07\/Aran-per-sa-Lengua-1-768x576.jpeg 768w, https:\/\/www.conselharan.org\/wp-content\/uploads\/2025\/07\/Aran-per-sa-Lengua-1-1536x1152.jpeg 1536w, https:\/\/www.conselharan.org\/wp-content\/uploads\/2025\/07\/Aran-per-sa-Lengua-1.jpeg 2000w\" sizes=\"(max-width: 1024px) 100vw, 1024px\" \/><\/a><\/p>\n<p>Se entreg\u00f3 el premio al dise\u00f1o de la camiseta conmemorativa de este a\u00f1o, que fue para Maria Puyol, y se otorg\u00f3 el Premio Lengua Viua a Andr\u00e9 Ricard, escultor de la pieza que preside la plaza y tambi\u00e9n autor de la c\u00e9lebre antorcha de los Juegos Ol\u00edmpicos de Barcelona 1992.<\/p>\n<p>El colectivo Lengua Viua quiso \u201cdestacar, una vez m\u00e1s, la urgente necesidad de incrementar el uso social del aran\u00e9s\u201d, y reclam\u00f3 una \u201cpresencia real y efectiva de la lengua en la vida cotidiana, tanto en el \u00e1mbito p\u00fablico como en el privado, a pesar de su condici\u00f3n de lengua vehicular en la ense\u00f1anza\u201d.<\/p>\n<p>Finalmente, el grupo occitano Nadau anim\u00f3 la velada con un repertorio en defensa de la cultura y la lengua occitanas.<\/p>\n<p><em>Vielha, 28 de junio de 2025<\/em><\/p>\n<p>&nbsp;<\/p>\n ","protected":false},"excerpt":{"rendered":"<p>La plaza de Aran acogi\u00f3 esta jornada festiva, organizada por el colectivo Lengua Viua, en reivindicaci\u00f3n del uso del aran\u00e9s. La Val d\u2019Aran vivi\u00f3 ayer una nueva edici\u00f3n, la 31\u00aa, de la caminata, organizada por el colectivo Lengua Viua, que cada a\u00f1o re\u00fane a personas de todas las comarcas del pa\u00eds para defender y visibilizar&#8230;<\/p>\n","protected":false},"author":2,"featured_media":63537,"comment_status":"closed","ping_status":"closed","sticky":false,"template":"","format":"standard","meta":{"footnotes":""},"categories":[30,792,795,52,132,34,37],"tags":[],"_links":{"self":[{"href":"https:\/\/www.conselharan.org\/es\/wp-json\/wp\/v2\/posts\/63533"}],"collection":[{"href":"https:\/\/www.conselharan.org\/es\/wp-json\/wp\/v2\/posts"}],"about":[{"href":"https:\/\/www.conselharan.org\/es\/wp-json\/wp\/v2\/types\/post"}],"author":[{"embeddable":true,"href":"https:\/\/www.conselharan.org\/es\/wp-json\/wp\/v2\/users\/2"}],"replies":[{"embeddable":true,"href":"https:\/\/www.conselharan.org\/es\/wp-json\/wp\/v2\/comments?post=63533"}],"version-history":[{"count":3,"href":"https:\/\/www.conselharan.org\/es\/wp-json\/wp\/v2\/posts\/63533\/revisions"}],"predecessor-version":[{"id":63546,"href":"https:\/\/www.conselharan.org\/es\/wp-json\/wp\/v2\/posts\/63533\/revisions\/63546"}],"wp:featuredmedia":[{"embeddable":true,"href":"https:\/\/www.conselharan.org\/es\/wp-json\/wp\/v2\/media\/63537"}],"wp:attachment":[{"href":"https:\/\/www.conselharan.org\/es\/wp-json\/wp\/v2\/media?parent=63533"}],"wp:term":[{"taxonomy":"category","embeddable":true,"href":"https:\/\/www.conselharan.org\/es\/wp-json\/wp\/v2\/categories?post=63533"},{"taxonomy":"post_tag","embeddable":true,"href":"https:\/\/www.conselharan.org\/es\/wp-json\/wp\/v2\/tags?post=63533"}],"curies":[{"name":"wp","href":"https:\/\/api.w.org\/{rel}","templated":true}]}}