{"id":63899,"date":"2025-08-25T10:54:48","date_gmt":"2025-08-25T08:54:48","guid":{"rendered":"https:\/\/www.conselharan.org\/eth-conselh-generau-daran-a-daurit-es-inscripcions-entas-examens-daranes-de-seteme\/"},"modified":"2025-08-25T11:17:55","modified_gmt":"2025-08-25T09:17:55","slug":"eth-conselh-generau-daran-a-daurit-es-inscripcions-entas-examens-daranes-de-seteme","status":"publish","type":"post","link":"https:\/\/www.conselharan.org\/es\/eth-conselh-generau-daran-a-daurit-es-inscripcions-entas-examens-daranes-de-seteme\/","title":{"rendered":"El Conselh Generau d\u2019Aran ha abierto las inscripciones para los ex\u00e1menes de aran\u00e9s de septiembre"},"content":{"rendered":"<p><a href=\"https:\/\/www.conselharan.org\/es\/foto-15-corsi-aranes-2\/\" rel=\"attachment wp-att-63893\"><img loading=\"lazy\" decoding=\"async\" class=\"aligncenter size-full wp-image-63893\" src=\"https:\/\/www.conselharan.org\/wp-content\/uploads\/2025\/08\/Foto-15-corsi-aranes.jpg\" alt=\"\" width=\"650\" height=\"650\" srcset=\"https:\/\/www.conselharan.org\/wp-content\/uploads\/2025\/08\/Foto-15-corsi-aranes.jpg 650w, https:\/\/www.conselharan.org\/wp-content\/uploads\/2025\/08\/Foto-15-corsi-aranes-300x300.jpg 300w, https:\/\/www.conselharan.org\/wp-content\/uploads\/2025\/08\/Foto-15-corsi-aranes-150x150.jpg 150w, https:\/\/www.conselharan.org\/wp-content\/uploads\/2025\/08\/Foto-15-corsi-aranes-270x270.jpg 270w, https:\/\/www.conselharan.org\/wp-content\/uploads\/2025\/08\/Foto-15-corsi-aranes-207x207.jpg 207w, https:\/\/www.conselharan.org\/wp-content\/uploads\/2025\/08\/Foto-15-corsi-aranes-75x75.jpg 75w\" sizes=\"(max-width: 650px) 100vw, 650px\" \/><\/a><\/p>\n<p data-start=\"157\" data-end=\"290\">\u2022 Las inscripciones se pueden realizar a partir de hoy en la web oficial del aran\u00e9s<a class=\"decorated-link\" href=\"https:\/\/aranes.conselharan.org\/corsi-daranes\/\" target=\"_blank\" rel=\"noopener\" data-start=\"242\" data-end=\"287\">https:\/\/aranes.conselharan.org\/corsi-daranes\/<\/a><\/p>\n<p data-start=\"292\" data-end=\"787\">A partir de hoy y hasta el viernes 29 de agosto, est\u00e1n abiertas las inscripciones para la segunda convocatoria de los ex\u00e1menes de aran\u00e9s 2024-2025 del Conselh Generau d\u2019Aran, para los diferentes niveles: A1, A2, B1, B2 y C1 (\u00fanicamente para quienes no se presentaron y\/o no aprobaron la primera convocatoria).<\/p>\n<p data-start=\"292\" data-end=\"787\">Las personas interesadas deber\u00e1n realizar la solicitud de inscripci\u00f3n online entre hoy y el viernes en el formulario que encontrar\u00e1n en <a class=\"decorated-link\" href=\"https:\/\/aranes.conselharan.org\/corsi-daranes\/\" target=\"_blank\" rel=\"noopener\" data-start=\"740\" data-end=\"785\">https:\/\/aranes.conselharan.org\/corsi-daranes\/<\/a><\/p>\n<p data-start=\"789\" data-end=\"1267\">Las fechas de los ex\u00e1menes de septiembre, que constan de prueba oral y escrita, son las siguientes:<\/p>\n<p data-start=\"789\" data-end=\"1267\"><br data-start=\"888\" data-end=\"891\" \/>\u2022 <strong>Nivel A1<\/strong>: martes, 2 de septiembre de 2025, a las 10:00 horas<br data-start=\"953\" data-end=\"956\" \/>\u2022<strong> Nivel A2:<\/strong> martes, 2 de septiembre de 2025, a las 10:00 horas<br data-start=\"1018\" data-end=\"1021\" \/>\u2022<strong> Nivel B1:<\/strong> mi\u00e9rcoles, 3 de septiembre de 2025, a las 10:00 horas<br data-start=\"1086\" data-end=\"1089\" \/>\u2022 <strong>Nivel B2:<\/strong> mi\u00e9rcoles, 3 de septiembre de 2025, a las 10:00 horas<br data-start=\"1154\" data-end=\"1157\" \/>\u2022 <strong>Nivel C1:<\/strong> jueves, 4 de septiembre de 2025, a las 10:00 horas (para alumnos que hayan realizado los cursos)<\/p>\n<p>&nbsp;<\/p>\n<p><em>Vielha, 25 de agosto de 2025<\/em><\/p>\n ","protected":false},"excerpt":{"rendered":"<p>\u2022 Las inscripciones se pueden realizar a partir de hoy en la web oficial del aran\u00e9shttps:\/\/aranes.conselharan.org\/corsi-daranes\/ A partir de hoy y hasta el viernes 29 de agosto, est\u00e1n abiertas las inscripciones para la segunda convocatoria de los ex\u00e1menes de aran\u00e9s 2024-2025 del Conselh Generau d\u2019Aran, para los diferentes niveles: A1, A2, B1, B2 y C1&#8230;<\/p>\n","protected":false},"author":2,"featured_media":63895,"comment_status":"closed","ping_status":"closed","sticky":false,"template":"","format":"standard","meta":{"footnotes":""},"categories":[132,37],"tags":[],"_links":{"self":[{"href":"https:\/\/www.conselharan.org\/es\/wp-json\/wp\/v2\/posts\/63899"}],"collection":[{"href":"https:\/\/www.conselharan.org\/es\/wp-json\/wp\/v2\/posts"}],"about":[{"href":"https:\/\/www.conselharan.org\/es\/wp-json\/wp\/v2\/types\/post"}],"author":[{"embeddable":true,"href":"https:\/\/www.conselharan.org\/es\/wp-json\/wp\/v2\/users\/2"}],"replies":[{"embeddable":true,"href":"https:\/\/www.conselharan.org\/es\/wp-json\/wp\/v2\/comments?post=63899"}],"version-history":[{"count":2,"href":"https:\/\/www.conselharan.org\/es\/wp-json\/wp\/v2\/posts\/63899\/revisions"}],"predecessor-version":[{"id":63903,"href":"https:\/\/www.conselharan.org\/es\/wp-json\/wp\/v2\/posts\/63899\/revisions\/63903"}],"wp:featuredmedia":[{"embeddable":true,"href":"https:\/\/www.conselharan.org\/es\/wp-json\/wp\/v2\/media\/63895"}],"wp:attachment":[{"href":"https:\/\/www.conselharan.org\/es\/wp-json\/wp\/v2\/media?parent=63899"}],"wp:term":[{"taxonomy":"category","embeddable":true,"href":"https:\/\/www.conselharan.org\/es\/wp-json\/wp\/v2\/categories?post=63899"},{"taxonomy":"post_tag","embeddable":true,"href":"https:\/\/www.conselharan.org\/es\/wp-json\/wp\/v2\/tags?post=63899"}],"curies":[{"name":"wp","href":"https:\/\/api.w.org\/{rel}","templated":true}]}}