{"id":64690,"date":"2025-10-22T14:05:26","date_gmt":"2025-10-22T12:05:26","guid":{"rendered":"https:\/\/www.conselharan.org\/?p=64690"},"modified":"2025-10-23T10:57:52","modified_gmt":"2025-10-23T08:57:52","slug":"__trashed-2","status":"publish","type":"post","link":"https:\/\/www.conselharan.org\/es\/__trashed-2\/","title":{"rendered":"Impulso a las redes de calor con biomasa en la Val d\u2019Aran"},"content":{"rendered":"<h3><\/h3>\n<h3><a href=\"https:\/\/www.conselharan.org\/es\/__trashed-2\/arros-2-2\/\" rel=\"attachment wp-att-64666\"><img loading=\"lazy\" decoding=\"async\" class=\"aligncenter size-large wp-image-64666\" src=\"https:\/\/www.conselharan.org\/wp-content\/uploads\/2025\/10\/Arros-1024x683.jpg\" alt=\"\" width=\"1024\" height=\"683\" srcset=\"https:\/\/www.conselharan.org\/wp-content\/uploads\/2025\/10\/Arros-1024x683.jpg 1024w, https:\/\/www.conselharan.org\/wp-content\/uploads\/2025\/10\/Arros-300x200.jpg 300w, https:\/\/www.conselharan.org\/wp-content\/uploads\/2025\/10\/Arros-768x512.jpg 768w, https:\/\/www.conselharan.org\/wp-content\/uploads\/2025\/10\/Arros-1536x1024.jpg 1536w, https:\/\/www.conselharan.org\/wp-content\/uploads\/2025\/10\/Arros-2048x1365.jpg 2048w\" sizes=\"(max-width: 1024px) 100vw, 1024px\" \/><\/a><a href=\"https:\/\/www.conselharan.org\/es\/__trashed-2\/vila-2\/\" rel=\"attachment wp-att-64669\"><img loading=\"lazy\" decoding=\"async\" class=\"aligncenter size-large wp-image-64669\" src=\"https:\/\/www.conselharan.org\/wp-content\/uploads\/2025\/10\/Vila-683x1024.jpg\" alt=\"\" width=\"683\" height=\"1024\" srcset=\"https:\/\/www.conselharan.org\/wp-content\/uploads\/2025\/10\/Vila-683x1024.jpg 683w, https:\/\/www.conselharan.org\/wp-content\/uploads\/2025\/10\/Vila-200x300.jpg 200w, https:\/\/www.conselharan.org\/wp-content\/uploads\/2025\/10\/Vila-768x1152.jpg 768w, https:\/\/www.conselharan.org\/wp-content\/uploads\/2025\/10\/Vila-1024x1536.jpg 1024w, https:\/\/www.conselharan.org\/wp-content\/uploads\/2025\/10\/Vila-1365x2048.jpg 1365w, https:\/\/www.conselharan.org\/wp-content\/uploads\/2025\/10\/Vila-scaled.jpg 1707w\" sizes=\"(max-width: 683px) 100vw, 683px\" \/><\/a><\/h3>\n<ul>\n<li>\n<h3><strong>El gobierno de Aran impulsa, de la mano del Centro Tecnol\u00f3gico Forestal de Catalu\u00f1a (CTFC), cuatro proyectos para instalar redes de calor urbanas alimentadas con biomasa procedente de los bosques araneses, en cuatro municipios de la Val d\u2019Aran: Arr\u00f2s y Vila, Bagergue, Les y Es B\u00f2rdes.<\/strong><\/h3>\n<\/li>\n<\/ul>\n<p>Dentro de la estrategia de gesti\u00f3n territorial impulsada por el gobierno de Aran, la m\u00e1xima instituci\u00f3n aranesa trabaja, junto con el CTFC, en diversos estudios de viabilidad para el despliegue de redes de calor en cuatro pueblos araneses que, a trav\u00e9s de calderas de biomasa p\u00fablicas, permitir\u00e1n la conexi\u00f3n del n\u00facleo urbano a esta fuente de energ\u00eda renovable.<a href=\"https:\/\/www.conselharan.org\/es\/__trashed-2\/bagergue-2-2\/\" rel=\"attachment wp-att-64672\"><img loading=\"lazy\" decoding=\"async\" class=\"aligncenter size-large wp-image-64672\" src=\"https:\/\/www.conselharan.org\/wp-content\/uploads\/2025\/10\/Bagergue-1024x665.jpg\" alt=\"\" width=\"1024\" height=\"665\" srcset=\"https:\/\/www.conselharan.org\/wp-content\/uploads\/2025\/10\/Bagergue-1024x665.jpg 1024w, https:\/\/www.conselharan.org\/wp-content\/uploads\/2025\/10\/Bagergue-300x195.jpg 300w, https:\/\/www.conselharan.org\/wp-content\/uploads\/2025\/10\/Bagergue-768x499.jpg 768w, https:\/\/www.conselharan.org\/wp-content\/uploads\/2025\/10\/Bagergue-1536x997.jpg 1536w, https:\/\/www.conselharan.org\/wp-content\/uploads\/2025\/10\/Bagergue-2048x1329.jpg 2048w\" sizes=\"(max-width: 1024px) 100vw, 1024px\" \/><\/a><\/p>\n<p><a href=\"https:\/\/www.conselharan.org\/es\/__trashed-2\/es-bordes-2\/\" rel=\"attachment wp-att-64675\"><img loading=\"lazy\" decoding=\"async\" class=\"aligncenter size-large wp-image-64675\" src=\"https:\/\/www.conselharan.org\/wp-content\/uploads\/2025\/10\/Es-Bordes-819x1024.jpg\" alt=\"\" width=\"819\" height=\"1024\" srcset=\"https:\/\/www.conselharan.org\/wp-content\/uploads\/2025\/10\/Es-Bordes-819x1024.jpg 819w, https:\/\/www.conselharan.org\/wp-content\/uploads\/2025\/10\/Es-Bordes-240x300.jpg 240w, https:\/\/www.conselharan.org\/wp-content\/uploads\/2025\/10\/Es-Bordes-768x960.jpg 768w, https:\/\/www.conselharan.org\/wp-content\/uploads\/2025\/10\/Es-Bordes-1229x1536.jpg 1229w, https:\/\/www.conselharan.org\/wp-content\/uploads\/2025\/10\/Es-Bordes-1638x2048.jpg 1638w, https:\/\/www.conselharan.org\/wp-content\/uploads\/2025\/10\/Es-Bordes-scaled.jpg 2048w\" sizes=\"(max-width: 819px) 100vw, 819px\" \/><\/a><\/p>\n<p><a href=\"https:\/\/www.conselharan.org\/es\/__trashed-2\/les_dsc4346-2-2\/\" rel=\"attachment wp-att-64678\"><img loading=\"lazy\" decoding=\"async\" class=\"aligncenter size-large wp-image-64678\" src=\"https:\/\/www.conselharan.org\/wp-content\/uploads\/2025\/10\/Les_DSC4346-1024x683.jpg\" alt=\"\" width=\"1024\" height=\"683\" srcset=\"https:\/\/www.conselharan.org\/wp-content\/uploads\/2025\/10\/Les_DSC4346-1024x683.jpg 1024w, https:\/\/www.conselharan.org\/wp-content\/uploads\/2025\/10\/Les_DSC4346-300x200.jpg 300w, https:\/\/www.conselharan.org\/wp-content\/uploads\/2025\/10\/Les_DSC4346-768x512.jpg 768w, https:\/\/www.conselharan.org\/wp-content\/uploads\/2025\/10\/Les_DSC4346-1536x1024.jpg 1536w, https:\/\/www.conselharan.org\/wp-content\/uploads\/2025\/10\/Les_DSC4346-2048x1365.jpg 2048w\" sizes=\"(max-width: 1024px) 100vw, 1024px\" \/><\/a>As\u00ed pues, con el aprovechamiento de los recursos forestales del territorio para generar energ\u00eda t\u00e9rmica, se promueve un modelo energ\u00e9tico sostenible y circular.<\/p>\n<p>Con este proyecto para estudiar la instalaci\u00f3n de redes urbanas de calor alimentadas con biomasa forestal en las localidades de Es B\u00f2rdes, Arr\u00f2s y Vila, Bagergue y Les, \u201cse pretende poner en valor la biomasa procedente de los bosques p\u00fablicos para generar energ\u00eda t\u00e9rmica y proporcionar calefacci\u00f3n a varios n\u00facleos de poblaci\u00f3n, haciendo posible un modelo energ\u00e9tico circular, eficiente y respetuoso con el medio ambiente, que adem\u00e1s genera una nueva econom\u00eda en nuestros pueblos\u201d, manifestaba la s\u00edndica de Aran, Maria Verg\u00e9s.<\/p>\n<p>El Conselh Generau d\u2019Aran ha licitado los estudios de viabilidad t\u00e9cnica, econ\u00f3mica y ambiental, con un presupuesto de 60.500 euros, para determinar las posibilidades reales de implementaci\u00f3n de las redes y optimizar su dise\u00f1o y funcionamiento.<\/p>\n<p>Seg\u00fan el conseller de Infraestructuras y Obras del Conselh Generau, Jos\u00e9 Luis Boya: \u201cLos trabajos forestales se planifican siempre con el objetivo de mejorar los bosques, considerando sus necesidades actuales, para hacer frente a los nuevos retos que plantea el cambio clim\u00e1tico y garantizar en todo momento el respeto y la mejora del patrimonio natural de la Val d\u2019Aran\u201d.<\/p>\n<p><em>Vielha, 22 \u00a0de octubre de 2025<\/em><\/p>\n ","protected":false},"excerpt":{"rendered":"<p>El gobierno de Aran impulsa, de la mano del Centro Tecnol\u00f3gico Forestal de Catalu\u00f1a (CTFC), cuatro proyectos para instalar redes de calor urbanas alimentadas con biomasa procedente de los bosques araneses, en cuatro municipios de la Val d\u2019Aran: Arr\u00f2s y Vila, Bagergue, Les y Es B\u00f2rdes. Dentro de la estrategia de gesti\u00f3n territorial impulsada por&#8230;<\/p>\n","protected":false},"author":2,"featured_media":64666,"comment_status":"closed","ping_status":"closed","sticky":false,"template":"","format":"standard","meta":{"footnotes":""},"categories":[30,52,126,34,37],"tags":[],"_links":{"self":[{"href":"https:\/\/www.conselharan.org\/es\/wp-json\/wp\/v2\/posts\/64690"}],"collection":[{"href":"https:\/\/www.conselharan.org\/es\/wp-json\/wp\/v2\/posts"}],"about":[{"href":"https:\/\/www.conselharan.org\/es\/wp-json\/wp\/v2\/types\/post"}],"author":[{"embeddable":true,"href":"https:\/\/www.conselharan.org\/es\/wp-json\/wp\/v2\/users\/2"}],"replies":[{"embeddable":true,"href":"https:\/\/www.conselharan.org\/es\/wp-json\/wp\/v2\/comments?post=64690"}],"version-history":[{"count":5,"href":"https:\/\/www.conselharan.org\/es\/wp-json\/wp\/v2\/posts\/64690\/revisions"}],"predecessor-version":[{"id":64695,"href":"https:\/\/www.conselharan.org\/es\/wp-json\/wp\/v2\/posts\/64690\/revisions\/64695"}],"wp:featuredmedia":[{"embeddable":true,"href":"https:\/\/www.conselharan.org\/es\/wp-json\/wp\/v2\/media\/64666"}],"wp:attachment":[{"href":"https:\/\/www.conselharan.org\/es\/wp-json\/wp\/v2\/media?parent=64690"}],"wp:term":[{"taxonomy":"category","embeddable":true,"href":"https:\/\/www.conselharan.org\/es\/wp-json\/wp\/v2\/categories?post=64690"},{"taxonomy":"post_tag","embeddable":true,"href":"https:\/\/www.conselharan.org\/es\/wp-json\/wp\/v2\/tags?post=64690"}],"curies":[{"name":"wp","href":"https:\/\/api.w.org\/{rel}","templated":true}]}}