{"id":65335,"date":"2025-12-04T14:10:33","date_gmt":"2025-12-04T13:10:33","guid":{"rendered":"https:\/\/www.conselharan.org\/?p=65335"},"modified":"2025-12-09T11:39:46","modified_gmt":"2025-12-09T10:39:46","slug":"los-pompiers-daran-celebran-el-dia-de-santa-barbara","status":"publish","type":"post","link":"https:\/\/www.conselharan.org\/es\/los-pompiers-daran-celebran-el-dia-de-santa-barbara\/","title":{"rendered":"Los Pompi\u00e8rs d&#8217;Aran celebran el d\u00eda de Santa B\u00e1rbara"},"content":{"rendered":"<p data-start=\"65\" data-end=\"122\"><a href=\"https:\/\/www.conselharan.org\/es\/los-pompiers-daran-celebran-el-dia-de-santa-barbara\/imatge-pompiers-1-2\/\" rel=\"attachment wp-att-65323\"><img loading=\"lazy\" decoding=\"async\" class=\"aligncenter size-large wp-image-65323\" src=\"https:\/\/www.conselharan.org\/wp-content\/uploads\/2025\/12\/Imatge-pompiers-1-1024x768.jpg\" alt=\"\" width=\"1024\" height=\"768\" srcset=\"https:\/\/www.conselharan.org\/wp-content\/uploads\/2025\/12\/Imatge-pompiers-1-1024x768.jpg 1024w, https:\/\/www.conselharan.org\/wp-content\/uploads\/2025\/12\/Imatge-pompiers-1-300x225.jpg 300w, https:\/\/www.conselharan.org\/wp-content\/uploads\/2025\/12\/Imatge-pompiers-1-768x576.jpg 768w, https:\/\/www.conselharan.org\/wp-content\/uploads\/2025\/12\/Imatge-pompiers-1-1536x1152.jpg 1536w, https:\/\/www.conselharan.org\/wp-content\/uploads\/2025\/12\/Imatge-pompiers-1-2048x1536.jpg 2048w\" sizes=\"(max-width: 1024px) 100vw, 1024px\" \/><\/a><\/p>\n<ul>\n<li data-start=\"124\" data-end=\"438\">\n<h3>Como ya es tradicional cada 4 de diciembre, el Conselh Generau d\u2019Aran ha organizado hoy una jornada conmemorativa para poner en valor el servicio a la comunidad que presta el cuerpo de Bomberos de Aran, recordando que, a partir del 1 de enero de 2023, el \u00e1rea de emergencias empez\u00f3 a funcionar de forma aut\u00f3noma.<\/h3>\n<\/li>\n<li data-start=\"440\" data-end=\"613\">\n<h3>Durante el acto institucional, se ha llevado a cabo la entrega de menciones honor\u00edficas, que distinguen su trayectoria dentro del sistema de Emergencias de la Val d&#8217;Aran.<\/h3>\n<\/li>\n<\/ul>\n<p data-start=\"615\" data-end=\"940\">Hoy se ha celebrado la tradicional fiesta de Santa B\u00e1rbara, patrona de los Bomberos de Aran, una jornada que ha estado presidida por la s\u00edndica de Aran, Maria Verg\u00e9s; el Mayor de los Bomberos, Manel Bosch, y la directora general de Prevenci\u00f3n, Extinci\u00f3n de Incendios y Salvamento de la Generalitat, Tamara Garc\u00eda de la Calle.<a href=\"https:\/\/www.conselharan.org\/es\/los-pompiers-daran-celebran-el-dia-de-santa-barbara\/imatge-pompiers-2-2\/\" rel=\"attachment wp-att-65326\"><img loading=\"lazy\" decoding=\"async\" class=\"aligncenter size-large wp-image-65326\" src=\"https:\/\/www.conselharan.org\/wp-content\/uploads\/2025\/12\/Imatge-pompiers-2-1024x768.jpg\" alt=\"\" width=\"1024\" height=\"768\" srcset=\"https:\/\/www.conselharan.org\/wp-content\/uploads\/2025\/12\/Imatge-pompiers-2-1024x768.jpg 1024w, https:\/\/www.conselharan.org\/wp-content\/uploads\/2025\/12\/Imatge-pompiers-2-300x225.jpg 300w, https:\/\/www.conselharan.org\/wp-content\/uploads\/2025\/12\/Imatge-pompiers-2-768x576.jpg 768w, https:\/\/www.conselharan.org\/wp-content\/uploads\/2025\/12\/Imatge-pompiers-2-1536x1152.jpg 1536w, https:\/\/www.conselharan.org\/wp-content\/uploads\/2025\/12\/Imatge-pompiers-2-2048x1536.jpg 2048w\" sizes=\"(max-width: 1024px) 100vw, 1024px\" \/><\/a><\/p>\n<p data-start=\"942\" data-end=\"1287\">La celebraci\u00f3n ha comenzado, como ya es habitual, con los toques de sirena y el desfile de los veh\u00edculos de los Bomberos por varios pueblos del Valle de Aran, para continuar posteriormente con la misa en honor a Santa B\u00e1rbara previa al acto institucional, que ha empezado con un minuto de silencio en recuerdo de los Bomberos que nos han dejado.<\/p>\n<p data-start=\"1289\" data-end=\"1638\">A continuaci\u00f3n, ha tenido lugar la entrega de las menciones honor\u00edficas y de las medallas de honor, unos galardones que distinguen la trayectoria de los bomberos a quienes se conceden en funci\u00f3n de los a\u00f1os de antig\u00fcedad y de los servicios excepcionales realizados. En total, se han concedido cincuenta y una medallas a nuestros bomberos y bomberas.<a href=\"https:\/\/www.conselharan.org\/es\/los-pompiers-daran-celebran-el-dia-de-santa-barbara\/imatge-pompiers-3-2\/\" rel=\"attachment wp-att-65329\"><img loading=\"lazy\" decoding=\"async\" class=\"aligncenter size-large wp-image-65329\" src=\"https:\/\/www.conselharan.org\/wp-content\/uploads\/2025\/12\/Imatge-pompiers-3-1024x768.jpg\" alt=\"\" width=\"1024\" height=\"768\" srcset=\"https:\/\/www.conselharan.org\/wp-content\/uploads\/2025\/12\/Imatge-pompiers-3-1024x768.jpg 1024w, https:\/\/www.conselharan.org\/wp-content\/uploads\/2025\/12\/Imatge-pompiers-3-300x225.jpg 300w, https:\/\/www.conselharan.org\/wp-content\/uploads\/2025\/12\/Imatge-pompiers-3-768x576.jpg 768w, https:\/\/www.conselharan.org\/wp-content\/uploads\/2025\/12\/Imatge-pompiers-3-1536x1152.jpg 1536w, https:\/\/www.conselharan.org\/wp-content\/uploads\/2025\/12\/Imatge-pompiers-3-2048x1536.jpg 2048w\" sizes=\"(max-width: 1024px) 100vw, 1024px\" \/><\/a><\/p>\n<p data-start=\"1640\" data-end=\"2653\">En los parlamentos oficiales, la s\u00edndica de Aran ha querido destacar que: \u201cahora tenemos diversos \u00e1mbitos en los que debemos trabajar, como la estabilizaci\u00f3n de la plantilla, la definici\u00f3n del plan director que debe ser la hoja de ruta que nos permitir\u00e1 el despliegue efectivo del traspaso con las negociaciones pertinentes con el Departamento de Interior de la Generalitat, inversiones, licitaciones y la ampliaci\u00f3n del parque de Vielha vinculada al incremento de personal, que tambi\u00e9n supone un aumento de espacios y una profesionalizaci\u00f3n del personal\u201d. Ha a\u00f1adido: \u201cTambi\u00e9n cuestiones internas importantes como la definici\u00f3n de la carrera de Bomberos y Emergencias, que d\u00e9 una visi\u00f3n a las personas que entran en el sistema sobre la duraci\u00f3n de su actividad laboral, adem\u00e1s de otras cuestiones laborales que se negocian con los representantes de los trabajadores. Desde el Conselh Generau d\u2019Aran queremos, en definitiva, tratar de consolidar este modelo; esta es nuestra hoja de ruta para 2026\u201d, ha subrayado.<\/p>\n<p data-start=\"2655\" data-end=\"3329\">Para el Mayor de Bomberos y Emergencias de Aran, Manel Bosch: \u201cAhora es el momento de constatar y reforzar aquellas cuestiones que durante estos tres a\u00f1os han funcionado bien y otras que deben ajustarse. De cara a 2026, trabajaremos en la fase formativa, ya muy avanzada, y tambi\u00e9n en la consolidaci\u00f3n de la plantilla con una formaci\u00f3n m\u00e1s espec\u00edfica en un a\u00f1o con dificultades porque nos hemos encontrado con servicios que hasta ahora no se cubr\u00edan y que ahora forman parte de una realidad\u201d. Y ha a\u00f1adido que \u201cen aspectos de apoyo estructural, la adquisici\u00f3n de la nueva autoescalera, en tr\u00e1mites de ejecuci\u00f3n, supondr\u00e1 un incremento de excelencia a\u00fan mayor que el actual\u201d.<\/p>\n<p data-start=\"3331\" data-end=\"3472\">Recordando que, desde enero de 2023, el \u00e1rea de emergencias del gobierno de Aran empez\u00f3 a funcionar de manera aut\u00f3noma con plena competencia.<\/p>\n<p data-start=\"3331\" data-end=\"3472\"><em>Vielha, 04 de diciembre de 2025<\/em><\/p>\n ","protected":false},"excerpt":{"rendered":"<p>Como ya es tradicional cada 4 de diciembre, el Conselh Generau d\u2019Aran ha organizado hoy una jornada conmemorativa para poner en valor el servicio a la comunidad que presta el cuerpo de Bomberos de Aran, recordando que, a partir del 1 de enero de 2023, el \u00e1rea de emergencias empez\u00f3 a funcionar de forma aut\u00f3noma&#8230;.<\/p>\n","protected":false},"author":2,"featured_media":65323,"comment_status":"closed","ping_status":"closed","sticky":false,"template":"","format":"standard","meta":{"footnotes":""},"categories":[30,52,145,37],"tags":[],"_links":{"self":[{"href":"https:\/\/www.conselharan.org\/es\/wp-json\/wp\/v2\/posts\/65335"}],"collection":[{"href":"https:\/\/www.conselharan.org\/es\/wp-json\/wp\/v2\/posts"}],"about":[{"href":"https:\/\/www.conselharan.org\/es\/wp-json\/wp\/v2\/types\/post"}],"author":[{"embeddable":true,"href":"https:\/\/www.conselharan.org\/es\/wp-json\/wp\/v2\/users\/2"}],"replies":[{"embeddable":true,"href":"https:\/\/www.conselharan.org\/es\/wp-json\/wp\/v2\/comments?post=65335"}],"version-history":[{"count":2,"href":"https:\/\/www.conselharan.org\/es\/wp-json\/wp\/v2\/posts\/65335\/revisions"}],"predecessor-version":[{"id":65337,"href":"https:\/\/www.conselharan.org\/es\/wp-json\/wp\/v2\/posts\/65335\/revisions\/65337"}],"wp:featuredmedia":[{"embeddable":true,"href":"https:\/\/www.conselharan.org\/es\/wp-json\/wp\/v2\/media\/65323"}],"wp:attachment":[{"href":"https:\/\/www.conselharan.org\/es\/wp-json\/wp\/v2\/media?parent=65335"}],"wp:term":[{"taxonomy":"category","embeddable":true,"href":"https:\/\/www.conselharan.org\/es\/wp-json\/wp\/v2\/categories?post=65335"},{"taxonomy":"post_tag","embeddable":true,"href":"https:\/\/www.conselharan.org\/es\/wp-json\/wp\/v2\/tags?post=65335"}],"curies":[{"name":"wp","href":"https:\/\/api.w.org\/{rel}","templated":true}]}}