{"id":65363,"date":"2025-12-11T15:10:10","date_gmt":"2025-12-11T14:10:10","guid":{"rendered":"https:\/\/www.conselharan.org\/?p=65363"},"modified":"2025-12-12T10:00:05","modified_gmt":"2025-12-12T09:00:05","slug":"el-conselh-generau-daran-tramitara-las-declaraciones-de-dependencia-y-discapacidad","status":"publish","type":"post","link":"https:\/\/www.conselharan.org\/es\/el-conselh-generau-daran-tramitara-las-declaraciones-de-dependencia-y-discapacidad\/","title":{"rendered":"El Conselh Generau d\u2019Aran tramitar\u00e1 las declaraciones de dependencia y discapacidad"},"content":{"rendered":"<p><a href=\"https:\/\/www.conselharan.org\/es\/el-conselh-generau-daran-tramitara-las-declaraciones-de-dependencia-y-discapacidad\/bilaterau-1-2\/\" rel=\"attachment wp-att-65367\"><img loading=\"lazy\" decoding=\"async\" class=\"aligncenter size-large wp-image-65367\" src=\"https:\/\/www.conselharan.org\/wp-content\/uploads\/2025\/12\/Bilaterau-1-1024x682.jpg\" alt=\"\" width=\"1024\" height=\"682\" srcset=\"https:\/\/www.conselharan.org\/wp-content\/uploads\/2025\/12\/Bilaterau-1-1024x682.jpg 1024w, https:\/\/www.conselharan.org\/wp-content\/uploads\/2025\/12\/Bilaterau-1-300x200.jpg 300w, https:\/\/www.conselharan.org\/wp-content\/uploads\/2025\/12\/Bilaterau-1-768x512.jpg 768w, https:\/\/www.conselharan.org\/wp-content\/uploads\/2025\/12\/Bilaterau-1-1536x1024.jpg 1536w, https:\/\/www.conselharan.org\/wp-content\/uploads\/2025\/12\/Bilaterau-1.jpg 2000w\" sizes=\"(max-width: 1024px) 100vw, 1024px\" \/><\/a><\/p>\n<ul>\n<li>\n<h3><strong>En la comisi\u00f3n bilateral Generalitat\u2013Conselh Generau, celebrada esta ma\u00f1ana en el Palau de la Generalitat, se ha acordado la transferencia de nuevas competencias en materia de Derechos Sociales al Conselh, que a partir del pr\u00f3ximo a\u00f1o asumir\u00e1 la gesti\u00f3n y la resoluci\u00f3n de las valoraciones de discapacidad y dependencia, lo que permitir\u00e1 agilizar los tr\u00e1mites para la ciudadan\u00eda aranesa.<\/strong><\/h3>\n<\/li>\n<\/ul>\n<ul>\n<li>\n<h3><strong>La Comisi\u00f3n Bilateral tambi\u00e9n ha aprobado la transferencia de la dotaci\u00f3n econ\u00f3mica relativa a la Tasa Tur\u00edstica que recauda la Generalitat en Aran.<\/strong><\/h3>\n<\/li>\n<\/ul>\n<p>El conseller de la Presidencia, Albert Dalmau, y la sindica d\u2019Aran, Maria Verg\u00e9s, han presidido la primera comisi\u00f3n bilateral Generalitat \u2013 Conselh Generau d\u2019Aran en el Palau de la Generalitat. Un encuentro que ha servido para alcanzar acuerdos en materia de derechos sociales, vivienda, deportes y cultura, y para avanzar en el nuevo modelo de financiaci\u00f3n para Aran.<\/p>\n<p>La Comisi\u00f3n Bilateral ha acordado la transferencia de nuevas competencias en materia de Derechos Sociales al Conselh Generau d\u2019Aran, que a partir del pr\u00f3ximo a\u00f1o asumir\u00e1 la gesti\u00f3n y resoluci\u00f3n de las valoraciones de discapacidad y dependencia.<\/p>\n<p>Hasta ahora, la administraci\u00f3n aranesa trabajaba como entidad subcontratada por la Generalitat, sin financiaci\u00f3n espec\u00edfica, y el Gobierno aran\u00e9s asum\u00eda los costes de personal y funcionamiento. A pesar de la rapidez en la realizaci\u00f3n de las valoraciones, las resoluciones se dictaban desde Lleida, lo que alargaba los tiempos de espera.<\/p>\n<p>La transferencia incluye una dotaci\u00f3n anual de 65.507,92 \u20ac, destinada a lo previsto, y que se incorporar\u00e1 al acuerdo de financiaci\u00f3n entre la Generalitat de Catalunya y el Conselh Generau d\u2019Aran. Con esta transferencia, la ciudadan\u00eda aranesa ganar\u00e1 en rapidez y proximidad, puesto que los tr\u00e1mites se realizar\u00e1n \u00edntegramente en Aran y las personas no deber\u00e1n desplazarse a Lleida. Tambi\u00e9n supone una mejora en la calidad del servicio, ya que la atenci\u00f3n se adaptar\u00e1 a la realidad social y territorial propia.<a href=\"https:\/\/www.conselharan.org\/es\/el-conselh-generau-daran-tramitara-las-declaraciones-de-dependencia-y-discapacidad\/bilaterau-2-2\/\" rel=\"attachment wp-att-65370\"><img loading=\"lazy\" decoding=\"async\" class=\"aligncenter size-large wp-image-65370\" src=\"https:\/\/www.conselharan.org\/wp-content\/uploads\/2025\/12\/Bilaterau-2-1024x682.jpg\" alt=\"\" width=\"1024\" height=\"682\" srcset=\"https:\/\/www.conselharan.org\/wp-content\/uploads\/2025\/12\/Bilaterau-2-1024x682.jpg 1024w, https:\/\/www.conselharan.org\/wp-content\/uploads\/2025\/12\/Bilaterau-2-300x200.jpg 300w, https:\/\/www.conselharan.org\/wp-content\/uploads\/2025\/12\/Bilaterau-2-768x512.jpg 768w, https:\/\/www.conselharan.org\/wp-content\/uploads\/2025\/12\/Bilaterau-2-1536x1024.jpg 1536w, https:\/\/www.conselharan.org\/wp-content\/uploads\/2025\/12\/Bilaterau-2.jpg 2000w\" sizes=\"(max-width: 1024px) 100vw, 1024px\" \/><\/a><\/p>\n<p>Ambas administraciones han acordado trabajar en la constituci\u00f3n del <em>Consorci Aran\u00e9s de la Vivienda<\/em>, que ser\u00e1 el operador \u00fanico en la Val d\u2019Aran y sustituir\u00e1 el actual modelo de convenios de la Oficina Local de Vivienda, que actualmente no se adapta a la singularidad del territorio. Se le dotar\u00e1 de los medios econ\u00f3micos y t\u00e9cnicos necesarios para llevar a cabo las l\u00edneas de acci\u00f3n previstas. Adem\u00e1s, ambas partes se han comprometido a trabajar conjuntamente para ampliar el parque de alquiler asequible y para inscribir nuevos solares en la reserva del Plan 50.000, que actualmente ya cuenta con 666 solares en toda Catalu\u00f1a.<\/p>\n<p>A la espera de cerrar los \u00faltimos detalles del nuevo modelo, se ha acordado prorrogar el acuerdo de financiaci\u00f3n firmado el 22 de marzo de 2019, que ser\u00e1 provisional hasta que entre en vigor el nuevo modelo, a comienzos de 2026.<\/p>\n<p>La Comisi\u00f3n Bilateral ha aprobado tambi\u00e9n la transferencia adicional del 30% de los ingresos del Fondo para el Fomento del Turismo procedentes de los establecimientos de la Val d\u2019Aran. Con este nuevo porcentaje, m\u00e1s el 20% que el Conselh ya percibe, Aran dispondr\u00e1 del 50% de los recursos del Fondo, mientras que el otro 50% ir\u00e1 a los ayuntamientos araneses.<\/p>\n<p>En materia cultural, se ha aprobado la creaci\u00f3n de la Comisi\u00f3n Mixta para la actualizaci\u00f3n de la transferencia en este \u00e1mbito, as\u00ed como el impulso de un Centro Cultural, incluyendo el cambio de sede del Archiu Istoric, actualmente ubicado en Arr\u00f2s y que ya no dispone de m\u00e1s espacio; el estudio de la transferencia de competencias en materia de arqueolog\u00eda, y el refuerzo de la cooperaci\u00f3n institucional.<a href=\"https:\/\/www.conselharan.org\/es\/el-conselh-generau-daran-tramitara-las-declaraciones-de-dependencia-y-discapacidad\/bilaterau-3-2\/\" rel=\"attachment wp-att-65373\"><img loading=\"lazy\" decoding=\"async\" class=\"aligncenter size-large wp-image-65373\" src=\"https:\/\/www.conselharan.org\/wp-content\/uploads\/2025\/12\/Bilaterau-3-1024x682.jpg\" alt=\"\" width=\"1024\" height=\"682\" srcset=\"https:\/\/www.conselharan.org\/wp-content\/uploads\/2025\/12\/Bilaterau-3-1024x682.jpg 1024w, https:\/\/www.conselharan.org\/wp-content\/uploads\/2025\/12\/Bilaterau-3-300x200.jpg 300w, https:\/\/www.conselharan.org\/wp-content\/uploads\/2025\/12\/Bilaterau-3-768x512.jpg 768w, https:\/\/www.conselharan.org\/wp-content\/uploads\/2025\/12\/Bilaterau-3-1536x1024.jpg 1536w, https:\/\/www.conselharan.org\/wp-content\/uploads\/2025\/12\/Bilaterau-3.jpg 2000w\" sizes=\"(max-width: 1024px) 100vw, 1024px\" \/><\/a><\/p>\n<p>La sindica de Aran, Maria Verg\u00e9s, ha valorado muy positivamente los resultados de las negociaciones con la Generalitat de Catalunya y los acuerdos alcanzados en esta Comisi\u00f3n Bilateral, y ha reafirmado \u201cel compromiso del Gobierno de Aran de seguir trabajando con lealtad y respeto institucional para lograr el m\u00e1ximo despliegue competencial que permita consolidar el autogobierno aran\u00e9s y, por tanto, la atenci\u00f3n a su ciudadan\u00eda\u201d.<\/p>\n<p><em>Vielha, 11 de diciembre de 2025<\/em><\/p>\n ","protected":false},"excerpt":{"rendered":"<p>En la comisi\u00f3n bilateral Generalitat\u2013Conselh Generau, celebrada esta ma\u00f1ana en el Palau de la Generalitat, se ha acordado la transferencia de nuevas competencias en materia de Derechos Sociales al Conselh, que a partir del pr\u00f3ximo a\u00f1o asumir\u00e1 la gesti\u00f3n y la resoluci\u00f3n de las valoraciones de discapacidad y dependencia, lo que permitir\u00e1 agilizar los tr\u00e1mites&#8230;<\/p>\n","protected":false},"author":2,"featured_media":65367,"comment_status":"closed","ping_status":"closed","sticky":false,"template":"","format":"standard","meta":{"footnotes":""},"categories":[30,52,34,37],"tags":[],"_links":{"self":[{"href":"https:\/\/www.conselharan.org\/es\/wp-json\/wp\/v2\/posts\/65363"}],"collection":[{"href":"https:\/\/www.conselharan.org\/es\/wp-json\/wp\/v2\/posts"}],"about":[{"href":"https:\/\/www.conselharan.org\/es\/wp-json\/wp\/v2\/types\/post"}],"author":[{"embeddable":true,"href":"https:\/\/www.conselharan.org\/es\/wp-json\/wp\/v2\/users\/2"}],"replies":[{"embeddable":true,"href":"https:\/\/www.conselharan.org\/es\/wp-json\/wp\/v2\/comments?post=65363"}],"version-history":[{"count":3,"href":"https:\/\/www.conselharan.org\/es\/wp-json\/wp\/v2\/posts\/65363\/revisions"}],"predecessor-version":[{"id":65386,"href":"https:\/\/www.conselharan.org\/es\/wp-json\/wp\/v2\/posts\/65363\/revisions\/65386"}],"wp:featuredmedia":[{"embeddable":true,"href":"https:\/\/www.conselharan.org\/es\/wp-json\/wp\/v2\/media\/65367"}],"wp:attachment":[{"href":"https:\/\/www.conselharan.org\/es\/wp-json\/wp\/v2\/media?parent=65363"}],"wp:term":[{"taxonomy":"category","embeddable":true,"href":"https:\/\/www.conselharan.org\/es\/wp-json\/wp\/v2\/categories?post=65363"},{"taxonomy":"post_tag","embeddable":true,"href":"https:\/\/www.conselharan.org\/es\/wp-json\/wp\/v2\/tags?post=65363"}],"curies":[{"name":"wp","href":"https:\/\/api.w.org\/{rel}","templated":true}]}}