{"id":65406,"date":"2025-12-12T12:30:22","date_gmt":"2025-12-12T11:30:22","guid":{"rendered":"https:\/\/www.conselharan.org\/?p=65406"},"modified":"2025-12-12T12:30:24","modified_gmt":"2025-12-12T11:30:24","slug":"el-cetei-comienza-una-nueva-temporada-deportiva-con-un-programa-de-tecnificacion-infantil-en-progresion","status":"publish","type":"post","link":"https:\/\/www.conselharan.org\/es\/el-cetei-comienza-una-nueva-temporada-deportiva-con-un-programa-de-tecnificacion-infantil-en-progresion\/","title":{"rendered":"El CETEI comienza una nueva temporada deportiva con un programa de tecnificaci\u00f3n infantil en progresi\u00f3n"},"content":{"rendered":"<p><a href=\"https:\/\/www.conselharan.org\/es\/?attachment_id=65388\" rel=\"attachment wp-att-65388\"><img loading=\"lazy\" decoding=\"async\" class=\"aligncenter size-large wp-image-65388\" src=\"https:\/\/www.conselharan.org\/wp-content\/uploads\/2025\/12\/IMG_7498-1024x1007.jpg\" alt=\"\" width=\"1024\" height=\"1007\" srcset=\"https:\/\/www.conselharan.org\/wp-content\/uploads\/2025\/12\/IMG_7498-1024x1007.jpg 1024w, https:\/\/www.conselharan.org\/wp-content\/uploads\/2025\/12\/IMG_7498-300x295.jpg 300w, https:\/\/www.conselharan.org\/wp-content\/uploads\/2025\/12\/IMG_7498-768x756.jpg 768w, https:\/\/www.conselharan.org\/wp-content\/uploads\/2025\/12\/IMG_7498-1536x1511.jpg 1536w, https:\/\/www.conselharan.org\/wp-content\/uploads\/2025\/12\/IMG_7498-2048x2015.jpg 2048w, https:\/\/www.conselharan.org\/wp-content\/uploads\/2025\/12\/IMG_7498-75x75.jpg 75w\" sizes=\"(max-width: 1024px) 100vw, 1024px\" \/><\/a><\/p>\n<ul>\n<li>\n<h3><strong>El Conselh Generau d\u2019Aran, junto con algunos clubes deportivos del Valle de Ar\u00e1n, Baqueira Beret y diversas instituciones del territorio, inicia un a\u00f1o m\u00e1s el Programa de Tecnificaci\u00f3n Infantil de Deportes de Invierno y Hielo, destinado a j\u00f3venes deportistas de 12 a 16 a\u00f1os que quieren desarrollar su talento en las disciplinas de esqu\u00ed alpino, esqu\u00ed de fondo, snowboard, freestyle, freeride y patinaje sobre hielo.<\/strong><\/h3>\n<\/li>\n<\/ul>\n<p>Este programa es posible gracias a la sinergia entre diversos departamentos del Conselh Generau d\u2019Aran, Aran Salut, el INS de Aran, el Ayuntamiento de Vielha, los clubes araneses y Baqueira Beret. Un trabajo compartido que permite compaginar la formaci\u00f3n deportiva con un acompa\u00f1amiento acad\u00e9mico para garantizar un modelo formativo dual centrado en la persona.<\/p>\n<p>Esta semana han comenzado las sesiones de nieve y trabajo f\u00edsico, mientras que los grupos de hielo ya hace algunos d\u00edas que iniciaron los entrenamientos, puesto que su actividad no depende de las condiciones de la nieve. Los j\u00f3venes deportistas trabajan siguiendo el programa anual elaborado por su club de referencia, con un seguimiento constante entre los t\u00e9cnicos y el equipo del CETEI.<\/p>\n<p><strong>Novedades importantes para la temporada 2025\/26<\/strong><\/p>\n<p>Uno de los grandes avances de este a\u00f1o es el servicio de transporte a las pistas, gracias en parte a la Beca SpainSnow <strong>(<\/strong><a href=\"https:\/\/www.conselharan.org\/eth-cetei-val-daran-reconeishut-damb-ua-beca-dera-fondacion-spainsnow\/)\"><strong>https:\/\/www.conselharan.org\/eth-cetei-val-daran-reconeishut-damb-ua-beca-dera-fondacion-spainsnow\/)<\/strong><\/a>otorgada por la RFEDI al proyecto del CETEI sobre sostenibilidad y reducci\u00f3n de desplazamientos. Este nuevo transporte colectivo permite:<\/p>\n<p>Reducir la huella de carbono.<\/p>\n<p>Fomentar la convivencia y la cohesi\u00f3n del grupo.<\/p>\n<p>Garantizar un acceso seguro y eficaz a las pistas para los entrenamientos.<a href=\"https:\/\/www.conselharan.org\/es\/?attachment_id=65391\" rel=\"attachment wp-att-65391\"><img loading=\"lazy\" decoding=\"async\" class=\"aligncenter size-large wp-image-65391\" src=\"https:\/\/www.conselharan.org\/wp-content\/uploads\/2025\/12\/IMG_7470-768x1024.jpg\" alt=\"\" width=\"768\" height=\"1024\" srcset=\"https:\/\/www.conselharan.org\/wp-content\/uploads\/2025\/12\/IMG_7470-768x1024.jpg 768w, https:\/\/www.conselharan.org\/wp-content\/uploads\/2025\/12\/IMG_7470-225x300.jpg 225w, https:\/\/www.conselharan.org\/wp-content\/uploads\/2025\/12\/IMG_7470-1152x1536.jpg 1152w, https:\/\/www.conselharan.org\/wp-content\/uploads\/2025\/12\/IMG_7470-1536x2048.jpg 1536w, https:\/\/www.conselharan.org\/wp-content\/uploads\/2025\/12\/IMG_7470-scaled.jpg 1920w\" sizes=\"(max-width: 768px) 100vw, 768px\" \/><\/a><\/p>\n<p>Tambi\u00e9n se ha implementado una mejora importante en el servicio de comedor, gracias a la colaboraci\u00f3n de la Escuela Garona, que ha cedido espacio para que los deportistas puedan disponer de una comida caliente antes de regresar a la parte acad\u00e9mica de la tarde en el INS de Aran, donde se refuerza su formaci\u00f3n curricular con sesiones de las diversas materias.<a href=\"https:\/\/www.conselharan.org\/es\/?attachment_id=65394\" rel=\"attachment wp-att-65394\"><img loading=\"lazy\" decoding=\"async\" class=\"aligncenter size-large wp-image-65394\" src=\"https:\/\/www.conselharan.org\/wp-content\/uploads\/2025\/12\/IMG_7496-1024x935.jpg\" alt=\"\" width=\"1024\" height=\"935\" srcset=\"https:\/\/www.conselharan.org\/wp-content\/uploads\/2025\/12\/IMG_7496-1024x935.jpg 1024w, https:\/\/www.conselharan.org\/wp-content\/uploads\/2025\/12\/IMG_7496-300x274.jpg 300w, https:\/\/www.conselharan.org\/wp-content\/uploads\/2025\/12\/IMG_7496-768x701.jpg 768w, https:\/\/www.conselharan.org\/wp-content\/uploads\/2025\/12\/IMG_7496-1536x1403.jpg 1536w, https:\/\/www.conselharan.org\/wp-content\/uploads\/2025\/12\/IMG_7496-2048x1871.jpg 2048w\" sizes=\"(max-width: 1024px) 100vw, 1024px\" \/><\/a><\/p>\n<p><strong>Un programa que avanza junto al territorio<\/strong><\/p>\n<p>El Conselh Generau d\u2019Aran quiere destacar la funci\u00f3n clave de la Comisi\u00f3n T\u00e9cnica del Programa, formada por el personal del CETEI y por los directores t\u00e9cnicos de los clubes: CAEI, Copos Ski Club, AISC, MAC, Emotion, The Valley, CEVA y CEGVA. Su experiencia y visi\u00f3n son fundamentales para definir estrategias, prioridades y necesidades del programa y de los deportistas.<\/p>\n<p>Desde la direcci\u00f3n del CETEI se anima tanto a deportistas como a t\u00e9cnicos a trabajar con constancia, ilusi\u00f3n y compromiso, con la esperanza de que esta temporada aporte grandes resultados y progresos colectivos para todos los participantes y para el Valle de Aran.<a href=\"https:\/\/www.conselharan.org\/es\/?attachment_id=65397\" rel=\"attachment wp-att-65397\"><img loading=\"lazy\" decoding=\"async\" class=\"aligncenter size-large wp-image-65397\" src=\"https:\/\/www.conselharan.org\/wp-content\/uploads\/2025\/12\/IMG_7551-768x1024.jpg\" alt=\"\" width=\"768\" height=\"1024\" srcset=\"https:\/\/www.conselharan.org\/wp-content\/uploads\/2025\/12\/IMG_7551-768x1025.jpg 768w, https:\/\/www.conselharan.org\/wp-content\/uploads\/2025\/12\/IMG_7551-225x300.jpg 225w, https:\/\/www.conselharan.org\/wp-content\/uploads\/2025\/12\/IMG_7551-1151x1536.jpg 1151w, https:\/\/www.conselharan.org\/wp-content\/uploads\/2025\/12\/IMG_7551.jpg 1170w\" sizes=\"(max-width: 768px) 100vw, 768px\" \/><\/a><\/p>\n<p>El Centro Especializado en Tecnificaci\u00f3n de Deportes de Invierno (CETEI) y todos sus agentes est\u00e1n comprometidos con el desarrollo del talento joven y con la promoci\u00f3n de los deportes de invierno como uno de los pilares identitarios de nuestro valle.<\/p>\n<p><em>Vielha, 12 de diciembre de 2025<\/em><\/p>\n<p>&nbsp;<\/p>\n ","protected":false},"excerpt":{"rendered":"<p>El Conselh Generau d\u2019Aran, junto con algunos clubes deportivos del Valle de Ar\u00e1n, Baqueira Beret y diversas instituciones del territorio, inicia un a\u00f1o m\u00e1s el Programa de Tecnificaci\u00f3n Infantil de Deportes de Invierno y Hielo, destinado a j\u00f3venes deportistas de 12 a 16 a\u00f1os que quieren desarrollar su talento en las disciplinas de esqu\u00ed alpino,&#8230;<\/p>\n","protected":false},"author":2,"featured_media":65388,"comment_status":"closed","ping_status":"closed","sticky":false,"template":"","format":"standard","meta":{"footnotes":""},"categories":[30,135,52,34,37],"tags":[],"_links":{"self":[{"href":"https:\/\/www.conselharan.org\/es\/wp-json\/wp\/v2\/posts\/65406"}],"collection":[{"href":"https:\/\/www.conselharan.org\/es\/wp-json\/wp\/v2\/posts"}],"about":[{"href":"https:\/\/www.conselharan.org\/es\/wp-json\/wp\/v2\/types\/post"}],"author":[{"embeddable":true,"href":"https:\/\/www.conselharan.org\/es\/wp-json\/wp\/v2\/users\/2"}],"replies":[{"embeddable":true,"href":"https:\/\/www.conselharan.org\/es\/wp-json\/wp\/v2\/comments?post=65406"}],"version-history":[{"count":1,"href":"https:\/\/www.conselharan.org\/es\/wp-json\/wp\/v2\/posts\/65406\/revisions"}],"predecessor-version":[{"id":65407,"href":"https:\/\/www.conselharan.org\/es\/wp-json\/wp\/v2\/posts\/65406\/revisions\/65407"}],"wp:featuredmedia":[{"embeddable":true,"href":"https:\/\/www.conselharan.org\/es\/wp-json\/wp\/v2\/media\/65388"}],"wp:attachment":[{"href":"https:\/\/www.conselharan.org\/es\/wp-json\/wp\/v2\/media?parent=65406"}],"wp:term":[{"taxonomy":"category","embeddable":true,"href":"https:\/\/www.conselharan.org\/es\/wp-json\/wp\/v2\/categories?post=65406"},{"taxonomy":"post_tag","embeddable":true,"href":"https:\/\/www.conselharan.org\/es\/wp-json\/wp\/v2\/tags?post=65406"}],"curies":[{"name":"wp","href":"https:\/\/api.w.org\/{rel}","templated":true}]}}