{"id":65421,"date":"2025-12-13T19:08:49","date_gmt":"2025-12-13T18:08:49","guid":{"rendered":"https:\/\/www.conselharan.org\/?p=65421"},"modified":"2025-12-13T19:08:49","modified_gmt":"2025-12-13T18:08:49","slug":"el-conselh-generau-daran-invierte-en-la-mejora-del-refugio-de-colomers-para-aumentar-la-sostenibilidad-y-la-seguridad-de-los-equipamientos-de-montana","status":"publish","type":"post","link":"https:\/\/www.conselharan.org\/es\/el-conselh-generau-daran-invierte-en-la-mejora-del-refugio-de-colomers-para-aumentar-la-sostenibilidad-y-la-seguridad-de-los-equipamientos-de-montana\/","title":{"rendered":"El Conselh Generau d\u2019Aran invierte en la mejora del refugio de Colom\u00e8rs para aumentar la sostenibilidad y la seguridad de los equipamientos de monta\u00f1a"},"content":{"rendered":"<p><a href=\"https:\/\/www.conselharan.org\/es\/el-conselh-generau-daran-invierte-en-la-mejora-del-refugio-de-colomers-para-aumentar-la-sostenibilidad-y-la-seguridad-de-los-equipamientos-de-montana\/7059188e-e1c5-4e33-8412-a5171b4debe5-2\/\" rel=\"attachment wp-att-65415\"><img loading=\"lazy\" decoding=\"async\" class=\"aligncenter size-large wp-image-65415\" src=\"https:\/\/www.conselharan.org\/wp-content\/uploads\/2025\/12\/7059188e-e1c5-4e33-8412-a5171b4debe5-768x1024.jpg\" alt=\"\" width=\"768\" height=\"1024\" srcset=\"https:\/\/www.conselharan.org\/wp-content\/uploads\/2025\/12\/7059188e-e1c5-4e33-8412-a5171b4debe5-768x1024.jpg 768w, https:\/\/www.conselharan.org\/wp-content\/uploads\/2025\/12\/7059188e-e1c5-4e33-8412-a5171b4debe5-225x300.jpg 225w, https:\/\/www.conselharan.org\/wp-content\/uploads\/2025\/12\/7059188e-e1c5-4e33-8412-a5171b4debe5-1152x1536.jpg 1152w, https:\/\/www.conselharan.org\/wp-content\/uploads\/2025\/12\/7059188e-e1c5-4e33-8412-a5171b4debe5.jpg 1200w\" sizes=\"(max-width: 768px) 100vw, 768px\" \/><\/a><\/p>\n<p>El Conselh Generau d\u2019Aran da un paso m\u00e1s en la preservaci\u00f3n y mejora de los equipamientos de media y alta monta\u00f1a con una inversi\u00f3n destinada a la mejora de las puertas del refugio de Colom\u00e8rs. Esta acci\u00f3n tiene como objetivo reforzar la seguridad, favorecer la eficiencia energ\u00e9tica y convertir las instalaciones en un espacio m\u00e1s sostenible y adaptado a las condiciones clim\u00e1ticas del territorio.<\/p>\n<p>Esta inversi\u00f3n se enmarca en la firme voluntad del Gobierno de Ar\u00e1n de conservar y hacer crecer el inmenso patrimonio natural y las infraestructuras que representan los refugios pirenaicos, una pieza clave para garantizar el acceso seguro a la monta\u00f1a y para promover un turismo responsable.<\/p>\n<p>Parte de esta inversi\u00f3n es posible gracias al proyecto <strong>DESIR-POCTEFA<\/strong>, dirigido a mejorar la conexi\u00f3n, la gesti\u00f3n y la sostenibilidad de los refugios pirenaicos. En este contexto se incluye la intervenci\u00f3n destinada a mejorar el desarrollo econ\u00f3mico y responsable de los refugios del Pirineo dentro del proyecto POCTEFA DESIR. Toda la informaci\u00f3n oficial del proyecto se puede consultar en: www.poctefa-desir.com.<\/p>\n<p>El equipamiento renovado permitir\u00e1 un mejor aislamiento, un consumo energ\u00e9tico m\u00e1s eficiente y un entorno m\u00e1s seguro y confortable para los usuarios y trabajadores, contribuyendo al objetivo com\u00fan de preservar la monta\u00f1a como un espacio vivo, seguro y plenamente integrado en las estrategias de sostenibilidad del territorio.<\/p>\n<p>El Conselh Generau d\u2019Aran continuar\u00e1 trabajando para mejorar y modernizar los refugios del Valle de Ar\u00e1n, con el fin de garantizar que estos equipamientos estrat\u00e9gicos formen parte de un patrimonio natural y cultural que define nuestra identidad colectiva.<\/p>\n<p>#ValdAran #ConselhGenerau #RefugiDeColom\u00e8rs #Monta\u00f1a #Sostenibilidad #POCTEFA #DESIR #TurismoResponsable<\/p>\n<p><em>Vielha, 13 de diciembre de 2025<\/em><\/p>\n ","protected":false},"excerpt":{"rendered":"<p>El Conselh Generau d\u2019Aran da un paso m\u00e1s en la preservaci\u00f3n y mejora de los equipamientos de media y alta monta\u00f1a con una inversi\u00f3n destinada a la mejora de las puertas del refugio de Colom\u00e8rs. Esta acci\u00f3n tiene como objetivo reforzar la seguridad, favorecer la eficiencia energ\u00e9tica y convertir las instalaciones en un espacio m\u00e1s&#8230;<\/p>\n","protected":false},"author":2,"featured_media":65415,"comment_status":"closed","ping_status":"closed","sticky":false,"template":"","format":"standard","meta":{"footnotes":""},"categories":[30,135,52,126,34,37],"tags":[],"_links":{"self":[{"href":"https:\/\/www.conselharan.org\/es\/wp-json\/wp\/v2\/posts\/65421"}],"collection":[{"href":"https:\/\/www.conselharan.org\/es\/wp-json\/wp\/v2\/posts"}],"about":[{"href":"https:\/\/www.conselharan.org\/es\/wp-json\/wp\/v2\/types\/post"}],"author":[{"embeddable":true,"href":"https:\/\/www.conselharan.org\/es\/wp-json\/wp\/v2\/users\/2"}],"replies":[{"embeddable":true,"href":"https:\/\/www.conselharan.org\/es\/wp-json\/wp\/v2\/comments?post=65421"}],"version-history":[{"count":2,"href":"https:\/\/www.conselharan.org\/es\/wp-json\/wp\/v2\/posts\/65421\/revisions"}],"predecessor-version":[{"id":65423,"href":"https:\/\/www.conselharan.org\/es\/wp-json\/wp\/v2\/posts\/65421\/revisions\/65423"}],"wp:featuredmedia":[{"embeddable":true,"href":"https:\/\/www.conselharan.org\/es\/wp-json\/wp\/v2\/media\/65415"}],"wp:attachment":[{"href":"https:\/\/www.conselharan.org\/es\/wp-json\/wp\/v2\/media?parent=65421"}],"wp:term":[{"taxonomy":"category","embeddable":true,"href":"https:\/\/www.conselharan.org\/es\/wp-json\/wp\/v2\/categories?post=65421"},{"taxonomy":"post_tag","embeddable":true,"href":"https:\/\/www.conselharan.org\/es\/wp-json\/wp\/v2\/tags?post=65421"}],"curies":[{"name":"wp","href":"https:\/\/api.w.org\/{rel}","templated":true}]}}