{"id":6599,"date":"2015-03-06T16:47:45","date_gmt":"2015-03-06T15:47:45","guid":{"rendered":"http:\/\/www.conselharan.org\/era-val-daran-un-des-territoris-mes-avaloradis-deth-mon-2\/"},"modified":"2015-03-06T16:47:45","modified_gmt":"2015-03-06T15:47:45","slug":"era-val-daran-un-des-territoris-mes-avaloradis-deth-mon","status":"publish","type":"post","link":"https:\/\/www.conselharan.org\/es\/era-val-daran-un-des-territoris-mes-avaloradis-deth-mon\/","title":{"rendered":"Era Val d\u2019Aran un des territ\u00f2ris m\u00e8s avaloradis deth mon"},"content":{"rendered":"<p>\u2022<strong> Ager era Val d\u2019Aran se project\u00e8c ath mon coma un des tres territ\u00f2ris m\u00e8s avaloradi pera National Geographic Society<\/strong><br \/>\n<strong> <\/strong><\/p>\n<p><strong>\u2022 Era conselh\u00e8ra de Torisme, Com\u00e8r\u00e7 e Consum d\u2019Aran, Anna D\u00edaz, arrecebec ager en Berlin era placa qu&#8217;acredite ara Val d&#8217;Aran coma ua des tres melhores destinacions Leadership deth mon<\/strong><br \/>\n<strong> <\/strong><\/p>\n<p><strong>\u2022 Ena finau \u00e8ren Aruba Tourism Authority (Aruba), Delaware North Yosemite (Estats Units) e era Val d\u2019Aran.<\/strong><br \/>\n<strong> <\/strong><\/p>\n<p><strong>\u2022 Aruba siguec eth territ\u00f2ri guanhador<\/strong><\/p>\n<p><a href=\"http:\/\/www.conselharan.org\/wp-content\/uploads\/2015\/03\/berlin_wla.jpg\"><img loading=\"lazy\" decoding=\"async\" class=\"aligncenter size-full wp-image-6596\" alt=\"berlin_wla\" src=\"http:\/\/www.conselharan.org\/wp-content\/uploads\/2015\/03\/berlin_wla.jpg\" width=\"1024\" height=\"768\" srcset=\"https:\/\/www.conselharan.org\/wp-content\/uploads\/2015\/03\/berlin_wla.jpg 1024w, https:\/\/www.conselharan.org\/wp-content\/uploads\/2015\/03\/berlin_wla-300x225.jpg 300w\" sizes=\"(max-width: 1024px) 100vw, 1024px\" \/><\/a><em>Era conselh\u00e8ra de Torisme, Com\u00e8r\u00e7e Consum d&#8217;Aran, Anna D\u00edaz, (era treasau pera qu\u00e8rra) arrecebent eth guerdon dera Val d&#8217;Aran ag\u00e8r en Berl\u00edn<\/em><\/p>\n<p><strong>\u201cEr h\u00e8t d&#8217;\u00e8ster finalistes en Berlin ent\u00e0 obtier eth guerdon des pr\u00e8mis World Legacy Awards, guerdons que se dan as destinacions, organizacions e empreses que trabalhen ena transformacion dera ind\u00fastria toristica, en tot potenciar eth torisme sostenible ena categoria de Destination Leadership, ei un \u00e8xit entath conjunt deth p\u00f2ble aran\u00e9s\u201d<\/strong> a manifestat eth sindic d\u2019Aran, <strong>Carlos Barrera.<\/strong><br \/>\n<strong> <\/strong><\/p>\n<p><strong>Barrera<\/strong> a soslinhat \u201c<strong>aguest camin arreconeish qu&#8217;aguesti valors s&#8217;inici\u00e8ren de forma internacionau en art\u00e9nher en g\u00e8r deth 2014 era certificacion Biosphere Destination qu&#8217;autrege era UNESCO. Aguesta reconeishen\u00e7a mos a permetut presentar era n\u00f2sta candidatura ath guerdon dera National Geographic. Er h\u00e8t d&#8217;\u00e8ster escuelhudi coma finalistes en concors de Singapor damb ua preseleccion d\u2019entre 150 territ\u00f2ris toristics de tot eth mon ja siguec ent\u00e0 Aran un \u00e8xit, m\u00e8s er h\u00e8t d&#8217;\u00e8ster finalista ager en Berlin a estat sense dobte er \u00e8xit de projeccion mondiau dera Val d\u2019Aran qu&#8217;enquiara jam\u00e8s s\u2019auie artenhut.\u201d<\/strong><\/p>\n<p>\u201c<strong>Des deth Conselh Generau d\u2019Aran felicitam a Foment Torisme Val d\u2019Aran peth pr\u00e8tzh\u00e8t de promocion toristica que h\u00e8. A toti es empresaris aranesi pera sua professionalitat e esperit innovador des s\u00f2ns establiments e deth tracte professionau que dispensen as s\u00f2ns clients. Ara estacion aranesa de Baqueira Beret pera sua contunha politica d\u2019inversion, modernizacion des sues installacions e peth gran resp\u00e8cte e integracion ar entorn deth conjunt dera estacion. Tanben felicitam a toti es vesins d\u2019Aran qu&#8217;a tit\u00f2l individuau e de forma quotidiana velhen pera excellenta conservacion deth n\u00f2ste patrim\u00f2ni, e evidentaments a totes es Administracions araneses implicades en garantir era perviv\u00e8ncia de toti es valors que h\u00e8n merit\u00f2ria ara Val d\u2019Aran de poder auer estat finalista d\u2019aguest guerdon de territ\u00f2ri Destination Leadership\u201d<\/strong> a hijut eth sindic d\u2019Aran, <strong>Carlos Barrera.<\/strong><\/p>\n ","protected":false},"excerpt":{"rendered":"<p>\u2022 Ager era Val d\u2019Aran se project\u00e8c ath mon coma un des tres territ\u00f2ris m\u00e8s avaloradi pera National Geographic Society \u2022 Era conselh\u00e8ra de Torisme, Com\u00e8r\u00e7 e Consum d\u2019Aran, Anna D\u00edaz, arrecebec ager en Berlin era placa qu&#8217;acredite ara Val d&#8217;Aran coma ua des tres melhores destinacions Leadership deth mon \u2022 Ena finau \u00e8ren Aruba&#8230;<\/p>\n","protected":false},"author":2,"featured_media":6596,"comment_status":"closed","ping_status":"closed","sticky":false,"template":"","format":"standard","meta":{"footnotes":""},"categories":[30,52,34,37],"tags":[],"_links":{"self":[{"href":"https:\/\/www.conselharan.org\/es\/wp-json\/wp\/v2\/posts\/6599"}],"collection":[{"href":"https:\/\/www.conselharan.org\/es\/wp-json\/wp\/v2\/posts"}],"about":[{"href":"https:\/\/www.conselharan.org\/es\/wp-json\/wp\/v2\/types\/post"}],"author":[{"embeddable":true,"href":"https:\/\/www.conselharan.org\/es\/wp-json\/wp\/v2\/users\/2"}],"replies":[{"embeddable":true,"href":"https:\/\/www.conselharan.org\/es\/wp-json\/wp\/v2\/comments?post=6599"}],"version-history":[{"count":0,"href":"https:\/\/www.conselharan.org\/es\/wp-json\/wp\/v2\/posts\/6599\/revisions"}],"wp:featuredmedia":[{"embeddable":true,"href":"https:\/\/www.conselharan.org\/es\/wp-json\/wp\/v2\/media\/6596"}],"wp:attachment":[{"href":"https:\/\/www.conselharan.org\/es\/wp-json\/wp\/v2\/media?parent=6599"}],"wp:term":[{"taxonomy":"category","embeddable":true,"href":"https:\/\/www.conselharan.org\/es\/wp-json\/wp\/v2\/categories?post=6599"},{"taxonomy":"post_tag","embeddable":true,"href":"https:\/\/www.conselharan.org\/es\/wp-json\/wp\/v2\/tags?post=6599"}],"curies":[{"name":"wp","href":"https:\/\/api.w.org\/{rel}","templated":true}]}}