{"id":6630,"date":"2015-03-09T15:33:18","date_gmt":"2015-03-09T14:33:18","guid":{"rendered":"http:\/\/www.conselharan.org\/?p=6630"},"modified":"2015-03-09T15:33:18","modified_gmt":"2015-03-09T14:33:18","slug":"la-val-daran-y-baqueira-beret-acogen-el-62o-encuentro-internacional-del-scij","status":"publish","type":"post","link":"https:\/\/www.conselharan.org\/es\/la-val-daran-y-baqueira-beret-acogen-el-62o-encuentro-internacional-del-scij\/","title":{"rendered":"La Val d\u2019Aran y Baqueira Beret acogen el 62\u00ba Encuentro Internacional del SCIJ"},"content":{"rendered":"<p>\u2022 <strong>Vielha celebra el acto inaugural con la asistencia de los equipos de todos los pa\u00edses participantes<\/strong><\/p>\n<p><strong>\u2022 Del 7 al 14 de marzo la estaci\u00f3n de esqu\u00ed aranesa, Baqueira Beret, reunir\u00e1 a 220 periodistas de m\u00e1s de 32 pa\u00edses.<\/strong><\/p>\n<p><strong>\u2022 Se trata de un evento internacional de gran magnitud que brinda la oportunidad de dar a conocer la cultura y el patrimonio de la Val d\u2019Aran.<\/strong><\/p>\n<p><strong>\u2022 El SCIJ cuenta con m\u00e1s de 2.000 socios periodistas de 46 pa\u00edses<\/strong><\/p>\n<p><a href=\"http:\/\/www.conselharan.org\/wp-content\/uploads\/2015\/03\/SCIJ_DANCES.jpg\"><img loading=\"lazy\" decoding=\"async\" class=\"aligncenter size-large wp-image-6624\" alt=\"SCIJ_DANCES\" src=\"http:\/\/www.conselharan.org\/wp-content\/uploads\/2015\/03\/SCIJ_DANCES-1024x685.jpg\" width=\"1024\" height=\"685\" srcset=\"https:\/\/www.conselharan.org\/wp-content\/uploads\/2015\/03\/SCIJ_DANCES-1024x685.jpg 1024w, https:\/\/www.conselharan.org\/wp-content\/uploads\/2015\/03\/SCIJ_DANCES-300x200.jpg 300w\" sizes=\"(max-width: 1024px) 100vw, 1024px\" \/><\/a><\/p>\n<p>Ayer, d\u00eda 8 de marzo, tuvo lugar en Vielha el acto inaugural del 62\u00ba Encuentro Internacional de Periodistas del SCIJ (Ski Club International des Journalistes) que tendr\u00e1 lugar esta semana, del 7 al 14 de marzo, y en donde 220 periodistas de m\u00e1s de 32 pa\u00edses y de todas las disciplinas (deporte, cultura, econom\u00eda, sociedad, pol\u00edtica, etc.) se dan cita en la Val dAran.<\/p>\n<p>Dicho evento, que se celebra desde 1955, se organiza cada a\u00f1o en un pa\u00eds diferente y este a\u00f1o, por tercera vez en la historia, tiene lugar en la estaci\u00f3n aranesa de Baqueira Beret, coincidiendo con el 50 aniversario de la estaci\u00f3n.<\/p>\n<p><a href=\"http:\/\/www.conselharan.org\/wp-content\/uploads\/2015\/03\/SCIJ_MM.jpg\"><img loading=\"lazy\" decoding=\"async\" class=\"aligncenter size-large wp-image-6625\" alt=\"SCIJ_MM\" src=\"http:\/\/www.conselharan.org\/wp-content\/uploads\/2015\/03\/SCIJ_MM-1024x587.jpg\" width=\"1024\" height=\"587\" srcset=\"https:\/\/www.conselharan.org\/wp-content\/uploads\/2015\/03\/SCIJ_MM-1024x587.jpg 1024w, https:\/\/www.conselharan.org\/wp-content\/uploads\/2015\/03\/SCIJ_MM-300x172.jpg 300w, https:\/\/www.conselharan.org\/wp-content\/uploads\/2015\/03\/SCIJ_MM-305x175.jpg 305w\" sizes=\"(max-width: 1024px) 100vw, 1024px\" \/><\/a><\/p>\n<p>&nbsp;<\/p>\n<p>Los participantes podr\u00e1n disfrutar durante esta semana de unas excelentes condiciones para la pr\u00e1ctica del esqu\u00ed, los servicios de una de las mejores estaciones del mundo como es Baqueira Beret y tambi\u00e9n, organizadas por Foment de Torisme Val d&#8217;Aran, de visitas guiadas para hacer una aproximaci\u00f3n al rom\u00e1nico del valle, la cultura aranesa, las tradiciones y por supuesto la gastronom\u00eda y el comercio de la Val d&#8217;Aran.<br \/>\nEl SCIJ cuenta con m\u00e1s de 2.000 periodistas en 46 pa\u00edses y desde 1955 el Encuentro nunca ha fallado ni una vez.<\/p>\n<p>La inauguraci\u00f3n cont\u00f3 con la presencia de la conselh\u00e8ra de Turismo, Comercio y Consumo de Aran, <strong>Anna D\u00edaz<\/strong>, el alcalde de Vielha e Mijaran, <strong>\u00c1lex Moga<\/strong>, el subdirector comercial de Baqueira Beret, <strong>Xavi Ubeira<\/strong>, el presidente del SCIJ Internacional, <strong>Frederick Wallace<\/strong> y el presidente del SCIJ Espa\u00f1a, <strong>Goyo Prados.<\/strong><\/p>\n<p>Los organizadores de este importante evento internacional son Baqueira Beret, el Ajuntament de Naut Aran y el Conselh Generau d&#8217;Aran. Tambi\u00e9n han colaborado el Ayuntamiento de Vielha e Mijaran, la Ag\u00e8ncia Catalana de Turisme, el Patronat de la Diputaci\u00f3 de Lleida y Turisme de Barcelona.<\/p>\n<p>M\u00e1s informaci\u00f3n:<\/p>\n<p><a href=\"http:\/\/www.scij.info\" target=\"_blank\"><strong>www.scij.info<\/strong><\/a><\/p>\n<p><a href=\"http:\/\/www.scij.info\" target=\"_blank\"><strong>www.baqueirascij2015.com<\/strong><\/a><\/p>\n ","protected":false},"excerpt":{"rendered":"<p>\u2022 Vielha celebra el acto inaugural con la asistencia de los equipos de todos los pa\u00edses participantes \u2022 Del 7 al 14 de marzo la estaci\u00f3n de esqu\u00ed aranesa, Baqueira Beret, reunir\u00e1 a 220 periodistas de m\u00e1s de 32 pa\u00edses. \u2022 Se trata de un evento internacional de gran magnitud que brinda la oportunidad de&#8230;<\/p>\n","protected":false},"author":2,"featured_media":6624,"comment_status":"closed","ping_status":"closed","sticky":false,"template":"","format":"standard","meta":{"footnotes":""},"categories":[30,34,37],"tags":[],"_links":{"self":[{"href":"https:\/\/www.conselharan.org\/es\/wp-json\/wp\/v2\/posts\/6630"}],"collection":[{"href":"https:\/\/www.conselharan.org\/es\/wp-json\/wp\/v2\/posts"}],"about":[{"href":"https:\/\/www.conselharan.org\/es\/wp-json\/wp\/v2\/types\/post"}],"author":[{"embeddable":true,"href":"https:\/\/www.conselharan.org\/es\/wp-json\/wp\/v2\/users\/2"}],"replies":[{"embeddable":true,"href":"https:\/\/www.conselharan.org\/es\/wp-json\/wp\/v2\/comments?post=6630"}],"version-history":[{"count":1,"href":"https:\/\/www.conselharan.org\/es\/wp-json\/wp\/v2\/posts\/6630\/revisions"}],"predecessor-version":[{"id":6631,"href":"https:\/\/www.conselharan.org\/es\/wp-json\/wp\/v2\/posts\/6630\/revisions\/6631"}],"wp:featuredmedia":[{"embeddable":true,"href":"https:\/\/www.conselharan.org\/es\/wp-json\/wp\/v2\/media\/6624"}],"wp:attachment":[{"href":"https:\/\/www.conselharan.org\/es\/wp-json\/wp\/v2\/media?parent=6630"}],"wp:term":[{"taxonomy":"category","embeddable":true,"href":"https:\/\/www.conselharan.org\/es\/wp-json\/wp\/v2\/categories?post=6630"},{"taxonomy":"post_tag","embeddable":true,"href":"https:\/\/www.conselharan.org\/es\/wp-json\/wp\/v2\/tags?post=6630"}],"curies":[{"name":"wp","href":"https:\/\/api.w.org\/{rel}","templated":true}]}}