{"id":66359,"date":"2026-03-10T13:24:47","date_gmt":"2026-03-10T12:24:47","guid":{"rendered":"https:\/\/www.conselharan.org\/?p=66359"},"modified":"2026-03-10T13:24:48","modified_gmt":"2026-03-10T12:24:48","slug":"el-gobierno-de-aran-inicia-una-ronda-de-visitas-en-los-pueblos-araneses","status":"publish","type":"post","link":"https:\/\/www.conselharan.org\/es\/el-gobierno-de-aran-inicia-una-ronda-de-visitas-en-los-pueblos-araneses\/","title":{"rendered":"El Gobierno de Aran inicia una ronda de visitas en los pueblos araneses"},"content":{"rendered":"<p><a href=\"https:\/\/www.conselharan.org\/es\/el-gobierno-de-aran-inicia-una-ronda-de-visitas-en-los-pueblos-araneses\/ronda-visita-betren-2\/\" rel=\"attachment wp-att-66351\"><img loading=\"lazy\" decoding=\"async\" class=\"aligncenter size-large wp-image-66351\" src=\"https:\/\/www.conselharan.org\/wp-content\/uploads\/2026\/03\/Ronda-Visita-Betren-1024x768.jpeg\" alt=\"\" width=\"1024\" height=\"768\" srcset=\"https:\/\/www.conselharan.org\/wp-content\/uploads\/2026\/03\/Ronda-Visita-Betren-1024x768.jpeg 1024w, https:\/\/www.conselharan.org\/wp-content\/uploads\/2026\/03\/Ronda-Visita-Betren-300x225.jpeg 300w, https:\/\/www.conselharan.org\/wp-content\/uploads\/2026\/03\/Ronda-Visita-Betren-768x576.jpeg 768w, https:\/\/www.conselharan.org\/wp-content\/uploads\/2026\/03\/Ronda-Visita-Betren-1536x1152.jpeg 1536w, https:\/\/www.conselharan.org\/wp-content\/uploads\/2026\/03\/Ronda-Visita-Betren-2048x1536.jpeg 2048w\" sizes=\"(max-width: 1024px) 100vw, 1024px\" \/><\/a><\/p>\n<ul>\n<li><strong>Bajo el nombre \u201cParlam d\u2019Aran. Parlam de tu\u201d, la s\u00edndica de Aran, Maria Verg\u00e9s, acompa\u00f1ada por los conselh\u00e8rs y conselheras de gobierno, visitar\u00e1 todos los pueblos de la Val d\u2019Aran para presentar el trabajo llevado a cabo por el Conselh Generau d\u2019Aran, as\u00ed como para escuchar y dar respuesta a la ciudadan\u00eda aranesa en estos actos abiertos a todos.<\/strong><\/li>\n<\/ul>\n<p>&nbsp;<\/p>\n<p>El Gobierno de Aran ha iniciado una ronda de visitas a los pueblos de la Val d\u2019Aran para reunirse con los vecinos y vecinas, present\u00e1ndoles los avances m\u00e1s destacados de la acci\u00f3n de gobierno, as\u00ed como para establecer un canal de comunicaci\u00f3n directa con la ciudadan\u00eda y conocer las impresiones, opiniones y dudas que puedan plantear.<\/p>\n<p>\u201cCon estas visitas pretendemos dar transparencia a la ciudadan\u00eda en lo que respecta al trabajo del Conselh Generau d\u2019Aran, as\u00ed como abrir un espacio para la participaci\u00f3n y la comunicaci\u00f3n entre el gobierno y los vecinos y vecinas\u201d, explicaba la sindica de Aran.<\/p>\n<p>La ronda de encuentros comenzaba ayer en el pueblo de Betren y progresivamente se dar\u00e1 informaci\u00f3n con antelaci\u00f3n sobre el calendario de visitas a cada pueblo.<\/p>\n<p><em>Vielha, 10 \u00a0de marzo de 2026.<\/em><\/p>\n ","protected":false},"excerpt":{"rendered":"<p>Bajo el nombre \u201cParlam d\u2019Aran. Parlam de tu\u201d, la s\u00edndica de Aran, Maria Verg\u00e9s, acompa\u00f1ada por los conselh\u00e8rs y conselheras de gobierno, visitar\u00e1 todos los pueblos de la Val d\u2019Aran para presentar el trabajo llevado a cabo por el Conselh Generau d\u2019Aran, as\u00ed como para escuchar y dar respuesta a la ciudadan\u00eda aranesa en estos&#8230;<\/p>\n","protected":false},"author":2,"featured_media":66351,"comment_status":"closed","ping_status":"closed","sticky":false,"template":"","format":"standard","meta":{"footnotes":""},"categories":[30,52,34,37],"tags":[],"_links":{"self":[{"href":"https:\/\/www.conselharan.org\/es\/wp-json\/wp\/v2\/posts\/66359"}],"collection":[{"href":"https:\/\/www.conselharan.org\/es\/wp-json\/wp\/v2\/posts"}],"about":[{"href":"https:\/\/www.conselharan.org\/es\/wp-json\/wp\/v2\/types\/post"}],"author":[{"embeddable":true,"href":"https:\/\/www.conselharan.org\/es\/wp-json\/wp\/v2\/users\/2"}],"replies":[{"embeddable":true,"href":"https:\/\/www.conselharan.org\/es\/wp-json\/wp\/v2\/comments?post=66359"}],"version-history":[{"count":2,"href":"https:\/\/www.conselharan.org\/es\/wp-json\/wp\/v2\/posts\/66359\/revisions"}],"predecessor-version":[{"id":66361,"href":"https:\/\/www.conselharan.org\/es\/wp-json\/wp\/v2\/posts\/66359\/revisions\/66361"}],"wp:featuredmedia":[{"embeddable":true,"href":"https:\/\/www.conselharan.org\/es\/wp-json\/wp\/v2\/media\/66351"}],"wp:attachment":[{"href":"https:\/\/www.conselharan.org\/es\/wp-json\/wp\/v2\/media?parent=66359"}],"wp:term":[{"taxonomy":"category","embeddable":true,"href":"https:\/\/www.conselharan.org\/es\/wp-json\/wp\/v2\/categories?post=66359"},{"taxonomy":"post_tag","embeddable":true,"href":"https:\/\/www.conselharan.org\/es\/wp-json\/wp\/v2\/tags?post=66359"}],"curies":[{"name":"wp","href":"https:\/\/api.w.org\/{rel}","templated":true}]}}