{"id":6671,"date":"2015-03-13T15:22:29","date_gmt":"2015-03-13T14:22:29","guid":{"rendered":"http:\/\/www.conselharan.org\/?p=6671"},"modified":"2015-03-13T15:23:25","modified_gmt":"2015-03-13T14:23:25","slug":"el-transporte-publico-interno-de-la-val-daran-incrementa-usuarios-durante-el-2014","status":"publish","type":"post","link":"https:\/\/www.conselharan.org\/es\/el-transporte-publico-interno-de-la-val-daran-incrementa-usuarios-durante-el-2014\/","title":{"rendered":"El Transporte p\u00fablico interno de la Val d\u2019Aran incrementa usuarios durante el 2014"},"content":{"rendered":"<p>\u2022 <strong>El transporte, que llega a la estaci\u00f3n de esqu\u00ed aranesa, Baqueira Beret, es utilizado durante la temporada de invierno por los esquiadores, un hecho que demuestra su consolidaci\u00f3n como un servicio interesante para el sector tur\u00edstico.<\/strong><\/p>\n<p><a href=\"http:\/\/www.conselharan.org\/wp-content\/uploads\/2015\/03\/BUS_2015.jpg\"><img loading=\"lazy\" decoding=\"async\" class=\"aligncenter size-large wp-image-6666\" alt=\"BUS_2015\" src=\"http:\/\/www.conselharan.org\/wp-content\/uploads\/2015\/03\/BUS_2015-1024x685.jpg\" width=\"1024\" height=\"685\" srcset=\"https:\/\/www.conselharan.org\/wp-content\/uploads\/2015\/03\/BUS_2015-1024x685.jpg 1024w, https:\/\/www.conselharan.org\/wp-content\/uploads\/2015\/03\/BUS_2015-300x200.jpg 300w\" sizes=\"(max-width: 1024px) 100vw, 1024px\" \/><\/a><\/p>\n<p>El Gov\u00e8rn de Aran ha trabajado durante los \u00faltimos a\u00f1os para mejorar los servicios de transporte interno de la Val d\u2019Aran, ahora, cuando ya se ha hecho balance de los resultados del \u00faltimo a\u00f1o, se puede afirmar que los cambios que se han producido en este servicio han provocado unos buenos resultados. El incremento del a\u00f1o 2013 respecto al 2014 ha sido considerable. Se ha pasado de 88.400 viajeros a 135.480 en el 2014. Cifras que muestran que los nuevos servicios se han convertido en una buena opci\u00f3n para los visitantes que llegan al valle, una buena alternativa para los esquiadores que quieren subir a Baqueira Beret o para cualquier turista que quiere visitar los pueblos de Aran.<\/p>\n<p>En palabras de la conselh\u00e8ra de Turismo, Comercio y Transporte de Aran, <strong>Anna D\u00edaz, \u201cestos datos confirman el trabajo realizado por el Gov\u00e8rn aran\u00e9s en la mejora y racionalizaci\u00f3n del servicio del transporte p\u00fablico interno de la Val d\u2019Aran\u201d.<\/strong><\/p>\n<p>Entre los cambios m\u00e1s relevantes se encuentra el sistema de validaci\u00f3n de billetes, que ha facilitado la utilizaci\u00f3n de los abonos. Actualmente se ofrecen un abono mensual por 22,00\u20ac, con los cuales se pueden hacer todos los desplazamientos que se quiera durando un periodo de 30 d\u00edas. Tambi\u00e9n se puede comprar la tarjeta T10, con la qu\u00e9 los billetes se pagan a 0,90\u20ac cada uno en lugar de 1,10\u20ac que es el precio del billete sencillo. Tambi\u00e9n se est\u00e1n instalando pantallas informativas en las paradas para conocer el tiempo de espera y tambi\u00e9n para tener informados a los viajeros si se produce alguna incidencia. La flota de autobuses del servicio interno de la Val d\u2019Aran est\u00e1 formada por 5 veh\u00edculos nuevos, rotulados en los laterales con el logotipo del Conselh Generau d\u2019Aran.<\/p>\n<p>En los servicios que da Alsa entre la Val d\u2019Aran y Lleida y Barcelona tambi\u00e9n se ha implantado una nueva tarjeta la T-10\/120 un abono que permite al pasajero obtener un descuento superior al 50% (Val d\u2019Aran Barcelona por 16,50\u20ac y Val d\u2019Aran Lleida por 8,00\u20ac. Para aquellos que viajan menos, Alsa ha puesto a la venta un abono de 5 billetes.<\/p>\n ","protected":false},"excerpt":{"rendered":"<p>\u2022 El transporte, que llega a la estaci\u00f3n de esqu\u00ed aranesa, Baqueira Beret, es utilizado durante la temporada de invierno por los esquiadores, un hecho que demuestra su consolidaci\u00f3n como un servicio interesante para el sector tur\u00edstico. El Gov\u00e8rn de Aran ha trabajado durante los \u00faltimos a\u00f1os para mejorar los servicios de transporte interno de&#8230;<\/p>\n","protected":false},"author":2,"featured_media":6666,"comment_status":"closed","ping_status":"closed","sticky":false,"template":"","format":"standard","meta":{"footnotes":""},"categories":[30,52,34,37],"tags":[],"_links":{"self":[{"href":"https:\/\/www.conselharan.org\/es\/wp-json\/wp\/v2\/posts\/6671"}],"collection":[{"href":"https:\/\/www.conselharan.org\/es\/wp-json\/wp\/v2\/posts"}],"about":[{"href":"https:\/\/www.conselharan.org\/es\/wp-json\/wp\/v2\/types\/post"}],"author":[{"embeddable":true,"href":"https:\/\/www.conselharan.org\/es\/wp-json\/wp\/v2\/users\/2"}],"replies":[{"embeddable":true,"href":"https:\/\/www.conselharan.org\/es\/wp-json\/wp\/v2\/comments?post=6671"}],"version-history":[{"count":1,"href":"https:\/\/www.conselharan.org\/es\/wp-json\/wp\/v2\/posts\/6671\/revisions"}],"predecessor-version":[{"id":6672,"href":"https:\/\/www.conselharan.org\/es\/wp-json\/wp\/v2\/posts\/6671\/revisions\/6672"}],"wp:featuredmedia":[{"embeddable":true,"href":"https:\/\/www.conselharan.org\/es\/wp-json\/wp\/v2\/media\/6666"}],"wp:attachment":[{"href":"https:\/\/www.conselharan.org\/es\/wp-json\/wp\/v2\/media?parent=6671"}],"wp:term":[{"taxonomy":"category","embeddable":true,"href":"https:\/\/www.conselharan.org\/es\/wp-json\/wp\/v2\/categories?post=6671"},{"taxonomy":"post_tag","embeddable":true,"href":"https:\/\/www.conselharan.org\/es\/wp-json\/wp\/v2\/tags?post=6671"}],"curies":[{"name":"wp","href":"https:\/\/api.w.org\/{rel}","templated":true}]}}