{"id":66924,"date":"2026-04-28T11:17:30","date_gmt":"2026-04-28T09:17:30","guid":{"rendered":"https:\/\/www.conselharan.org\/?p=66924"},"modified":"2026-04-28T11:18:02","modified_gmt":"2026-04-28T09:18:02","slug":"el-gobierno-de-aran-impulsa-la-participacion-de-la-juventud-aranesa-en-los-asuntos-del-territorio","status":"publish","type":"post","link":"https:\/\/www.conselharan.org\/es\/el-gobierno-de-aran-impulsa-la-participacion-de-la-juventud-aranesa-en-los-asuntos-del-territorio\/","title":{"rendered":"El Gobierno de Aran impulsa la participaci\u00f3n de la juventud aranesa en los asuntos del territorio"},"content":{"rendered":"<ul>\n<li>\n<h3><strong><a href=\"https:\/\/www.conselharan.org\/es\/el-gobierno-de-aran-impulsa-la-participacion-de-la-juventud-aranesa-en-los-asuntos-del-territorio\/forum-joenessa-3-2\/\" rel=\"attachment wp-att-66918\"><img loading=\"lazy\" decoding=\"async\" class=\"aligncenter size-large wp-image-66918\" src=\"https:\/\/www.conselharan.org\/wp-content\/uploads\/2026\/04\/Forum-Joenessa-1-1024x768.jpeg\" alt=\"\" width=\"1024\" height=\"768\" srcset=\"https:\/\/www.conselharan.org\/wp-content\/uploads\/2026\/04\/Forum-Joenessa-1-1024x768.jpeg 1024w, https:\/\/www.conselharan.org\/wp-content\/uploads\/2026\/04\/Forum-Joenessa-1-300x225.jpeg 300w, https:\/\/www.conselharan.org\/wp-content\/uploads\/2026\/04\/Forum-Joenessa-1-768x576.jpeg 768w, https:\/\/www.conselharan.org\/wp-content\/uploads\/2026\/04\/Forum-Joenessa-1-1536x1152.jpeg 1536w, https:\/\/www.conselharan.org\/wp-content\/uploads\/2026\/04\/Forum-Joenessa-1.jpeg 1600w\" sizes=\"(max-width: 1024px) 100vw, 1024px\" \/><\/a>Para fomentar la participaci\u00f3n juvenil, el Conselh Generau d\u2019Aran ha organizado el 1er Foro Juventud con un acto celebrado en el Centro de Juventud \u201cAntara\u201d de Vielha.<\/strong><\/h3>\n<\/li>\n<\/ul>\n<p>El pasado s\u00e1bado, 25 de abril, se celebr\u00f3 el 1er Foro Juventud de la Val d\u2019Aran. Un evento organizado por el Conselh Generau d\u2019Aran que quiere ser un espacio estable de participaci\u00f3n juvenil en la Val d\u2019Aran y que nace de los talleres de participaci\u00f3n realizados en el Institut d\u2019Aran durante las \u00faltimas semanas, as\u00ed como de la recopilaci\u00f3n de datos de las encuestas dirigidas a los j\u00f3venes de nuestro territorio que se han llevado a cabo tambi\u00e9n durante las \u00faltimas semanas, para completar esta primera fase de participaci\u00f3n ciudadana en torno a la juventud.<\/p>\n<p>El Foro Juventud tiene como objetivo ser un espacio estructurado de recogida de la voz de los j\u00f3venes, donde puedan expresar sus necesidades, inquietudes y propuestas, con la voluntad de que evolucione hacia un modelo liderado por ellos mismos. De este modo se facilita no solo que puedan hacer llegar en primera persona sus demandas al Gobierno de Aran, sino tambi\u00e9n que contribuyan activamente en la definici\u00f3n, orientaci\u00f3n y mejora de las pol\u00edticas de juventud en Aran.<a href=\"https:\/\/www.conselharan.org\/es\/el-gobierno-de-aran-impulsa-la-participacion-de-la-juventud-aranesa-en-los-asuntos-del-territorio\/forum-joenessa-2-2-2\/\" rel=\"attachment wp-att-66922\"><img loading=\"lazy\" decoding=\"async\" class=\"aligncenter size-large wp-image-66922\" src=\"https:\/\/www.conselharan.org\/wp-content\/uploads\/2026\/04\/Forum-Joenessa-2-1-1024x769.jpeg\" alt=\"\" width=\"1024\" height=\"769\" srcset=\"https:\/\/www.conselharan.org\/wp-content\/uploads\/2026\/04\/Forum-Joenessa-2-1-1024x769.jpeg 1024w, https:\/\/www.conselharan.org\/wp-content\/uploads\/2026\/04\/Forum-Joenessa-2-1-300x225.jpeg 300w, https:\/\/www.conselharan.org\/wp-content\/uploads\/2026\/04\/Forum-Joenessa-2-1-768x577.jpeg 768w, https:\/\/www.conselharan.org\/wp-content\/uploads\/2026\/04\/Forum-Joenessa-2-1-1536x1154.jpeg 1536w, https:\/\/www.conselharan.org\/wp-content\/uploads\/2026\/04\/Forum-Joenessa-2-1.jpeg 1600w\" sizes=\"(max-width: 1024px) 100vw, 1024px\" \/><\/a><\/p>\n<p>La conselh\u00e8ra de Juventud, Igualdad e Inclusi\u00f3n Social del Gobierno de Aran, Maria Menis, asisti\u00f3 al acto celebrado el s\u00e1bado para animar a los j\u00f3venes a hacer suyo este Foro Juventud, ya que son el futuro del territorio. Maria Menis, quien realiz\u00f3 la presentaci\u00f3n del acto y, posteriormente, se llevaron a cabo trabajos en grupo y din\u00e1micas con los j\u00f3venes a cargo del equipo t\u00e9cnico del \u00c1rea de atenci\u00f3n a las personas del Conselh Generau d\u2019Aran.<\/p>\n<p>\u201cEste Foro Juventud quiere dar voz a los j\u00f3venes, porque a menudo pueden sentir que sus necesidades no son escuchadas. Es una herramienta que permite que puedan hablar, expresarse y decir todo aquello que les preocupa, que les motiva y que necesitan. Por ello creemos que ser\u00e1 muy positivo para ellos y que ayudar\u00e1 a establecer nuevas formas de comunicaci\u00f3n entre la juventud y las administraciones\u201d, ha explicado la conselh\u00e8ra.<\/p>\n<p><em>Vielha, 28 de abril de 2026<\/em><\/p>\n ","protected":false},"excerpt":{"rendered":"<p>Para fomentar la participaci\u00f3n juvenil, el Conselh Generau d\u2019Aran ha organizado el 1er Foro Juventud con un acto celebrado en el Centro de Juventud \u201cAntara\u201d de Vielha. El pasado s\u00e1bado, 25 de abril, se celebr\u00f3 el 1er Foro Juventud de la Val d\u2019Aran. Un evento organizado por el Conselh Generau d\u2019Aran que quiere ser un&#8230;<\/p>\n","protected":false},"author":2,"featured_media":66918,"comment_status":"closed","ping_status":"closed","sticky":false,"template":"","format":"standard","meta":{"footnotes":""},"categories":[30,52,34,798,37],"tags":[],"_links":{"self":[{"href":"https:\/\/www.conselharan.org\/es\/wp-json\/wp\/v2\/posts\/66924"}],"collection":[{"href":"https:\/\/www.conselharan.org\/es\/wp-json\/wp\/v2\/posts"}],"about":[{"href":"https:\/\/www.conselharan.org\/es\/wp-json\/wp\/v2\/types\/post"}],"author":[{"embeddable":true,"href":"https:\/\/www.conselharan.org\/es\/wp-json\/wp\/v2\/users\/2"}],"replies":[{"embeddable":true,"href":"https:\/\/www.conselharan.org\/es\/wp-json\/wp\/v2\/comments?post=66924"}],"version-history":[{"count":3,"href":"https:\/\/www.conselharan.org\/es\/wp-json\/wp\/v2\/posts\/66924\/revisions"}],"predecessor-version":[{"id":66927,"href":"https:\/\/www.conselharan.org\/es\/wp-json\/wp\/v2\/posts\/66924\/revisions\/66927"}],"wp:featuredmedia":[{"embeddable":true,"href":"https:\/\/www.conselharan.org\/es\/wp-json\/wp\/v2\/media\/66918"}],"wp:attachment":[{"href":"https:\/\/www.conselharan.org\/es\/wp-json\/wp\/v2\/media?parent=66924"}],"wp:term":[{"taxonomy":"category","embeddable":true,"href":"https:\/\/www.conselharan.org\/es\/wp-json\/wp\/v2\/categories?post=66924"},{"taxonomy":"post_tag","embeddable":true,"href":"https:\/\/www.conselharan.org\/es\/wp-json\/wp\/v2\/tags?post=66924"}],"curies":[{"name":"wp","href":"https:\/\/api.w.org\/{rel}","templated":true}]}}