{"id":66944,"date":"2026-04-29T12:25:18","date_gmt":"2026-04-29T10:25:18","guid":{"rendered":"https:\/\/www.conselharan.org\/?p=66944"},"modified":"2026-04-29T12:25:22","modified_gmt":"2026-04-29T10:25:22","slug":"el-turismo-en-la-val-daran-crece-un-1332-respecto-a-2025-en-numero-de-pernoctaciones-durante-la-temporada-de-invierno","status":"publish","type":"post","link":"https:\/\/www.conselharan.org\/es\/el-turismo-en-la-val-daran-crece-un-1332-respecto-a-2025-en-numero-de-pernoctaciones-durante-la-temporada-de-invierno\/","title":{"rendered":"El turismo en la Val d\u2019Aran crece un 13,32 % respecto a 2025 en n\u00famero de pernoctaciones durante la temporada de invierno"},"content":{"rendered":"<ul>\n<li>\n<h3><strong><a href=\"https:\/\/www.conselharan.org\/es\/el-turismo-en-la-val-daran-crece-un-1332-respecto-a-2025-en-numero-de-pernoctaciones-durante-la-temporada-de-invierno\/imatge-torisme-vielha-2\/\" rel=\"attachment wp-att-66935\"><img loading=\"lazy\" decoding=\"async\" class=\"aligncenter size-full wp-image-66935\" src=\"https:\/\/www.conselharan.org\/wp-content\/uploads\/2026\/04\/Imatge-Torisme-Vielha.jpg\" alt=\"\" width=\"750\" height=\"1000\" srcset=\"https:\/\/www.conselharan.org\/wp-content\/uploads\/2026\/04\/Imatge-Torisme-Vielha.jpg 750w, https:\/\/www.conselharan.org\/wp-content\/uploads\/2026\/04\/Imatge-Torisme-Vielha-225x300.jpg 225w\" sizes=\"(max-width: 750px) 100vw, 750px\" \/><\/a>Estas cifras reflejan el aumento del mercado internacional, que lidera el crecimiento y consolida su presencia.<\/strong><\/h3>\n<\/li>\n<\/ul>\n<p>La temporada de invierno, entre el 1 de diciembre y el 6 de abril, se ha cerrado con un balance muy positivo para el sector tur\u00edstico, registrando un incremento significativo de las pernoctaciones respecto al a\u00f1o anterior.<\/p>\n<p>En concreto, el total de estancias ha alcanzado las 826.018, en comparaci\u00f3n con las 728.942 de la temporada 2024-2025 (12\/12\/2024 \u2013 21\/04\/2025), lo que representa un aumento del 13,32 %.<\/p>\n<p>El mercado nacional contin\u00faa siendo el principal motor en volumen, con 520.427 pernoctaciones, ligeramente por encima de las 504.713 del a\u00f1o pasado, con una evoluci\u00f3n positiva del 3,11 %.<\/p>\n<p>En cambio, el mercado internacional es el gran protagonista de la temporada, con un aumento muy importante del 36,29 %, tras pasar de 224.229 a 305.591 pernoctaciones.<\/p>\n<p>Entre los mercados internacionales prioritarios, Francia encabeza la lista con 191.511 pernoctaciones, seguida del Reino Unido (23.000) y Portugal (20.166), todos ellos con incrementos significativos.<\/p>\n<p>Tambi\u00e9n cabe destacar el fuerte crecimiento de mercados emergentes, como Estados Unidos, Austria y China, que duplican sus registros respecto a la temporada anterior.<\/p>\n<p>En cuanto al mercado nacional, Madrid y Barcelona se mantienen como los principales emisores, con 111.813 y 104.796 pernoctaciones respectivamente, seguidos de Lleida, que tambi\u00e9n experimenta una evoluci\u00f3n positiva.<\/p>\n<p>Otros mercados, como Valencia, Bizkaia y Gipuzkoa, han registrado una ligera ca\u00edda que no ha afectado al balance global positivo.<\/p>\n<p>La estancia media se ha situado en 2,85 noches, lo que consolida un modelo de estancias relativamente cortas pero m\u00e1s intensivas.<\/p>\n<p>El n\u00famero total de excursionistas ha sido de 306.170 personas durante esta temporada.<\/p>\n<p>En t\u00e9rminos econ\u00f3micos, el gasto medio por pernoctaci\u00f3n se estima en 200 \u20ac, lo que se traduce en un impacto econ\u00f3mico global en el territorio, durante la temporada de invierno, de 161 millones de euros. Esto supone un gasto de m\u00e1s de 1,27 millones de euros al d\u00eda a lo largo de los 126 d\u00edas de la temporada de invierno.<\/p>\n<p>En cuanto a la ocupaci\u00f3n hotelera, los datos muestran una evoluci\u00f3n irregular pero globalmente positiva en buena parte de los meses. Enero y febrero han registrado los niveles m\u00e1s altos de ocupaci\u00f3n, con porcentajes por encima del 69 % y 78 % respectivamente. Marzo tambi\u00e9n ha mejorado sus resultados, pasando del 51,74 % en 2025 al 55,83 % en 2026.<\/p>\n<p>En cambio, el mes de diciembre ha mostrado una ligera bajada de la ocupaci\u00f3n en comparaci\u00f3n con el a\u00f1o anterior.<\/p>\n<p>Este conjunto de datos confirma la tendencia de crecimiento del mercado internacional.<\/p>\n<p>Para Josep Canut, conselh\u00e8r de Turismo y Promoci\u00f3n Econ\u00f3mica del Conselh Generau: \u201cLa diversificaci\u00f3n de los mercados emisores y el crecimiento del gasto consolidan el turismo como uno de los pilares econ\u00f3micos del territorio\u201d, a\u00f1adiendo que \u201clos resultados obtenidos refuerzan el atractivo de la Val d\u2019Aran como destino tur\u00edstico\u201d.<\/p>\n<p><em>Vielha, 29 de abril de 2026<\/em><\/p>\n ","protected":false},"excerpt":{"rendered":"<p>Estas cifras reflejan el aumento del mercado internacional, que lidera el crecimiento y consolida su presencia. La temporada de invierno, entre el 1 de diciembre y el 6 de abril, se ha cerrado con un balance muy positivo para el sector tur\u00edstico, registrando un incremento significativo de las pernoctaciones respecto al a\u00f1o anterior. En concreto,&#8230;<\/p>\n","protected":false},"author":2,"featured_media":66935,"comment_status":"closed","ping_status":"closed","sticky":false,"template":"","format":"standard","meta":{"footnotes":""},"categories":[30,52,34,37,137],"tags":[],"_links":{"self":[{"href":"https:\/\/www.conselharan.org\/es\/wp-json\/wp\/v2\/posts\/66944"}],"collection":[{"href":"https:\/\/www.conselharan.org\/es\/wp-json\/wp\/v2\/posts"}],"about":[{"href":"https:\/\/www.conselharan.org\/es\/wp-json\/wp\/v2\/types\/post"}],"author":[{"embeddable":true,"href":"https:\/\/www.conselharan.org\/es\/wp-json\/wp\/v2\/users\/2"}],"replies":[{"embeddable":true,"href":"https:\/\/www.conselharan.org\/es\/wp-json\/wp\/v2\/comments?post=66944"}],"version-history":[{"count":2,"href":"https:\/\/www.conselharan.org\/es\/wp-json\/wp\/v2\/posts\/66944\/revisions"}],"predecessor-version":[{"id":66946,"href":"https:\/\/www.conselharan.org\/es\/wp-json\/wp\/v2\/posts\/66944\/revisions\/66946"}],"wp:featuredmedia":[{"embeddable":true,"href":"https:\/\/www.conselharan.org\/es\/wp-json\/wp\/v2\/media\/66935"}],"wp:attachment":[{"href":"https:\/\/www.conselharan.org\/es\/wp-json\/wp\/v2\/media?parent=66944"}],"wp:term":[{"taxonomy":"category","embeddable":true,"href":"https:\/\/www.conselharan.org\/es\/wp-json\/wp\/v2\/categories?post=66944"},{"taxonomy":"post_tag","embeddable":true,"href":"https:\/\/www.conselharan.org\/es\/wp-json\/wp\/v2\/tags?post=66944"}],"curies":[{"name":"wp","href":"https:\/\/api.w.org\/{rel}","templated":true}]}}