{"id":66971,"date":"2026-04-30T11:51:49","date_gmt":"2026-04-30T09:51:49","guid":{"rendered":"https:\/\/www.conselharan.org\/?p=66971"},"modified":"2026-04-30T11:51:49","modified_gmt":"2026-04-30T09:51:49","slug":"el-conselh-generau-daran-pone-en-marcha-la-campana-aqui-nos-conocemos-aqui-nos-cuidamos-contra-la-violencia-en-el-ocio-nocturno","status":"publish","type":"post","link":"https:\/\/www.conselharan.org\/es\/el-conselh-generau-daran-pone-en-marcha-la-campana-aqui-nos-conocemos-aqui-nos-cuidamos-contra-la-violencia-en-el-ocio-nocturno\/","title":{"rendered":"El Conselh Generau d\u2019Aran pone en marcha la campa\u00f1a \u201cAqu\u00ed nos conocemos, aqu\u00ed nos cuidamos\u201d, contra la violencia en el ocio nocturno"},"content":{"rendered":"<ul>\n<li>\n<h3><strong><a href=\"https:\/\/www.conselharan.org\/es\/el-conselh-generau-daran-pone-en-marcha-la-campana-aqui-nos-conocemos-aqui-nos-cuidamos-contra-la-violencia-en-el-ocio-nocturno\/campanha-oci-nocturn-2\/\" rel=\"attachment wp-att-66965\"><img loading=\"lazy\" decoding=\"async\" class=\"aligncenter size-full wp-image-66965\" src=\"https:\/\/www.conselharan.org\/wp-content\/uploads\/2026\/04\/Campanha-Oci-Nocturn.jpg\" alt=\"\" width=\"642\" height=\"888\" srcset=\"https:\/\/www.conselharan.org\/wp-content\/uploads\/2026\/04\/Campanha-Oci-Nocturn.jpg 642w, https:\/\/www.conselharan.org\/wp-content\/uploads\/2026\/04\/Campanha-Oci-Nocturn-217x300.jpg 217w\" sizes=\"(max-width: 642px) 100vw, 642px\" \/><\/a>La campa\u00f1a incluye mensajes dirigidos, principalmente, a los posibles agresores, y cuenta con material b\u00e1sico exclusivo del Conselh (banderas, paneles, pegatinas y camisetas), as\u00ed como con el apoyo de los diferentes municipios, que exhibir\u00e1n paneles y banderas.<\/strong><\/h3>\n<\/li>\n<li>\n<h3><strong>El primer pueblo en poner en marcha la campa\u00f1a es Salard\u00fa, con la celebraci\u00f3n de la Fiesta Mayor de la Santa Cruz entre el 30 de abril y el 3 de mayo.<\/strong><\/h3>\n<\/li>\n<li>\n<h3><strong>La campa\u00f1a se dar\u00e1 a conocer en las fiestas mayores de verano de toda la Val d\u2019Aran.<\/strong><\/h3>\n<\/li>\n<\/ul>\n<p>Esta semana, el Conselh Generau d\u2019Aran ha estrenado la campa\u00f1a \u201cAqu\u00ed nos conocemos, aqu\u00ed nos cuidamos\u201d, con la que quiere concienciar a la ciudadan\u00eda sobre el rechazo a cualquier tipo de violencia en los espacios de ocio nocturno. La campa\u00f1a incluye mensajes de tolerancia cero ante este tipo de comportamientos y se dirige principalmente a los posibles agresores, con el objetivo de generar conciencia y responsabilidad.<\/p>\n<p>Esta macrocampa\u00f1a consta de dos niveles:<\/p>\n<ul>\n<li>Un nivel b\u00e1sico, liderado por el Conselh Generau d\u2019Aran, que promueve la campa\u00f1a con material general (banderas, paneles, camisetas y pegatinas).<\/li>\n<li>Un nivel complementario, que se asignar\u00e1 a los ayuntamientos adheridos a la campa\u00f1a para que la desarrollen seg\u00fan sus necesidades en verano (cada ayuntamiento decidir\u00e1 c\u00f3mo y d\u00f3nde mostrar el material).<\/li>\n<\/ul>\n<p>La campa\u00f1a quiere romper con el mito de que los acosos forman parte de la acci\u00f3n de ligar. Por eso se potencian frases como \u201cNo es normal tocar sin permiso\u201d o \u201cSi dudas, es no\u201d.<a href=\"https:\/\/www.conselharan.org\/es\/el-conselh-generau-daran-pone-en-marcha-la-campana-aqui-nos-conocemos-aqui-nos-cuidamos-contra-la-violencia-en-el-ocio-nocturno\/campanha-oci-nocturn-1-2\/\" rel=\"attachment wp-att-66962\"><img loading=\"lazy\" decoding=\"async\" class=\"aligncenter size-full wp-image-66962\" src=\"https:\/\/www.conselharan.org\/wp-content\/uploads\/2026\/04\/Campanha-Oci-Nocturn-1.jpg\" alt=\"\" width=\"693\" height=\"972\" srcset=\"https:\/\/www.conselharan.org\/wp-content\/uploads\/2026\/04\/Campanha-Oci-Nocturn-1.jpg 693w, https:\/\/www.conselharan.org\/wp-content\/uploads\/2026\/04\/Campanha-Oci-Nocturn-1-214x300.jpg 214w\" sizes=\"(max-width: 693px) 100vw, 693px\" \/><\/a><\/p>\n<p>Coincidiendo con el inicio de la campa\u00f1a, Salard\u00fa es el primer pueblo que desplegar\u00e1 esta nueva acci\u00f3n, con la celebraci\u00f3n de la Fiesta Mayor de la Santa Cruz, del 30 de abril al 3 de mayo.<\/p>\n<p>A lo largo del verano, esta campa\u00f1a se dar\u00e1 a conocer en las fiestas mayores de la Val d\u2019Aran.<\/p>\n<p>Cabe destacar que otras medidas, como la instalaci\u00f3n de Puntos Lila en las fiestas, han ayudado a lo largo de los a\u00f1os en que llevan en funcionamiento a reducir los datos de agresiones, muchas veces como consecuencia de la alta presencia de alcohol.<\/p>\n<p>\u201cEn el Conselh Generau d\u2019Aran creemos que esta campa\u00f1a de sensibilizaci\u00f3n y concienciaci\u00f3n sobre la no violencia en los espacios de ocio nocturno es una herramienta que ayudar\u00e1 a todos los sectores de la poblaci\u00f3n a no tolerar ning\u00fan tipo de agresi\u00f3n en cualquier fiesta\u201d, ha comentado la consejera de Juventud, Igualdad e Inclusi\u00f3n Social del Gobierno de Aran, Maria Menis. Y ha a\u00f1adido: \u201cqueremos que tanto las mujeres como los hombres disfruten de la fiesta en igualdad y libertad. Somos un territorio peque\u00f1o, donde nos conocemos en gran medida, de manera que es m\u00e1s f\u00e1cil poder identificar a buena parte de los agresores. En este sentido, es fundamental la colaboraci\u00f3n de todos para hacer de los espacios de ocio nocturno espacios seguros\u201d.<\/p>\n<p><em>Vielha, 30 de abril de 2026<\/em><\/p>\n ","protected":false},"excerpt":{"rendered":"<p>La campa\u00f1a incluye mensajes dirigidos, principalmente, a los posibles agresores, y cuenta con material b\u00e1sico exclusivo del Conselh (banderas, paneles, pegatinas y camisetas), as\u00ed como con el apoyo de los diferentes municipios, que exhibir\u00e1n paneles y banderas. El primer pueblo en poner en marcha la campa\u00f1a es Salard\u00fa, con la celebraci\u00f3n de la Fiesta Mayor&#8230;<\/p>\n","protected":false},"author":2,"featured_media":66965,"comment_status":"closed","ping_status":"closed","sticky":false,"template":"","format":"standard","meta":{"footnotes":""},"categories":[30,52,34,798,37],"tags":[],"_links":{"self":[{"href":"https:\/\/www.conselharan.org\/es\/wp-json\/wp\/v2\/posts\/66971"}],"collection":[{"href":"https:\/\/www.conselharan.org\/es\/wp-json\/wp\/v2\/posts"}],"about":[{"href":"https:\/\/www.conselharan.org\/es\/wp-json\/wp\/v2\/types\/post"}],"author":[{"embeddable":true,"href":"https:\/\/www.conselharan.org\/es\/wp-json\/wp\/v2\/users\/2"}],"replies":[{"embeddable":true,"href":"https:\/\/www.conselharan.org\/es\/wp-json\/wp\/v2\/comments?post=66971"}],"version-history":[{"count":2,"href":"https:\/\/www.conselharan.org\/es\/wp-json\/wp\/v2\/posts\/66971\/revisions"}],"predecessor-version":[{"id":66973,"href":"https:\/\/www.conselharan.org\/es\/wp-json\/wp\/v2\/posts\/66971\/revisions\/66973"}],"wp:featuredmedia":[{"embeddable":true,"href":"https:\/\/www.conselharan.org\/es\/wp-json\/wp\/v2\/media\/66965"}],"wp:attachment":[{"href":"https:\/\/www.conselharan.org\/es\/wp-json\/wp\/v2\/media?parent=66971"}],"wp:term":[{"taxonomy":"category","embeddable":true,"href":"https:\/\/www.conselharan.org\/es\/wp-json\/wp\/v2\/categories?post=66971"},{"taxonomy":"post_tag","embeddable":true,"href":"https:\/\/www.conselharan.org\/es\/wp-json\/wp\/v2\/tags?post=66971"}],"curies":[{"name":"wp","href":"https:\/\/api.w.org\/{rel}","templated":true}]}}