{"id":68589,"date":"2026-09-01T10:47:27","date_gmt":"2026-09-01T08:47:27","guid":{"rendered":"https:\/\/www.conselharan.org\/?p=68589"},"modified":"2026-09-01T10:47:27","modified_gmt":"2026-09-01T08:47:27","slug":"la-29-a-cursa-y-caminata-de-los-15-pueblos-vuelve-a-poner-en-valor-los-caminos-tradicionales-de-la-val-daran","status":"publish","type":"post","link":"https:\/\/www.conselharan.org\/es\/la-29-a-cursa-y-caminata-de-los-15-pueblos-vuelve-a-poner-en-valor-los-caminos-tradicionales-de-la-val-daran\/","title":{"rendered":"La 29.\u00aa Cursa y caminata de los 15 pueblos vuelve a poner en valor los caminos tradicionales de la Val d\u2019Aran"},"content":{"rendered":"<ul>\n<li>\n<h3><strong><a href=\"https:\/\/www.conselharan.org\/es\/la-29-a-cursa-y-caminata-de-los-15-pueblos-vuelve-a-poner-en-valor-los-caminos-tradicionales-de-la-val-daran\/whatsapp-image-2026-08-29-at-13-45-08-4-2\/\" rel=\"attachment wp-att-68556\"><img loading=\"lazy\" decoding=\"async\" class=\"aligncenter size-large wp-image-68556\" src=\"https:\/\/www.conselharan.org\/wp-content\/uploads\/2026\/08\/WhatsApp-Image-2026-08-29-at-13.45.08-4-1024x768.jpeg\" alt=\"\" width=\"1024\" height=\"768\" srcset=\"https:\/\/www.conselharan.org\/wp-content\/uploads\/2026\/08\/WhatsApp-Image-2026-08-29-at-13.45.08-4-1024x768.jpeg 1024w, https:\/\/www.conselharan.org\/wp-content\/uploads\/2026\/08\/WhatsApp-Image-2026-08-29-at-13.45.08-4-300x225.jpeg 300w, https:\/\/www.conselharan.org\/wp-content\/uploads\/2026\/08\/WhatsApp-Image-2026-08-29-at-13.45.08-4-768x576.jpeg 768w, https:\/\/www.conselharan.org\/wp-content\/uploads\/2026\/08\/WhatsApp-Image-2026-08-29-at-13.45.08-4-1536x1152.jpeg 1536w, https:\/\/www.conselharan.org\/wp-content\/uploads\/2026\/08\/WhatsApp-Image-2026-08-29-at-13.45.08-4-2048x1536.jpeg 2048w\" sizes=\"(max-width: 1024px) 100vw, 1024px\" \/><\/a>El n\u00famero de inscritos en la edici\u00f3n de este a\u00f1o ha alcanzado los 466 corredores, de los cuales 196 han sido mujeres y 270 hombres.<\/strong><\/h3>\n<\/li>\n<\/ul>\n<p>La Val d\u2019Aran acogi\u00f3 el s\u00e1bado, <strong>29 de agosto<\/strong>, la 29.\u00aa edici\u00f3n de la <strong>Cursa y caminata de los 15 pueblos<\/strong>, una de las pruebas deportivas m\u00e1s arraigadas en el territorio, que combina la pr\u00e1ctica deportiva con el conocimiento y el descubrimiento del patrimonio y de los caminos tradicionales de la Val d\u2019Aran.<a href=\"https:\/\/www.conselharan.org\/es\/la-29-a-cursa-y-caminata-de-los-15-pueblos-vuelve-a-poner-en-valor-los-caminos-tradicionales-de-la-val-daran\/whatsapp-image-2026-08-29-at-13-45-09-2\/\" rel=\"attachment wp-att-68562\"><img loading=\"lazy\" decoding=\"async\" class=\"aligncenter size-large wp-image-68562\" src=\"https:\/\/www.conselharan.org\/wp-content\/uploads\/2026\/08\/WhatsApp-Image-2026-08-29-at-13.45.09-1024x768.jpeg\" alt=\"\" width=\"1024\" height=\"768\" srcset=\"https:\/\/www.conselharan.org\/wp-content\/uploads\/2026\/08\/WhatsApp-Image-2026-08-29-at-13.45.09-1024x768.jpeg 1024w, https:\/\/www.conselharan.org\/wp-content\/uploads\/2026\/08\/WhatsApp-Image-2026-08-29-at-13.45.09-300x225.jpeg 300w, https:\/\/www.conselharan.org\/wp-content\/uploads\/2026\/08\/WhatsApp-Image-2026-08-29-at-13.45.09-768x576.jpeg 768w, https:\/\/www.conselharan.org\/wp-content\/uploads\/2026\/08\/WhatsApp-Image-2026-08-29-at-13.45.09-1536x1152.jpeg 1536w, https:\/\/www.conselharan.org\/wp-content\/uploads\/2026\/08\/WhatsApp-Image-2026-08-29-at-13.45.09-2048x1536.jpeg 2048w\" sizes=\"(max-width: 1024px) 100vw, 1024px\" \/><\/a><\/p>\n<p>La carrera m\u00e1s larga ten\u00eda un recorrido de <strong>21,5 kil\u00f3metros y 1.132 metros de desnivel positivo<\/strong>, pero el programa tambi\u00e9n inclu\u00eda diferentes propuestas adaptadas a otros perfiles de participantes: la <strong>caminata de 15 kil\u00f3metros<\/strong>, el <strong>Trofeo Arturo Riba<\/strong>, de 11 kil\u00f3metros, y la <strong>Cursa y caminata Trofeo Roland Gin\u00e9<\/strong>, de 5 kil\u00f3metros.<\/p>\n<p>El n\u00famero de inscritos en la edici\u00f3n de este a\u00f1o ha alcanzado los <strong>466 corredores<\/strong>, de los cuales <strong>196 han sido mujeres y 270 hombres<\/strong>.<a href=\"https:\/\/www.conselharan.org\/es\/la-29-a-cursa-y-caminata-de-los-15-pueblos-vuelve-a-poner-en-valor-los-caminos-tradicionales-de-la-val-daran\/whatsapp-image-2026-08-29-at-13-45-08-3-2\/\" rel=\"attachment wp-att-68565\"><img loading=\"lazy\" decoding=\"async\" class=\"aligncenter size-large wp-image-68565\" src=\"https:\/\/www.conselharan.org\/wp-content\/uploads\/2026\/08\/WhatsApp-Image-2026-08-29-at-13.45.08-3-1024x768.jpeg\" alt=\"\" width=\"1024\" height=\"768\" srcset=\"https:\/\/www.conselharan.org\/wp-content\/uploads\/2026\/08\/WhatsApp-Image-2026-08-29-at-13.45.08-3-1024x768.jpeg 1024w, https:\/\/www.conselharan.org\/wp-content\/uploads\/2026\/08\/WhatsApp-Image-2026-08-29-at-13.45.08-3-300x225.jpeg 300w, https:\/\/www.conselharan.org\/wp-content\/uploads\/2026\/08\/WhatsApp-Image-2026-08-29-at-13.45.08-3-768x576.jpeg 768w, https:\/\/www.conselharan.org\/wp-content\/uploads\/2026\/08\/WhatsApp-Image-2026-08-29-at-13.45.08-3-1536x1152.jpeg 1536w, https:\/\/www.conselharan.org\/wp-content\/uploads\/2026\/08\/WhatsApp-Image-2026-08-29-at-13.45.08-3-2048x1536.jpeg 2048w\" sizes=\"(max-width: 1024px) 100vw, 1024px\" \/><\/a><\/p>\n<p>Con salida en <strong>Es B\u00f2rdes<\/strong> y con recorridos que atraviesan diferentes pueblos y espacios del valle, la prueba se ha consolidado como una de las citas importantes del calendario deportivo aran\u00e9s y como una actividad que permite descubrir el territorio desde una perspectiva diferente.<a href=\"https:\/\/www.conselharan.org\/es\/la-29-a-cursa-y-caminata-de-los-15-pueblos-vuelve-a-poner-en-valor-los-caminos-tradicionales-de-la-val-daran\/whatsapp-image-2026-08-29-at-13-45-08-2-2\/\" rel=\"attachment wp-att-68568\"><img loading=\"lazy\" decoding=\"async\" class=\"aligncenter size-large wp-image-68568\" src=\"https:\/\/www.conselharan.org\/wp-content\/uploads\/2026\/08\/WhatsApp-Image-2026-08-29-at-13.45.08-2-1024x768.jpeg\" alt=\"\" width=\"1024\" height=\"768\" srcset=\"https:\/\/www.conselharan.org\/wp-content\/uploads\/2026\/08\/WhatsApp-Image-2026-08-29-at-13.45.08-2-1024x768.jpeg 1024w, https:\/\/www.conselharan.org\/wp-content\/uploads\/2026\/08\/WhatsApp-Image-2026-08-29-at-13.45.08-2-300x225.jpeg 300w, https:\/\/www.conselharan.org\/wp-content\/uploads\/2026\/08\/WhatsApp-Image-2026-08-29-at-13.45.08-2-768x576.jpeg 768w, https:\/\/www.conselharan.org\/wp-content\/uploads\/2026\/08\/WhatsApp-Image-2026-08-29-at-13.45.08-2-1536x1152.jpeg 1536w, https:\/\/www.conselharan.org\/wp-content\/uploads\/2026\/08\/WhatsApp-Image-2026-08-29-at-13.45.08-2-2048x1536.jpeg 2048w\" sizes=\"(max-width: 1024px) 100vw, 1024px\" \/><\/a><\/p>\n<p>La 29.\u00aa edici\u00f3n ha vuelto a reivindicar el valor de los <strong>caminos tradicionales de la Val d\u2019Aran<\/strong> como espacios de pr\u00e1ctica deportiva, de conexi\u00f3n entre los pueblos y de descubrimiento del patrimonio natural y cultural aran\u00e9s.<a href=\"https:\/\/www.conselharan.org\/es\/la-29-a-cursa-y-caminata-de-los-15-pueblos-vuelve-a-poner-en-valor-los-caminos-tradicionales-de-la-val-daran\/whatsapp-image-2026-08-29-at-13-45-09-1-2\/\" rel=\"attachment wp-att-68559\"><img loading=\"lazy\" decoding=\"async\" class=\"aligncenter size-large wp-image-68559\" src=\"https:\/\/www.conselharan.org\/wp-content\/uploads\/2026\/08\/WhatsApp-Image-2026-08-29-at-13.45.09-1-1024x768.jpeg\" alt=\"\" width=\"1024\" height=\"768\" srcset=\"https:\/\/www.conselharan.org\/wp-content\/uploads\/2026\/08\/WhatsApp-Image-2026-08-29-at-13.45.09-1-1024x768.jpeg 1024w, https:\/\/www.conselharan.org\/wp-content\/uploads\/2026\/08\/WhatsApp-Image-2026-08-29-at-13.45.09-1-300x225.jpeg 300w, https:\/\/www.conselharan.org\/wp-content\/uploads\/2026\/08\/WhatsApp-Image-2026-08-29-at-13.45.09-1-768x576.jpeg 768w, https:\/\/www.conselharan.org\/wp-content\/uploads\/2026\/08\/WhatsApp-Image-2026-08-29-at-13.45.09-1-1536x1152.jpeg 1536w, https:\/\/www.conselharan.org\/wp-content\/uploads\/2026\/08\/WhatsApp-Image-2026-08-29-at-13.45.09-1-2048x1536.jpeg 2048w\" sizes=\"(max-width: 1024px) 100vw, 1024px\" \/><\/a><\/p>\n<p>Los resultados y las clasificaciones de la prueba se pueden consultar en la plataforma oficial de <strong>Sportmaniacs<\/strong>.<\/p>\n<p><em>Vielha, 31 de agosto de 2026<\/em><\/p>\n ","protected":false},"excerpt":{"rendered":"<p>El n\u00famero de inscritos en la edici\u00f3n de este a\u00f1o ha alcanzado los 466 corredores, de los cuales 196 han sido mujeres y 270 hombres. La Val d\u2019Aran acogi\u00f3 el s\u00e1bado, 29 de agosto, la 29.\u00aa edici\u00f3n de la Cursa y caminata de los 15 pueblos, una de las pruebas deportivas m\u00e1s arraigadas en el&#8230;<\/p>\n","protected":false},"author":2,"featured_media":68559,"comment_status":"closed","ping_status":"closed","sticky":false,"template":"","format":"standard","meta":{"footnotes":""},"categories":[30,135,52,34,37],"tags":[],"_links":{"self":[{"href":"https:\/\/www.conselharan.org\/es\/wp-json\/wp\/v2\/posts\/68589"}],"collection":[{"href":"https:\/\/www.conselharan.org\/es\/wp-json\/wp\/v2\/posts"}],"about":[{"href":"https:\/\/www.conselharan.org\/es\/wp-json\/wp\/v2\/types\/post"}],"author":[{"embeddable":true,"href":"https:\/\/www.conselharan.org\/es\/wp-json\/wp\/v2\/users\/2"}],"replies":[{"embeddable":true,"href":"https:\/\/www.conselharan.org\/es\/wp-json\/wp\/v2\/comments?post=68589"}],"version-history":[{"count":2,"href":"https:\/\/www.conselharan.org\/es\/wp-json\/wp\/v2\/posts\/68589\/revisions"}],"predecessor-version":[{"id":68591,"href":"https:\/\/www.conselharan.org\/es\/wp-json\/wp\/v2\/posts\/68589\/revisions\/68591"}],"wp:featuredmedia":[{"embeddable":true,"href":"https:\/\/www.conselharan.org\/es\/wp-json\/wp\/v2\/media\/68559"}],"wp:attachment":[{"href":"https:\/\/www.conselharan.org\/es\/wp-json\/wp\/v2\/media?parent=68589"}],"wp:term":[{"taxonomy":"category","embeddable":true,"href":"https:\/\/www.conselharan.org\/es\/wp-json\/wp\/v2\/categories?post=68589"},{"taxonomy":"post_tag","embeddable":true,"href":"https:\/\/www.conselharan.org\/es\/wp-json\/wp\/v2\/tags?post=68589"}],"curies":[{"name":"wp","href":"https:\/\/api.w.org\/{rel}","templated":true}]}}