{"id":68607,"date":"2026-09-01T16:15:05","date_gmt":"2026-09-01T14:15:05","guid":{"rendered":"https:\/\/www.conselharan.org\/?p=68607"},"modified":"2026-09-01T16:15:07","modified_gmt":"2026-09-01T14:15:07","slug":"se-inician-las-pruebas-de-las-certificaciones-de-aranes-occitano-de-la-convocatoria-de-septiembre-del-curso-2025-2026","status":"publish","type":"post","link":"https:\/\/www.conselharan.org\/es\/se-inician-las-pruebas-de-las-certificaciones-de-aranes-occitano-de-la-convocatoria-de-septiembre-del-curso-2025-2026\/","title":{"rendered":"Se inician las pruebas de las certificaciones de aran\u00e9s\/occitano de la convocatoria de septiembre del curso 2025-2026"},"content":{"rendered":"<ul>\n<li>\n<h3><a href=\"https:\/\/www.conselharan.org\/es\/se-inician-las-pruebas-de-las-certificaciones-de-aranes-occitano-de-la-convocatoria-de-septiembre-del-curso-2025-2026\/proves-aranes-25-26-3\/\" rel=\"attachment wp-att-68601\"><img loading=\"lazy\" decoding=\"async\" class=\"aligncenter size-large wp-image-68601\" src=\"https:\/\/www.conselharan.org\/wp-content\/uploads\/2026\/09\/Proves-aranes-25-26-1024x768.jpeg\" alt=\"\" width=\"1024\" height=\"768\" srcset=\"https:\/\/www.conselharan.org\/wp-content\/uploads\/2026\/09\/Proves-aranes-25-26-1024x768.jpeg 1024w, https:\/\/www.conselharan.org\/wp-content\/uploads\/2026\/09\/Proves-aranes-25-26-300x225.jpeg 300w, https:\/\/www.conselharan.org\/wp-content\/uploads\/2026\/09\/Proves-aranes-25-26-768x576.jpeg 768w, https:\/\/www.conselharan.org\/wp-content\/uploads\/2026\/09\/Proves-aranes-25-26-1536x1152.jpeg 1536w, https:\/\/www.conselharan.org\/wp-content\/uploads\/2026\/09\/Proves-aranes-25-26.jpeg 1600w\" sizes=\"(max-width: 1024px) 100vw, 1024px\" \/><\/a>El Conselh Generau d\u2019Aran ha iniciado hoy los ex\u00e1menes de la segunda convocatoria, de los niveles A1 al C1, en Vielha y de manera presencial.<\/h3>\n<\/li>\n<\/ul>\n<p>Hoy han comenzado las pruebas oficiales para la obtenci\u00f3n de los certificados de aran\u00e9s\/occitano del Departamento de Cultura y Lengua del Conselh Generau d\u2019Aran correspondientes a la convocatoria de septiembre del curso 2025-2026. La jornada inaugural se ha iniciado con las pruebas escritas y orales de los niveles A1 y A2 en la sede del Gobierno de Aran, en Vielha, de manera presencial.<a href=\"https:\/\/www.conselharan.org\/es\/se-inician-las-pruebas-de-las-certificaciones-de-aranes-occitano-de-la-convocatoria-de-septiembre-del-curso-2025-2026\/proves-aranes-25-26-2-2\/\" rel=\"attachment wp-att-68595\"><img loading=\"lazy\" decoding=\"async\" class=\"aligncenter size-large wp-image-68595\" src=\"https:\/\/www.conselharan.org\/wp-content\/uploads\/2026\/09\/Proves-aranes-25-26-2-768x1024.png\" alt=\"\" width=\"768\" height=\"1024\" srcset=\"https:\/\/www.conselharan.org\/wp-content\/uploads\/2026\/09\/Proves-aranes-25-26-2-768x1024.png 768w, https:\/\/www.conselharan.org\/wp-content\/uploads\/2026\/09\/Proves-aranes-25-26-2-225x300.png 225w, https:\/\/www.conselharan.org\/wp-content\/uploads\/2026\/09\/Proves-aranes-25-26-2.png 1086w\" sizes=\"(max-width: 768px) 100vw, 768px\" \/><\/a><\/p>\n<p>A lo largo de esta segunda convocatoria, que se lleva a cabo entre el 1 y el 4 de septiembre de 2026, se realizar\u00e1n los ex\u00e1menes de los niveles A1, A2, B1, B2 y C1. Cabe remarcar que las pruebas escritas y orales se realizan de manera presencial en la sede del gobierno aran\u00e9s.<a href=\"https:\/\/www.conselharan.org\/es\/se-inician-las-pruebas-de-las-certificaciones-de-aranes-occitano-de-la-convocatoria-de-septiembre-del-curso-2025-2026\/proves-aranes-25-26-1-2\/\" rel=\"attachment wp-att-68598\"><img loading=\"lazy\" decoding=\"async\" class=\"aligncenter size-large wp-image-68598\" src=\"https:\/\/www.conselharan.org\/wp-content\/uploads\/2026\/09\/Proves-aranes-25-26-1-1024x768.jpeg\" alt=\"\" width=\"1024\" height=\"768\" srcset=\"https:\/\/www.conselharan.org\/wp-content\/uploads\/2026\/09\/Proves-aranes-25-26-1-1024x768.jpeg 1024w, https:\/\/www.conselharan.org\/wp-content\/uploads\/2026\/09\/Proves-aranes-25-26-1-300x225.jpeg 300w, https:\/\/www.conselharan.org\/wp-content\/uploads\/2026\/09\/Proves-aranes-25-26-1-768x576.jpeg 768w, https:\/\/www.conselharan.org\/wp-content\/uploads\/2026\/09\/Proves-aranes-25-26-1-1536x1152.jpeg 1536w, https:\/\/www.conselharan.org\/wp-content\/uploads\/2026\/09\/Proves-aranes-25-26-1.jpeg 1600w\" sizes=\"(max-width: 1024px) 100vw, 1024px\" \/><\/a><\/p>\n<p>El Conselh Generau d\u2019Aran ha puesto en valor \u201cel incremento del inter\u00e9s por la formaci\u00f3n y las certificaciones de aran\u00e9s, ya que en esta convocatoria cuenta con un total de unos cuarenta alumnos que se examinan\u201d.<\/p>\n<p>Toda la informaci\u00f3n sobre los certificados se podr\u00e1 consultar en la web oficial: aranes.conselharan.org<\/p>\n<p><em>Vielha, 1 de septiembre de 2026<\/em><\/p>\n ","protected":false},"excerpt":{"rendered":"<p>El Conselh Generau d\u2019Aran ha iniciado hoy los ex\u00e1menes de la segunda convocatoria, de los niveles A1 al C1, en Vielha y de manera presencial. Hoy han comenzado las pruebas oficiales para la obtenci\u00f3n de los certificados de aran\u00e9s\/occitano del Departamento de Cultura y Lengua del Conselh Generau d\u2019Aran correspondientes a la convocatoria de septiembre&#8230;<\/p>\n","protected":false},"author":2,"featured_media":68595,"comment_status":"closed","ping_status":"closed","sticky":false,"template":"","format":"standard","meta":{"footnotes":""},"categories":[30,795,52,132,34,37],"tags":[],"_links":{"self":[{"href":"https:\/\/www.conselharan.org\/es\/wp-json\/wp\/v2\/posts\/68607"}],"collection":[{"href":"https:\/\/www.conselharan.org\/es\/wp-json\/wp\/v2\/posts"}],"about":[{"href":"https:\/\/www.conselharan.org\/es\/wp-json\/wp\/v2\/types\/post"}],"author":[{"embeddable":true,"href":"https:\/\/www.conselharan.org\/es\/wp-json\/wp\/v2\/users\/2"}],"replies":[{"embeddable":true,"href":"https:\/\/www.conselharan.org\/es\/wp-json\/wp\/v2\/comments?post=68607"}],"version-history":[{"count":2,"href":"https:\/\/www.conselharan.org\/es\/wp-json\/wp\/v2\/posts\/68607\/revisions"}],"predecessor-version":[{"id":68609,"href":"https:\/\/www.conselharan.org\/es\/wp-json\/wp\/v2\/posts\/68607\/revisions\/68609"}],"wp:featuredmedia":[{"embeddable":true,"href":"https:\/\/www.conselharan.org\/es\/wp-json\/wp\/v2\/media\/68595"}],"wp:attachment":[{"href":"https:\/\/www.conselharan.org\/es\/wp-json\/wp\/v2\/media?parent=68607"}],"wp:term":[{"taxonomy":"category","embeddable":true,"href":"https:\/\/www.conselharan.org\/es\/wp-json\/wp\/v2\/categories?post=68607"},{"taxonomy":"post_tag","embeddable":true,"href":"https:\/\/www.conselharan.org\/es\/wp-json\/wp\/v2\/tags?post=68607"}],"curies":[{"name":"wp","href":"https:\/\/api.w.org\/{rel}","templated":true}]}}