{"id":7075,"date":"2015-04-21T13:40:01","date_gmt":"2015-04-21T11:40:01","guid":{"rendered":"http:\/\/www.conselharan.org\/?p=7075"},"modified":"2015-04-21T13:40:01","modified_gmt":"2015-04-21T11:40:01","slug":"podios-araneses-en-el-campeonato-de-espana-u14-u16-de-sierra-nevada","status":"publish","type":"post","link":"https:\/\/www.conselharan.org\/es\/podios-araneses-en-el-campeonato-de-espana-u14-u16-de-sierra-nevada\/","title":{"rendered":"Podios araneses en el Campeonato de Espa\u00f1a u14-u16 de Sierra Nevada"},"content":{"rendered":"<p><strong>Del 17 al 19 de abril se celebraron en Sierra Nevada los Campeonatos de Espa\u00f1a de esqu\u00ed alpino para las categor\u00edas u-16 y u-14.<\/strong><\/p>\n<p><strong>Podios de los araneses: Peir C\u00f3nsul (CAEI), Carmela Olmo (CAEI), Marc Montes (CEVA) y Octavi Aris (CAEI)<\/strong><\/p>\n<p><a href=\"http:\/\/www.conselharan.org\/wp-content\/uploads\/2015\/04\/CARMELA-OLMOS-FCEH.jpg\"><img loading=\"lazy\" decoding=\"async\" class=\"aligncenter size-full wp-image-7069\" src=\"http:\/\/www.conselharan.org\/wp-content\/uploads\/2015\/04\/CARMELA-OLMOS-FCEH.jpg\" alt=\"CARMELA OLMOS-FCEH\" width=\"960\" height=\"720\" srcset=\"https:\/\/www.conselharan.org\/wp-content\/uploads\/2015\/04\/CARMELA-OLMOS-FCEH.jpg 960w, https:\/\/www.conselharan.org\/wp-content\/uploads\/2015\/04\/CARMELA-OLMOS-FCEH-300x225.jpg 300w\" sizes=\"(max-width: 960px) 100vw, 960px\" \/><\/a><em>Carmela Olmo, tercera del Campeonato de Espa\u00f1a U16. Foto: FCEH<\/em><\/p>\n<p>&nbsp;<\/p>\n<p>El primer d\u00eda de competici\u00f3n de estos Campeonatos de Espa\u00f1a de esqu\u00ed alpino u-14 y u-16 se celebr\u00f3 la prueba de S\u00faper Gigante. En u-16 masculino destacamos el podio logrado por el aran\u00e9s, <strong>Marc Montes<\/strong>, del <strong>CEVA<\/strong>, que se proclam\u00f3 subcampe\u00f3n. En cuanto al podio u-16 femenino, destara a la deportista aranesa del <strong>CAEI, Carmela Olmo<\/strong>, que obtuvo la 3\u00aa posici\u00f3n. En u-14 masculino, destacar al aran\u00e9s, <strong>Octavi Aris,<\/strong> del <strong>CAEI<\/strong>, que se proclam\u00f3 subcampe\u00f3n de Espa\u00f1a. En u-14 femenino el podio destacado fue la segunda posici\u00f3n de Lisa Vallcorba del CEVA.<\/p>\n<p>El segundo d\u00eda de competici\u00f3n se celebr\u00f3 la prueba de Gigante. En u-16 masculino, el deportista aran\u00e9s, <strong>Marc Montes<\/strong>, del <strong>CEVA,<\/strong> se proclam\u00f3 3r clasificado de Espa\u00f1a de la disciplina. En u-14 femenino, dos de los 3 lugares del podio fueron para deportistas catalanas. Carlota Pomes del CAEI y Jana Suau se proclamaron subcampeona de Espa\u00f1a y 3\u00aa clasificada, respectivamente.<\/p>\n<p>&nbsp;<\/p>\n<p><a href=\"http:\/\/www.conselharan.org\/wp-content\/uploads\/2015\/04\/PEIR-CONSUL-FCEH.jpg\"><img loading=\"lazy\" decoding=\"async\" class=\"aligncenter size-full wp-image-7070\" src=\"http:\/\/www.conselharan.org\/wp-content\/uploads\/2015\/04\/PEIR-CONSUL-FCEH.jpg\" alt=\"PEIR CONSUL- FCEH\" width=\"960\" height=\"720\" srcset=\"https:\/\/www.conselharan.org\/wp-content\/uploads\/2015\/04\/PEIR-CONSUL-FCEH.jpg 960w, https:\/\/www.conselharan.org\/wp-content\/uploads\/2015\/04\/PEIR-CONSUL-FCEH-300x225.jpg 300w\" sizes=\"(max-width: 960px) 100vw, 960px\" \/><\/a><em>Peir C\u00f3nsul, tercer clasificado de Espa\u00f1a U14. Foto: FCEH<\/em><\/p>\n<p>El tercero y \u00faltimo d\u00eda de competici\u00f3n se celebr\u00f3 el Slalom, en cuanto a la clasificaci\u00f3n de la combinada (SG + SL), la aranesa del <strong>CAEI, Carmela Olmo<\/strong>, obtuvo la 3\u00aa posici\u00f3n en mujeres u-16. En u-14, destacar al aran\u00e9s del <strong>CAEI, Peir C\u00f3nsul,<\/strong> que se proclam\u00f3 3r clasificado de Espa\u00f1a. Alvaro Chalbaud, del CAEI, fue el primero. En la combinada femenina, Ana Vidaor del CAEI, se proclam\u00f3 campeona de Espa\u00f1a.<\/p>\n ","protected":false},"excerpt":{"rendered":"<p>Del 17 al 19 de abril se celebraron en Sierra Nevada los Campeonatos de Espa\u00f1a de esqu\u00ed alpino para las categor\u00edas u-16 y u-14. Podios de los araneses: Peir C\u00f3nsul (CAEI), Carmela Olmo (CAEI), Marc Montes (CEVA) y Octavi Aris (CAEI) Carmela Olmo, tercera del Campeonato de Espa\u00f1a U16. Foto: FCEH &nbsp; El primer d\u00eda&#8230;<\/p>\n","protected":false},"author":2,"featured_media":7070,"comment_status":"closed","ping_status":"closed","sticky":false,"template":"","format":"standard","meta":{"footnotes":""},"categories":[30,34,37],"tags":[],"_links":{"self":[{"href":"https:\/\/www.conselharan.org\/es\/wp-json\/wp\/v2\/posts\/7075"}],"collection":[{"href":"https:\/\/www.conselharan.org\/es\/wp-json\/wp\/v2\/posts"}],"about":[{"href":"https:\/\/www.conselharan.org\/es\/wp-json\/wp\/v2\/types\/post"}],"author":[{"embeddable":true,"href":"https:\/\/www.conselharan.org\/es\/wp-json\/wp\/v2\/users\/2"}],"replies":[{"embeddable":true,"href":"https:\/\/www.conselharan.org\/es\/wp-json\/wp\/v2\/comments?post=7075"}],"version-history":[{"count":1,"href":"https:\/\/www.conselharan.org\/es\/wp-json\/wp\/v2\/posts\/7075\/revisions"}],"predecessor-version":[{"id":7076,"href":"https:\/\/www.conselharan.org\/es\/wp-json\/wp\/v2\/posts\/7075\/revisions\/7076"}],"wp:featuredmedia":[{"embeddable":true,"href":"https:\/\/www.conselharan.org\/es\/wp-json\/wp\/v2\/media\/7070"}],"wp:attachment":[{"href":"https:\/\/www.conselharan.org\/es\/wp-json\/wp\/v2\/media?parent=7075"}],"wp:term":[{"taxonomy":"category","embeddable":true,"href":"https:\/\/www.conselharan.org\/es\/wp-json\/wp\/v2\/categories?post=7075"},{"taxonomy":"post_tag","embeddable":true,"href":"https:\/\/www.conselharan.org\/es\/wp-json\/wp\/v2\/tags?post=7075"}],"curies":[{"name":"wp","href":"https:\/\/api.w.org\/{rel}","templated":true}]}}